{"id":526,"date":"2021-12-13T16:42:13","date_gmt":"2021-12-13T15:42:13","guid":{"rendered":"https:\/\/wspomozycielka-lodz.pl\/?p=526"},"modified":"2021-12-13T16:42:14","modified_gmt":"2021-12-13T15:42:14","slug":"intencje-mszalne-12-18-12-2021","status":"publish","type":"post","link":"https:\/\/wspomozycielka-lodz.pl\/?p=526","title":{"rendered":"INTENCJE MSZALNE (12-18.12.2021)"},"content":{"rendered":"\n<p><strong>Niedziela<\/strong><\/p>\n\n\n\n<p><a>8.30&nbsp;&nbsp;&nbsp; <\/a>W intencji przeb\u0142agalnej za grzechy Joanny, jej rodziny, krewnych i wszystkich przodk\u00f3w (11)<\/p>\n\n\n\n<p>8.30&nbsp;&nbsp;&nbsp; Dzi\u0119kczynno-b\u0142agalna w intencji Micha\u0142a przez wstawiennictwo Matki Bo\u017cej i \u015bw. J\u00f3zefa z pro\u015bb\u0105 o Bo\u017ce b\u0142ogos\u0142awie\u0144stwo i wype\u0142nienie woli Bo\u017cej w \u017cyciu jego i rodziny<\/p>\n\n\n\n<p>8.30&nbsp;&nbsp;&nbsp; Intencja do dyspozycji Tr\u00f3jcy \u015awi\u0119tej<\/p>\n\n\n\n<p>8.30&nbsp;&nbsp;&nbsp; W intencji Aleksandra B\u0142awata z okazji imienin<\/p>\n\n\n\n<p>10.00&nbsp; + Hanna G\u00f3rkowska, gr. 26<\/p>\n\n\n\n<p>10.00&nbsp; O uzdrowienie Jacka<\/p>\n\n\n\n<p>10.00&nbsp; W intencji Barbary Borkowskiej z okazji imienin i urodzin o wszelkie potrzebne \u0142aski<\/p>\n\n\n\n<p>10.00&nbsp; W intencji Aleksandry o Bo\u017ce b\u0142ogos\u0142awie\u0144stwo, potrzebne \u0142aski i opiek\u0119 Matki Bo\u017ce z okazji imienin<\/p>\n\n\n\n<p>11.30&nbsp; W intencji Salezjan\u00f3w Wsp\u00f3\u0142pracownik\u00f3w, a szczeg\u00f3lnie solenizant\u00f3w<\/p>\n\n\n\n<p>11.30&nbsp; + Tadeusz Janeczek<\/p>\n\n\n\n<p>18.00&nbsp; + Tadeusz Warcho\u0142, gr. 7<\/p>\n\n\n\n<p><strong>Poniedzia\u0142ek<\/strong><\/p>\n\n\n\n<p><a>6.30&nbsp;&nbsp;&nbsp; <\/a>O uzdrowienie Jacka<\/p>\n\n\n\n<p>6.30&nbsp;&nbsp;&nbsp; + ks. Stanis\u0142aw Hajkowski (<em>int. od dyrekcji i nauczycieli ZSS<\/em>)<\/p>\n\n\n\n<p>6.30&nbsp;&nbsp;&nbsp; + Edward (ojciec) i Edward (syn) Sapunowie<\/p>\n\n\n\n<p>7.30&nbsp;&nbsp;&nbsp; Dzi\u0119kczynno-b\u0142agalna w intencji Micha\u0142a przez wstawiennictwo Matki Bo\u017cej i \u015bw. J\u00f3zefa z pro\u015bb\u0105 o Bo\u017ce b\u0142ogos\u0142awie\u0144stwo i wype\u0142nienie woli Bo\u017cej w \u017cyciu jego i rodziny<\/p>\n\n\n\n<p>7.30&nbsp;&nbsp;&nbsp; + Hanna G\u00f3rkowska, gr. 27<\/p>\n\n\n\n<p>7.30&nbsp;&nbsp;&nbsp; + Tadeusz Warcho\u0142, gr. 8<\/p>\n\n\n\n<p>18.00&nbsp; W intencji przeb\u0142agalnej za grzechy Joanny, jej rodziny, krewnych i wszystkich przodk\u00f3w (12)<\/p>\n\n\n\n<p><strong>Wtorek<\/strong><\/p>\n\n\n\n<p>7.30&nbsp;&nbsp;&nbsp; O uzdrowienie Jacka<\/p>\n\n\n\n<p>7.30&nbsp;&nbsp;&nbsp; + Hanna G\u00f3rkowska, gr. 28<\/p>\n\n\n\n<p>7.30&nbsp;&nbsp;&nbsp; + Tadeusz Warcho\u0142, gr. 9<\/p>\n\n\n\n<p>18.00&nbsp; W intencji przeb\u0142agalnej za grzechy Joanny, jej rodziny, krewnych i wszystkich przodk\u00f3w (13)<\/p>\n\n\n\n<p>18.00&nbsp; W intencji Janiny Bielobradek o \u0142ask\u0119 zdrowia, potrzebne \u0142aski i opiek\u0119 Matki Bo\u017cej z okazji urodzin<\/p>\n\n\n\n<p>18.00&nbsp; + ks. Stanis\u0142aw Hajkowski<\/p>\n\n\n\n<p><strong>\u015aroda<\/strong><\/p>\n\n\n\n<p>7.30&nbsp;&nbsp;&nbsp; + Hanna G\u00f3rkowska, gr. 29<\/p>\n\n\n\n<p>7.30&nbsp;&nbsp;&nbsp; + Tadeusz Warcho\u0142, gr. 10<\/p>\n\n\n\n<p>7.30&nbsp;&nbsp;&nbsp; W intencji maturzyst\u00f3w z 2021 roku o potrzebne \u0142aski dla nich<\/p>\n\n\n\n<p>18.00&nbsp; W intencji przeb\u0142agalnej za grzechy Joanny, jej rodziny, krewnych i wszystkich przodk\u00f3w (14)<\/p>\n\n\n\n<p>18.00&nbsp; + Jaros\u0142aw Daszkiewicz (25 rocz. \u015bm.)<\/p>\n\n\n\n<p>18.00&nbsp; + Zdzis\u0142aw, W\u0142adys\u0142awa (f), Jan Jamia\u0142kowscy; Maria, Eugeniusz Hajkowscy i ich zmarli rodzice<\/p>\n\n\n\n<p><strong>Czwartek<\/strong><\/p>\n\n\n\n<p>7.30&nbsp;&nbsp;&nbsp; + Hanna G\u00f3rkowska, gr. 30<\/p>\n\n\n\n<p>7.30&nbsp;&nbsp;&nbsp; + Tadeusz Warcho\u0142, gr. 11<\/p>\n\n\n\n<p>18.00&nbsp; W intencji przeb\u0142agalnej za grzechy Joanny, jej rodziny, krewnych i wszystkich przodk\u00f3w (15)<\/p>\n\n\n\n<p>18.00&nbsp; + Aleksandra Siewruk, Krzysztof Liszka<\/p>\n\n\n\n<p>18.00&nbsp; Dzi\u0119kczynno-b\u0142agalna przez Maryj\u0119 Niepokalan\u0105 o Bo\u017ce b\u0142ogos\u0142awie\u0144stwo dla sklepu i klient\u00f3w<\/p>\n\n\n\n<p>18.00&nbsp; + Krystyna i Henryk Karos<\/p>\n\n\n\n<p><strong>Pi\u0105tek<\/strong><\/p>\n\n\n\n<p>7.30&nbsp;&nbsp;&nbsp; + Tadeusz Warcho\u0142, gr. 12<\/p>\n\n\n\n<p>7.30&nbsp;&nbsp;&nbsp; + ks. Stanis\u0142aw Hajkowski (<em>int. od dyrekcji i nauczycieli ZSS<\/em>)<\/p>\n\n\n\n<p>7.30&nbsp;&nbsp;&nbsp; + Hanna G\u00f3rkowska<\/p>\n\n\n\n<p>18.00&nbsp; W intencji przeb\u0142agalnej za grzechy Joanny, jej rodziny, krewnych i wszystkich przodk\u00f3w (16)<\/p>\n\n\n\n<p>18.00&nbsp; + Ewa K\u0119dzia (<em>od Teresy Wo\u017aniak z rodzin\u0105<\/em>)<\/p>\n\n\n\n<p>18.00&nbsp; + W\u0142adys\u0142aw Borysiak<\/p>\n\n\n\n<p><strong>Sobota<\/strong><\/p>\n\n\n\n<p>7.30&nbsp;&nbsp;&nbsp; W intencji przeb\u0142agalnej za grzechy Joanny, jej rodziny, krewnych i wszystkich przodk\u00f3w (17)<\/p>\n\n\n\n<p>7.30&nbsp;&nbsp;&nbsp; + Wac\u0142aw i Wac\u0142awa (f) Sanik<\/p>\n\n\n\n<p>7.30\u00a0\u00a0\u00a0 + Tadeusz Warcho\u0142, gr. 13 <\/p>\n\n\n\n<p>18.00\u00a0 W intencji Ma\u0142gorzaty o Bo\u017ce b\u0142ogos\u0142awie\u0144stwo z okazji urodzin<\/p>\n","protected":false},"excerpt":{"rendered":"<p>Niedziela 8.30&nbsp;&nbsp;&nbsp; W intencji przeb\u0142agalnej za grzechy Joanny, jej rodziny, krewnych i wszystkich przodk\u00f3w (11) 8.30&nbsp;&nbsp;&nbsp; Dzi\u0119kczynno-b\u0142agalna w intencji Micha\u0142a przez wstawiennictwo Matki Bo\u017cej i \u015bw. J\u00f3zefa z pro\u015bb\u0105 o Bo\u017ce b\u0142ogos\u0142awie\u0144stwo i wype\u0142nienie woli Bo\u017cej w \u017cyciu jego i rodziny 8.30&nbsp;&nbsp;&nbsp; Intencja do dyspozycji Tr\u00f3jcy \u015awi\u0119tej 8.30&nbsp;&nbsp;&nbsp; W intencji [&hellip;]<\/p>\n","protected":false},"author":2,"featured_media":321,"comment_status":"open","ping_status":"open","sticky":false,"template":"","format":"standard","meta":{"footnotes":""},"categories":[2],"tags":[],"class_list":["post-526","post","type-post","status-publish","format-standard","has-post-thumbnail","hentry","category-aktualnosci"],"_links":{"self":[{"href":"https:\/\/wspomozycielka-lodz.pl\/index.php?rest_route=\/wp\/v2\/posts\/526","targetHints":{"allow":["GET"]}}],"collection":[{"href":"https:\/\/wspomozycielka-lodz.pl\/index.php?rest_route=\/wp\/v2\/posts"}],"about":[{"href":"https:\/\/wspomozycielka-lodz.pl\/index.php?rest_route=\/wp\/v2\/types\/post"}],"author":[{"embeddable":true,"href":"https:\/\/wspomozycielka-lodz.pl\/index.php?rest_route=\/wp\/v2\/users\/2"}],"replies":[{"embeddable":true,"href":"https:\/\/wspomozycielka-lodz.pl\/index.php?rest_route=%2Fwp%2Fv2%2Fcomments&post=526"}],"version-history":[{"count":1,"href":"https:\/\/wspomozycielka-lodz.pl\/index.php?rest_route=\/wp\/v2\/posts\/526\/revisions"}],"predecessor-version":[{"id":527,"href":"https:\/\/wspomozycielka-lodz.pl\/index.php?rest_route=\/wp\/v2\/posts\/526\/revisions\/527"}],"wp:featuredmedia":[{"embeddable":true,"href":"https:\/\/wspomozycielka-lodz.pl\/index.php?rest_route=\/wp\/v2\/media\/321"}],"wp:attachment":[{"href":"https:\/\/wspomozycielka-lodz.pl\/index.php?rest_route=%2Fwp%2Fv2%2Fmedia&parent=526"}],"wp:term":[{"taxonomy":"category","embeddable":true,"href":"https:\/\/wspomozycielka-lodz.pl\/index.php?rest_route=%2Fwp%2Fv2%2Fcategories&post=526"},{"taxonomy":"post_tag","embeddable":true,"href":"https:\/\/wspomozycielka-lodz.pl\/index.php?rest_route=%2Fwp%2Fv2%2Ftags&post=526"}],"curies":[{"name":"wp","href":"https:\/\/api.w.org\/{rel}","templated":true}]}}