{"id":523,"date":"2021-12-05T15:50:50","date_gmt":"2021-12-05T14:50:50","guid":{"rendered":"https:\/\/wspomozycielka-lodz.pl\/?p=523"},"modified":"2021-12-05T15:50:51","modified_gmt":"2021-12-05T14:50:51","slug":"ogloszenia-parafialne-5-12-2021-r","status":"publish","type":"post","link":"https:\/\/wspomozycielka-lodz.pl\/?p=523","title":{"rendered":"OG\u0141OSZENIA PARAFIALNE (5.12.2021 r.)"},"content":{"rendered":"\n<p>1. Msze roratnie w parafii codziennie o godz. 7.30, a dla dzieci i m\u0142odzie\u017cy w poniedzia\u0142ki o godz. 6.30.<\/p>\n\n\n\n<p>2. Nowenna przed uroczysto\u015bci\u0105 Niepokalanego Pocz\u0119cia NMP o godz. 17.40.<\/p>\n\n\n\n<p>3. We wtorek, 7 grudnia, na Mszy wieczornej b\u0119dziemy si\u0119 modli\u0107 za zmar\u0142ych polecanych w wypominkach. W tym dniu r\u00f3wnie\u017c ponowimy w naszej parafii Akt Zawierzenia Narodu i Ko\u015bcio\u0142a w Polsce \u015aw. J\u00f3zefowi na zako\u0144czenie Roku \u015aw. J\u00f3zefa. Po Mszy wieczornej spotkanie z rozwa\u017caniem S\u0142owa Bo\u017cego.<\/p>\n\n\n\n<p>4. W \u015brod\u0119, 8 grudnia, obchodzimy uroczysto\u015b\u0107 Niepokalanego Pocz\u0119cia Naj\u015bwi\u0119tszej Maryi Panny. Z racji na jubileuszu stulecia obecno\u015bci salezjan\u00f3w na ul. Wodnej nasze Oratorium zaprasza dzieci i m\u0142odzie\u017c wraz z rodzicami oraz przedstawicieli Rodziny Salezja\u0144skiej na Msz\u0119 \u015bw. o godz. 18.00, a nast\u0119pnie na \u015bwi\u0119towanie w auli szkolnej.<\/p>\n\n\n\n<p>5. W czwartek po Mszy \u015bw. wieczornej adoracja Naj\u015bwi\u0119tszego Sakramentu.<\/p>\n\n\n\n<p>6. W sobot\u0119 z racji 11. dnia miesi\u0105ca modlimy si\u0119 w intencji misyjnej za katechet\u00f3w, szczeg\u00f3lnie w Wenezueli, powo\u0142anych do g\u0142oszenia S\u0142owa Bo\u017cego \u2014 aby byli jego odwa\u017cnymi i kreatywnymi \u015bwiadkami z moc\u0105 Ducha \u015awi\u0119tego.<\/p>\n\n\n\n<p>7. <a>W przysz\u0142\u0105 niedziel\u0119 rozpoczniemy adwentowe rekolekcje parafialne. Nauki wyg\u0142osi ks. Andrzej Wujek.<\/a> R\u00f3wnie\u017c w przysz\u0142\u0105 niedziel\u0119 po Mszy \u015bw. o godz. 11.30 spotkanie Salezjan\u00f3w Wsp\u00f3\u0142pracownik\u00f3w.<\/p>\n\n\n\n<p>8. Mo\u017cna nabywa\u0107 op\u0142atki na Wigili\u0119 oraz \u015bwiece bo\u017conarodzeniowe. <\/p>\n\n\n\n<p>9. Dzi\u015b przeprowadzana jest zbi\u00f3rka do puszek na potrzeby Ko\u015bcio\u0142a na Wschodzie.<\/p>\n","protected":false},"excerpt":{"rendered":"<p>1. Msze roratnie w parafii codziennie o godz. 7.30, a dla dzieci i m\u0142odzie\u017cy w poniedzia\u0142ki o godz. 6.30. 2. Nowenna przed uroczysto\u015bci\u0105 Niepokalanego Pocz\u0119cia NMP o godz. 17.40. 3. We wtorek, 7 grudnia, na Mszy wieczornej b\u0119dziemy si\u0119 modli\u0107 za zmar\u0142ych polecanych w wypominkach. W tym dniu r\u00f3wnie\u017c ponowimy [&hellip;]<\/p>\n","protected":false},"author":2,"featured_media":320,"comment_status":"open","ping_status":"open","sticky":false,"template":"","format":"standard","meta":{"footnotes":""},"categories":[2],"tags":[],"class_list":["post-523","post","type-post","status-publish","format-standard","has-post-thumbnail","hentry","category-aktualnosci"],"_links":{"self":[{"href":"https:\/\/wspomozycielka-lodz.pl\/index.php?rest_route=\/wp\/v2\/posts\/523","targetHints":{"allow":["GET"]}}],"collection":[{"href":"https:\/\/wspomozycielka-lodz.pl\/index.php?rest_route=\/wp\/v2\/posts"}],"about":[{"href":"https:\/\/wspomozycielka-lodz.pl\/index.php?rest_route=\/wp\/v2\/types\/post"}],"author":[{"embeddable":true,"href":"https:\/\/wspomozycielka-lodz.pl\/index.php?rest_route=\/wp\/v2\/users\/2"}],"replies":[{"embeddable":true,"href":"https:\/\/wspomozycielka-lodz.pl\/index.php?rest_route=%2Fwp%2Fv2%2Fcomments&post=523"}],"version-history":[{"count":1,"href":"https:\/\/wspomozycielka-lodz.pl\/index.php?rest_route=\/wp\/v2\/posts\/523\/revisions"}],"predecessor-version":[{"id":524,"href":"https:\/\/wspomozycielka-lodz.pl\/index.php?rest_route=\/wp\/v2\/posts\/523\/revisions\/524"}],"wp:featuredmedia":[{"embeddable":true,"href":"https:\/\/wspomozycielka-lodz.pl\/index.php?rest_route=\/wp\/v2\/media\/320"}],"wp:attachment":[{"href":"https:\/\/wspomozycielka-lodz.pl\/index.php?rest_route=%2Fwp%2Fv2%2Fmedia&parent=523"}],"wp:term":[{"taxonomy":"category","embeddable":true,"href":"https:\/\/wspomozycielka-lodz.pl\/index.php?rest_route=%2Fwp%2Fv2%2Fcategories&post=523"},{"taxonomy":"post_tag","embeddable":true,"href":"https:\/\/wspomozycielka-lodz.pl\/index.php?rest_route=%2Fwp%2Fv2%2Ftags&post=523"}],"curies":[{"name":"wp","href":"https:\/\/api.w.org\/{rel}","templated":true}]}}