{"id":521,"date":"2021-12-05T15:48:58","date_gmt":"2021-12-05T14:48:58","guid":{"rendered":"https:\/\/wspomozycielka-lodz.pl\/?p=521"},"modified":"2021-12-05T15:48:59","modified_gmt":"2021-12-05T14:48:59","slug":"intencje-mszalne-5-11-12-2021","status":"publish","type":"post","link":"https:\/\/wspomozycielka-lodz.pl\/?p=521","title":{"rendered":"INTENCJE MSZALNE (5-11.12.2021)"},"content":{"rendered":"\n<p><\/p>\n\n\n\n<p><strong>Niedziela<\/strong><\/p>\n\n\n\n<p><a>8.30&nbsp;&nbsp;&nbsp; <\/a>W intencji przeb\u0142agalnej za grzechy Joanny, jej rodziny, krewnych i wszystkich przodk\u00f3w (4)<\/p>\n\n\n\n<p>8.30&nbsp;&nbsp;&nbsp; Dzi\u0119kczynno-b\u0142agalna w intencji Micha\u0142a przez wstawiennictwo Matki Bo\u017cej i \u015bw. J\u00f3zefa z pro\u015bb\u0105 o Bo\u017ce b\u0142ogos\u0142awie\u0144stwo i wype\u0142nienie woli Bo\u017cej w \u017cyciu jego i rodziny<\/p>\n\n\n\n<p>8.30&nbsp;&nbsp;&nbsp; + Hanna G\u00f3rkowska, gr. 19<\/p>\n\n\n\n<p>10.00&nbsp; W intencji Lucyny z okazji urodzin o Bo\u017ce b\u0142ogos\u0142awie\u0144stwo i opiek\u0119 Matki Bo\u017cej<\/p>\n\n\n\n<p>10.00&nbsp; + Waleria Guziak<\/p>\n\n\n\n<p>10.00&nbsp; + Wanda i Jan Zimniccy<\/p>\n\n\n\n<p>11.30&nbsp; Za zmar\u0142ych z rodziny Mark\u00f3w, Kubickich i Gajewskich<\/p>\n\n\n\n<p>11.30&nbsp; + Henryka (f), Tadeusz, S\u0142awomir Krzy\u017canowscy; Irena, Stanis\u0142aw, Zbigniew Grzelakowie; W\u0142odzimierz Walig\u00f3rski<\/p>\n\n\n\n<p>11.30&nbsp; + Janina Janeczek<\/p>\n\n\n\n<p>11.30&nbsp; + Andrzej, Helena i Henryk Giery\u0144<\/p>\n\n\n\n<p>18.00&nbsp; + Helena Kaczmarek<\/p>\n\n\n\n<p>18.00&nbsp; W intencji Zofii Bieniek o zdrowie i potrzebne \u0142aski<\/p>\n\n\n\n<p><strong>Poniedzia\u0142ek<\/strong><\/p>\n\n\n\n<p><a>7.30&nbsp;&nbsp;&nbsp; <\/a>Dzi\u0119kczynno-b\u0142agalna w intencji Micha\u0142a przez wstawiennictwo Matki Bo\u017cej i \u015bw. J\u00f3zefa z pro\u015bb\u0105 o Bo\u017ce b\u0142ogos\u0142awie\u0144stwo i wype\u0142nienie woli Bo\u017cej w \u017cyciu jego i rodziny<\/p>\n\n\n\n<p>7.30&nbsp;&nbsp;&nbsp; + Tadeusz Warcho\u0142, gr. 1<\/p>\n\n\n\n<p>7.30&nbsp;&nbsp;&nbsp; + Hanna G\u00f3rkowska, gr. 20<\/p>\n\n\n\n<p>7.30&nbsp;&nbsp;&nbsp; W intencji Zofii z okazji urodzin, dzi\u0119kuj\u0105c za dotychczasowe \u017cycie i prosz\u0105c o dary Ducha \u015awi\u0119tego i opiek\u0119 Matki Bo\u017cej<\/p>\n\n\n\n<p>18.00&nbsp; W intencji przeb\u0142agalnej za grzechy Joanny, jej rodziny, krewnych i wszystkich przodk\u00f3w (5)<\/p>\n\n\n\n<p>18.00&nbsp; + Teodozja Niewiadomska<\/p>\n\n\n\n<p>18.00&nbsp; + Zenon Buzun (w rocznic\u0119 urodzin)<\/p>\n\n\n\n<p><strong>Wtorek<\/strong><\/p>\n\n\n\n<p>7.30&nbsp;&nbsp;&nbsp; Dzi\u0119kczynno-b\u0142agalna w intencji Micha\u0142a przez wstawiennictwo Matki Bo\u017cej i \u015bw. J\u00f3zefa z pro\u015bb\u0105 o Bo\u017ce b\u0142ogos\u0142awie\u0144stwo i wype\u0142nienie woli Bo\u017cej w \u017cyciu jego i rodziny<\/p>\n\n\n\n<p>7.30&nbsp;&nbsp;&nbsp; + Tadeusz Warcho\u0142, gr. 2<\/p>\n\n\n\n<p>7.30&nbsp;&nbsp;&nbsp; + Hanna G\u00f3rkowska, gr. 21<\/p>\n\n\n\n<p>7.30&nbsp;&nbsp;&nbsp; O uzdrowienie Jacka<\/p>\n\n\n\n<p>18.00&nbsp; W intencji przeb\u0142agalnej za grzechy Joanny, jej rodziny, krewnych i wszystkich przodk\u00f3w (5)<\/p>\n\n\n\n<p>18.00&nbsp; Za zmar\u0142ych polecanych w wypominkach<\/p>\n\n\n\n<p><strong>\u015aroda<\/strong><\/p>\n\n\n\n<p>7.30&nbsp;&nbsp;&nbsp; Dzi\u0119kczynno-b\u0142agalna w intencji Micha\u0142a przez wstawiennictwo Matki Bo\u017cej i \u015bw. J\u00f3zefa z pro\u015bb\u0105 o Bo\u017ce b\u0142ogos\u0142awie\u0144stwo i wype\u0142nienie woli Bo\u017cej w \u017cyciu jego i rodziny<\/p>\n\n\n\n<p>7.30&nbsp;&nbsp;&nbsp; + Tadeusz Warcho\u0142, gr. 3<\/p>\n\n\n\n<p>7.30&nbsp;&nbsp;&nbsp; W intencji klasy II d oraz nauczycieli pani Katarzyny i pana \u0141uaksza za wstawiennictwem Maryi Wspomo\u017cenia Wiernych<\/p>\n\n\n\n<p>18.00&nbsp; W intencji Oratorium<\/p>\n\n\n\n<p>18.00&nbsp; + Hanna G\u00f3rkowska, gr. 22<\/p>\n\n\n\n<p>18.00&nbsp; W intencji przeb\u0142agalnej za grzechy Joanny, jej rodziny, krewnych i wszystkich przodk\u00f3w (7)<\/p>\n\n\n\n<p>18.00&nbsp; + Kamila Prze\u017adziecka (1 miesi\u0105c po \u015bmierci)<\/p>\n\n\n\n<p>18.00&nbsp; O uzdrowienie Jacka<\/p>\n\n\n\n<p>18.00&nbsp; O przemian\u0119 serc i otwarcie si\u0119 na mi\u0142o\u015b\u0107 Bo\u017c\u0105 przez Serce Maryi dla miesza\u0144c\u00f3w bloku przy ul. Wodnej 33-47<\/p>\n\n\n\n<p><strong>Czwartek<\/strong><\/p>\n\n\n\n<p>7.30&nbsp;&nbsp;&nbsp; + Tadeusz Warcho\u0142, gr. 4<\/p>\n\n\n\n<p>7.30&nbsp;&nbsp;&nbsp; + Hanna G\u00f3rkowska, gr. 23<\/p>\n\n\n\n<p>7.30&nbsp;&nbsp;&nbsp; O uzdrowienie Jacka<\/p>\n\n\n\n<p>18.00&nbsp; Dzi\u0119kczynno-b\u0142agalna w intencji Micha\u0142a przez wstawiennictwo Matki Bo\u017cej i \u015bw. J\u00f3zefa z pro\u015bb\u0105 o Bo\u017ce b\u0142ogos\u0142awie\u0144stwo i wype\u0142nienie woli Bo\u017cej w \u017cyciu jego i rodziny<\/p>\n\n\n\n<p>18.00&nbsp; W intencji przeb\u0142agalnej za grzechy Joanny, jej rodziny, krewnych i wszystkich przodk\u00f3w (8)<\/p>\n\n\n\n<p>18.00&nbsp; + Wies\u0142awa (w dniu imienin)<\/p>\n\n\n\n<p><strong>Pi\u0105tek<\/strong><\/p>\n\n\n\n<p>7.30&nbsp;&nbsp;&nbsp; O intronizacj\u0119 Serca Jezusowego w rodzinach, w ojczy\u017anie i w ka\u017cdym sercu oraz o beatyfikacj\u0119 S\u0142u\u017cebnicy Bo\u017cej Rozalii Celak\u00f3wny<\/p>\n\n\n\n<p>7.30&nbsp;&nbsp;&nbsp; Dzi\u0119kczynno-b\u0142agalna w intencji Micha\u0142a przez wstawiennictwo Matki Bo\u017cej i \u015bw. J\u00f3zefa z pro\u015bb\u0105 o Bo\u017ce b\u0142ogos\u0142awie\u0144stwo i wype\u0142nienie woli Bo\u017cej w \u017cyciu jego i rodziny<\/p>\n\n\n\n<p>7.30&nbsp;&nbsp;&nbsp; + Tadeusz Warcho\u0142, gr. 5<\/p>\n\n\n\n<p>7.30&nbsp;&nbsp;&nbsp; + Hanna G\u00f3rkowska, gr. 24<\/p>\n\n\n\n<p>18.00&nbsp; W intencji przeb\u0142agalnej za grzechy Joanny, jej rodziny, krewnych i wszystkich przodk\u00f3w (9)<\/p>\n\n\n\n<p>18.00&nbsp; O uzdrowienie Jacka<\/p>\n\n\n\n<p><strong>Sobota<\/strong><\/p>\n\n\n\n<p>7.30&nbsp;&nbsp;&nbsp; W intencji przeb\u0142agalnej za grzechy Joanny, jej rodziny, krewnych i wszystkich przodk\u00f3w (10)<\/p>\n\n\n\n<p>7.30&nbsp;&nbsp;&nbsp; Dzi\u0119kczynno-b\u0142agalna w intencji Micha\u0142a przez wstawiennictwo Matki Bo\u017cej i \u015bw. J\u00f3zefa z pro\u015bb\u0105 o Bo\u017ce b\u0142ogos\u0142awie\u0144stwo i wype\u0142nienie woli Bo\u017cej w \u017cyciu jego i rodziny<\/p>\n\n\n\n<p>7.30&nbsp;&nbsp;&nbsp; + Tadeusz Warcho\u0142, gr. 6<\/p>\n\n\n\n<p>7.30\u00a0\u00a0\u00a0 O uzdrowienie Jacka <\/p>\n\n\n\n<p>18.00\u00a0 + Hanna G\u00f3rkowska, gr. 25<\/p>\n","protected":false},"excerpt":{"rendered":"<p>Niedziela 8.30&nbsp;&nbsp;&nbsp; W intencji przeb\u0142agalnej za grzechy Joanny, jej rodziny, krewnych i wszystkich przodk\u00f3w (4) 8.30&nbsp;&nbsp;&nbsp; Dzi\u0119kczynno-b\u0142agalna w intencji Micha\u0142a przez wstawiennictwo Matki Bo\u017cej i \u015bw. J\u00f3zefa z pro\u015bb\u0105 o Bo\u017ce b\u0142ogos\u0142awie\u0144stwo i wype\u0142nienie woli Bo\u017cej w \u017cyciu jego i rodziny 8.30&nbsp;&nbsp;&nbsp; + Hanna G\u00f3rkowska, gr. 19 10.00&nbsp; W intencji [&hellip;]<\/p>\n","protected":false},"author":2,"featured_media":321,"comment_status":"open","ping_status":"open","sticky":false,"template":"","format":"standard","meta":{"footnotes":""},"categories":[2],"tags":[],"class_list":["post-521","post","type-post","status-publish","format-standard","has-post-thumbnail","hentry","category-aktualnosci"],"_links":{"self":[{"href":"https:\/\/wspomozycielka-lodz.pl\/index.php?rest_route=\/wp\/v2\/posts\/521","targetHints":{"allow":["GET"]}}],"collection":[{"href":"https:\/\/wspomozycielka-lodz.pl\/index.php?rest_route=\/wp\/v2\/posts"}],"about":[{"href":"https:\/\/wspomozycielka-lodz.pl\/index.php?rest_route=\/wp\/v2\/types\/post"}],"author":[{"embeddable":true,"href":"https:\/\/wspomozycielka-lodz.pl\/index.php?rest_route=\/wp\/v2\/users\/2"}],"replies":[{"embeddable":true,"href":"https:\/\/wspomozycielka-lodz.pl\/index.php?rest_route=%2Fwp%2Fv2%2Fcomments&post=521"}],"version-history":[{"count":1,"href":"https:\/\/wspomozycielka-lodz.pl\/index.php?rest_route=\/wp\/v2\/posts\/521\/revisions"}],"predecessor-version":[{"id":522,"href":"https:\/\/wspomozycielka-lodz.pl\/index.php?rest_route=\/wp\/v2\/posts\/521\/revisions\/522"}],"wp:featuredmedia":[{"embeddable":true,"href":"https:\/\/wspomozycielka-lodz.pl\/index.php?rest_route=\/wp\/v2\/media\/321"}],"wp:attachment":[{"href":"https:\/\/wspomozycielka-lodz.pl\/index.php?rest_route=%2Fwp%2Fv2%2Fmedia&parent=521"}],"wp:term":[{"taxonomy":"category","embeddable":true,"href":"https:\/\/wspomozycielka-lodz.pl\/index.php?rest_route=%2Fwp%2Fv2%2Fcategories&post=521"},{"taxonomy":"post_tag","embeddable":true,"href":"https:\/\/wspomozycielka-lodz.pl\/index.php?rest_route=%2Fwp%2Fv2%2Ftags&post=521"}],"curies":[{"name":"wp","href":"https:\/\/api.w.org\/{rel}","templated":true}]}}