{"id":519,"date":"2021-11-30T11:29:04","date_gmt":"2021-11-30T10:29:04","guid":{"rendered":"https:\/\/wspomozycielka-lodz.pl\/?p=519"},"modified":"2021-11-30T11:29:06","modified_gmt":"2021-11-30T10:29:06","slug":"ogloszenia-parafialne-28-11-2021-r","status":"publish","type":"post","link":"https:\/\/wspomozycielka-lodz.pl\/?p=519","title":{"rendered":"OG\u0141OSZENIA PARAFIALNE (28.11.2021 r.)"},"content":{"rendered":"\n<p>1. Modlitwa r\u00f3\u017ca\u0144cowa za naszych zmar\u0142ych polecanych w wypominkach dzi\u015b o 17.30, a w poniedzia\u0142ek i wtorek o 17.15.<\/p>\n\n\n\n<p>2. Msze roratnie w parafii codziennie o godz. 7.30, a dla dzieci i m\u0142odzie\u017cy w poniedzia\u0142ki o godz. 6.30.<\/p>\n\n\n\n<p>3. W poniedzia\u0142ek rozpoczniemy nowenn\u0119 przed uroczysto\u015bci\u0105 Niepokalanego Pocz\u0119cia NMP: w poniedzia\u0142ek i wtorek o godz. 17.15, a od \u015brody o 17.40.<\/p>\n\n\n\n<p>4. W poniedzia\u0142ek na Mszy wieczornej modli\u0107 si\u0119 b\u0119dziemy za zmar\u0142ych Salezjan\u00f3w, zapisanych w historii dzie\u0142a na Wodnej.<\/p>\n\n\n\n<p>5. We wtorek na Mszy wieczornej b\u0119dziemy si\u0119 modli\u0107 za ks. Andrzeja Kurto w dniu imienin. Po Mszy wieczornej spotkanie z rozwa\u017caniem S\u0142owa Bo\u017cego.<\/p>\n\n\n\n<p>6. W pierwsz\u0105 \u015brod\u0119 miesi\u0105ca na Mszy wieczornej modlimy si\u0119 przez wstawiennictwo \u015bw. J\u00f3zefa za Dobrodziej\u00f3w naszej parafii i ca\u0142ego dzie\u0142a salezja\u0144skiego na Wodnej.<\/p>\n\n\n\n<p>7. W pierwszy czwartek miesi\u0105ca na Mszy wieczornej modlimy si\u0119 za kap\u0142an\u00f3w pos\u0142uguj\u0105cych w naszej parafii i o nowe powo\u0142ania. Po Mszy \u015bw. b\u0119dzie adoracja Naj\u015bwi\u0119tszego Sakramentu.<\/p>\n\n\n\n<p>8. W pierwszy pi\u0105tek miesi\u0105ca od godz. 15.00 Godzina Mi\u0142osierdzia i adoracja Naj\u015bwi\u0119tszego Sakramentu. Po Mszy wieczornej spotkanie wsp\u00f3lnoty Stra\u017cy Honorowej NSPJ.<\/p>\n\n\n\n<p>9. Je\u015bli kto\u015b z chorych w parafii chcia\u0142by, aby w pierwszy pi\u0105tek miesi\u0105ca przyszed\u0142 ksi\u0105dz z Komuni\u0105 \u015bw., prosz\u0119 o zg\u0142oszenie.<\/p>\n\n\n\n<p>10. W pierwsz\u0105 sobot\u0119 miesi\u0105ca po Mszy porannej nabo\u017ce\u0144stwo maryjne. O godz. 17.00 r\u00f3\u017caniec prowadzony przez wsp\u00f3lnot\u0119 \u017bywego R\u00f3\u017ca\u0144ca. W tym dniu przypada te\u017c \u015bwi\u0119to \u015bw. Barbary, patronki naszej salezja\u0144skiej wsp\u00f3lnoty zakonnej na Wodnej.<\/p>\n\n\n\n<p>11. Z racji na jubileusz stulecia obecno\u015bci salezjan\u00f3w na ul. Wodnej tak\u017ce nasze Oratorium pragnie rozpocz\u0105\u0107 \u015bwi\u0119towanie tego wyj\u0105tkowego wydarzenia. Zapraszamy dzieci i m\u0142odzie\u017c wraz z rodzicami oraz przedstawicieli Rodziny Salezja\u0144skiej: by\u0142ych wychowank\u00f3w, salezjan\u00f3w wsp\u00f3\u0142pracownik\u00f3w, przyjaci\u00f3\u0142 Oratorium w \u015brod\u0119, 8 grudnia, najpierw na Msz\u0119 \u015bw. o godz. 18.00, a nast\u0119pnie na spotkanie w auli szkolnej. B\u0119d\u0105 wspomnienia, wystawa prac dzieci, pocz\u0119stunek i zabawa w bingo.<\/p>\n\n\n\n<p>12. Mo\u017cna ju\u017c naby\u0107 op\u0142atki na Wigili\u0119 w sklepiku lub przed kancelari\u0105.<\/p>\n\n\n\n<p>13. Dzi\u015b po Mszy mo\u017cna z\u0142o\u017cy\u0107 ofiar\u0119 do puszki na Radio Maryja. <\/p>\n\n\n\n<p>14. Z naszej wsp\u00f3lnoty parafialnej do wieczno\u015bci odeszli: Andrzej Kozak, lat 73; Teodozja Niewiadomska, lat 74. <em>Wieczny odpoczynek racz im da\u0107, Panie<\/em>&#8230;<\/p>\n","protected":false},"excerpt":{"rendered":"<p>1. Modlitwa r\u00f3\u017ca\u0144cowa za naszych zmar\u0142ych polecanych w wypominkach dzi\u015b o 17.30, a w poniedzia\u0142ek i wtorek o 17.15. 2. Msze roratnie w parafii codziennie o godz. 7.30, a dla dzieci i m\u0142odzie\u017cy w poniedzia\u0142ki o godz. 6.30. 3. W poniedzia\u0142ek rozpoczniemy nowenn\u0119 przed uroczysto\u015bci\u0105 Niepokalanego Pocz\u0119cia NMP: w poniedzia\u0142ek [&hellip;]<\/p>\n","protected":false},"author":2,"featured_media":320,"comment_status":"open","ping_status":"open","sticky":false,"template":"","format":"standard","meta":{"footnotes":""},"categories":[2],"tags":[],"class_list":["post-519","post","type-post","status-publish","format-standard","has-post-thumbnail","hentry","category-aktualnosci"],"_links":{"self":[{"href":"https:\/\/wspomozycielka-lodz.pl\/index.php?rest_route=\/wp\/v2\/posts\/519","targetHints":{"allow":["GET"]}}],"collection":[{"href":"https:\/\/wspomozycielka-lodz.pl\/index.php?rest_route=\/wp\/v2\/posts"}],"about":[{"href":"https:\/\/wspomozycielka-lodz.pl\/index.php?rest_route=\/wp\/v2\/types\/post"}],"author":[{"embeddable":true,"href":"https:\/\/wspomozycielka-lodz.pl\/index.php?rest_route=\/wp\/v2\/users\/2"}],"replies":[{"embeddable":true,"href":"https:\/\/wspomozycielka-lodz.pl\/index.php?rest_route=%2Fwp%2Fv2%2Fcomments&post=519"}],"version-history":[{"count":1,"href":"https:\/\/wspomozycielka-lodz.pl\/index.php?rest_route=\/wp\/v2\/posts\/519\/revisions"}],"predecessor-version":[{"id":520,"href":"https:\/\/wspomozycielka-lodz.pl\/index.php?rest_route=\/wp\/v2\/posts\/519\/revisions\/520"}],"wp:featuredmedia":[{"embeddable":true,"href":"https:\/\/wspomozycielka-lodz.pl\/index.php?rest_route=\/wp\/v2\/media\/320"}],"wp:attachment":[{"href":"https:\/\/wspomozycielka-lodz.pl\/index.php?rest_route=%2Fwp%2Fv2%2Fmedia&parent=519"}],"wp:term":[{"taxonomy":"category","embeddable":true,"href":"https:\/\/wspomozycielka-lodz.pl\/index.php?rest_route=%2Fwp%2Fv2%2Fcategories&post=519"},{"taxonomy":"post_tag","embeddable":true,"href":"https:\/\/wspomozycielka-lodz.pl\/index.php?rest_route=%2Fwp%2Fv2%2Ftags&post=519"}],"curies":[{"name":"wp","href":"https:\/\/api.w.org\/{rel}","templated":true}]}}