{"id":516,"date":"2021-11-30T11:27:06","date_gmt":"2021-11-30T10:27:06","guid":{"rendered":"https:\/\/wspomozycielka-lodz.pl\/?p=516"},"modified":"2021-11-30T11:27:50","modified_gmt":"2021-11-30T10:27:50","slug":"intencje-mszalne-28-11-04-12-2021","status":"publish","type":"post","link":"https:\/\/wspomozycielka-lodz.pl\/?p=516","title":{"rendered":"INTENCJE MSZALNE (28.11-04.12.2021)"},"content":{"rendered":"\n<p><\/p>\n\n\n\n<p><strong>Niedziela<\/strong><\/p>\n\n\n\n<p>8.30&nbsp;&nbsp;&nbsp; O Bo\u017ce b\u0142ogos\u0142awie\u0144stwo, opiek\u0119 Matki Naj\u015bwi\u0119tszej i \u017cycie zgodne z Ewangeli\u0105 dla rodziny<\/p>\n\n\n\n<p>8.30&nbsp;&nbsp;&nbsp; W intencji przeb\u0142agalnej za grzechy Joanny, jej rodziny, krewnych i wszystkich przodk\u00f3w (27)<\/p>\n\n\n\n<p>8.30&nbsp;&nbsp;&nbsp; + Jan Po\u017coga; Helena i Stanis\u0142aw Wilk; Helena i Roman Wo\u017aniakowscy; Julianna i Stanis\u0142aw \u015al\u0119zak; Rozalia i Ignacy Grzesik<\/p>\n\n\n\n<p>8.30&nbsp;&nbsp;&nbsp; W intencji wszystkich przodk\u00f3w Joanny o z\u0142amanie wszystkich przekle\u0144stw i czar\u00f3w<\/p>\n\n\n\n<p>10.00&nbsp; W intencji Grzegorza z okazji urodzin i imienin<\/p>\n\n\n\n<p>10.00&nbsp; + Zdzis\u0142aw Domaradzki<\/p>\n\n\n\n<p>10.00&nbsp; + Halina i Stanis\u0142aw Bieniek, gr. 28<\/p>\n\n\n\n<p>10.00&nbsp; + Janina i Stanis\u0142aw Zrobek<\/p>\n\n\n\n<p>11.30&nbsp; Za dusze w czy\u015b\u0107cu cierpi\u0105ce, a przez ich wstawiennictwo o \u0142ask\u0119 powo\u0142a\u0144 kap\u0142a\u0144skich i zakonnych<\/p>\n\n\n\n<p>11.30&nbsp; + Zdzis\u0142aw Ma\u0142olepszy<\/p>\n\n\n\n<p>18.00&nbsp; + Marianna G\u0105siorowska, aby dost\u0105pi\u0142a Bo\u017cego mi\u0142osierdzia, by\u0142a w gronie zbawionych w niebie i mog\u0142a chwali\u0107 Boga na wieki, gr. 28<\/p>\n\n\n\n<p>18.00&nbsp; + ks. Stanis\u0142aw Hajkowski o mi\u0142osierdzie Bo\u017ce (int. od Fundacji Nauki i Wychowania)<\/p>\n\n\n\n<p><strong>Poniedzia\u0142ek<\/strong><\/p>\n\n\n\n<p><a>7.30&nbsp;&nbsp;&nbsp; <\/a>+ Halina i Stanis\u0142aw Bieniek, gr. 29<\/p>\n\n\n\n<p>7.30&nbsp;&nbsp;&nbsp; Za dusze w czy\u015b\u0107cu cierpi\u0105ce, a przez ich wstawiennictwo o \u0142ask\u0119 powo\u0142a\u0144 kap\u0142a\u0144skich i zakonnych<\/p>\n\n\n\n<p>7.30&nbsp;&nbsp;&nbsp; W intencji wszystkich przodk\u00f3w Joanny o z\u0142amanie wszystkich przekle\u0144stw i czar\u00f3w<\/p>\n\n\n\n<p>18.00&nbsp; W intencji przeb\u0142agalnej za grzechy Joanny, jej rodziny, krewnych i wszystkich przodk\u00f3w (28)<\/p>\n\n\n\n<p>18.00&nbsp; + Marianna G\u0105siorowska, aby dost\u0105pi\u0142a Bo\u017cego mi\u0142osierdzia, by\u0142a w gronie zbawionych w niebie i mog\u0142a chwali\u0107 Boga na wieki, gr. 29<\/p>\n\n\n\n<p><a>18.00&nbsp; <\/a>+ Janusz Rygier i zmarli z rodziny Wysockich i Rygier\u00f3w oraz dusze w czy\u015b\u0107cu cierpi\u0105ce<\/p>\n\n\n\n<p><strong>Wtorek<\/strong><\/p>\n\n\n\n<p>7.30&nbsp;&nbsp;&nbsp; + Halina i Stanis\u0142aw Bieniek, gr. 30<\/p>\n\n\n\n<p>7.30&nbsp;&nbsp;&nbsp; Za dusze w czy\u015b\u0107cu cierpi\u0105ce, a przez ich wstawiennictwo o \u0142ask\u0119 powo\u0142a\u0144 kap\u0142a\u0144skich i zakonnych<\/p>\n\n\n\n<p>18.00&nbsp; W intencji ks. Andrzeja Kurto w dniu imienin o Bo\u017ce b\u0142ogos\u0142awie\u0144stwo, potrzebne \u0142aski i opiek\u0119 Matki Bo\u017cej<\/p>\n\n\n\n<p>18.00&nbsp; W intencji Maksymiliana i Karoliny z okazji urodzin o potrzebne \u0142aski<\/p>\n\n\n\n<p>18.00&nbsp; W intencji przeb\u0142agalnej za grzechy Joanny, jej rodziny, krewnych i wszystkich przodk\u00f3w (29)<\/p>\n\n\n\n<p>18.00&nbsp; + Marianna G\u0105siorowska, aby dost\u0105pi\u0142a Bo\u017cego mi\u0142osierdzia, by\u0142a w gronie zbawionych w niebie i mog\u0142a chwali\u0107 Boga na wieki, gr. 30<\/p>\n\n\n\n<p>18.00&nbsp; + ks. Stanis\u0142aw Hajkowski o mi\u0142osierdzie Bo\u017ce (<em>int. od Eli i Jadzi \u2013 Ochotniczek Ksi\u0119dza Bosko<\/em>)<\/p>\n\n\n\n<p><strong>\u015aroda<\/strong><\/p>\n\n\n\n<p>7.30&nbsp;&nbsp;&nbsp; Za dusze w czy\u015b\u0107cu cierpi\u0105ce, a przez ich wstawiennictwo o \u0142ask\u0119 powo\u0142a\u0144 kap\u0142a\u0144skich i zakonnych<\/p>\n\n\n\n<p>18.00&nbsp; W intencji Dobrodziej\u00f3w parafii i ca\u0142ego dzie\u0142a salezja\u0144skiego na Wodnej<\/p>\n\n\n\n<p>18.00&nbsp; W intencji przeb\u0142agalnej za grzechy Joanny, jej rodziny, krewnych i wszystkich przodk\u00f3w (30)<\/p>\n\n\n\n<p>18.00&nbsp; + Anna Owczarek<\/p>\n\n\n\n<p><strong>Czwartek<\/strong><\/p>\n\n\n\n<p>7.30&nbsp;&nbsp;&nbsp; + Janina Skrzypek<\/p>\n\n\n\n<p>18.00&nbsp; W intencji kap\u0142an\u00f3w pos\u0142uguj\u0105cych w naszej parafii i o nowe powo\u0142ania kap\u0142a\u0144skie, zakonne i misyjne<\/p>\n\n\n\n<p>18.00&nbsp; W intencji przeb\u0142agalnej za grzechy Joanny, jej rodziny, krewnych i wszystkich przodk\u00f3w (1)<\/p>\n\n\n\n<p>18.00&nbsp; W intencji El\u017cbiety z okazji imienin o opiek\u0119 Bo\u017c\u0105 i b\u0142ogos\u0142awie\u0144stwo dla niej i jej najbli\u017cszych<\/p>\n\n\n\n<p><strong>Pi\u0105tek<\/strong><\/p>\n\n\n\n<p>7.30&nbsp;&nbsp;&nbsp; + Wac\u0142aw i Wac\u0142awa (f) Sanik<\/p>\n\n\n\n<p>7.30&nbsp;&nbsp;&nbsp; Dzi\u0119kczynno-b\u0142agalna do Naj\u015bwi\u0119tszego Serca Pana Jezusa<\/p>\n\n\n\n<p>18.00&nbsp; O wzrost duchowy i liczebny cz\u0142onk\u00f3w Stra\u017cy Honorowej NSJ oraz o zdrowie i potrzebne \u0142aski dla ksi\u0119dza opiekuna<\/p>\n\n\n\n<p>18.00&nbsp; W intencji przeb\u0142agalnej za grzechy Joanny, jej rodziny, krewnych i wszystkich przodk\u00f3w (2)<\/p>\n\n\n\n<p>18.00&nbsp; W intencji Bogu wiadomej<\/p>\n\n\n\n<p>18.00&nbsp; Wynagradzaj\u0105ca za pope\u0142nione grzechy aborcji w rodzinie<\/p>\n\n\n\n<p><strong>Sobota<\/strong><\/p>\n\n\n\n<p>7.30&nbsp;&nbsp;&nbsp; W intencji zmar\u0142ych i \u017cyj\u0105cych cz\u0142onk\u00f3w \u017bywej R\u00f3\u017cy<\/p>\n\n\n\n<p>7.30&nbsp;&nbsp;&nbsp; Wynagradzaj\u0105ca Niepokalanemu Sercu Maryi i Naj\u015bwi\u0119tszemu Sercu Jezusa za zniewagi, jakich doznaj\u0105 od przeciwnik\u00f3w Ko\u015bcio\u0142a \u015bwi\u0119tego<\/p>\n\n\n\n<p>7.30&nbsp;&nbsp;&nbsp; O \u015bwi\u0119te rodziny w naszej parafii i ojczy\u017anie przez wstawiennictwo Matki Bo\u017cej<\/p>\n\n\n\n<p>7.30&nbsp;&nbsp;&nbsp; Wynagradzaj\u0105ca Niepokalanemu Sercu Maryi za grzechy rodziny i o dalsz\u0105 opiek\u0119 Matki Bo\u017cej<\/p>\n\n\n\n<p>7.30&nbsp;&nbsp;&nbsp; W intencji przeb\u0142agalnej za grzechy Joanny, jej rodziny, krewnych i wszystkich przodk\u00f3w (3) <\/p>\n\n\n\n<p>18.00&nbsp; + Barbara Grec<\/p>\n","protected":false},"excerpt":{"rendered":"<p>Niedziela 8.30&nbsp;&nbsp;&nbsp; O Bo\u017ce b\u0142ogos\u0142awie\u0144stwo, opiek\u0119 Matki Naj\u015bwi\u0119tszej i \u017cycie zgodne z Ewangeli\u0105 dla rodziny 8.30&nbsp;&nbsp;&nbsp; W intencji przeb\u0142agalnej za grzechy Joanny, jej rodziny, krewnych i wszystkich przodk\u00f3w (27) 8.30&nbsp;&nbsp;&nbsp; + Jan Po\u017coga; Helena i Stanis\u0142aw Wilk; Helena i Roman Wo\u017aniakowscy; Julianna i Stanis\u0142aw \u015al\u0119zak; Rozalia i Ignacy Grzesik 8.30&nbsp;&nbsp;&nbsp; [&hellip;]<\/p>\n","protected":false},"author":2,"featured_media":321,"comment_status":"open","ping_status":"open","sticky":false,"template":"","format":"standard","meta":{"footnotes":""},"categories":[2],"tags":[],"class_list":["post-516","post","type-post","status-publish","format-standard","has-post-thumbnail","hentry","category-aktualnosci"],"_links":{"self":[{"href":"https:\/\/wspomozycielka-lodz.pl\/index.php?rest_route=\/wp\/v2\/posts\/516","targetHints":{"allow":["GET"]}}],"collection":[{"href":"https:\/\/wspomozycielka-lodz.pl\/index.php?rest_route=\/wp\/v2\/posts"}],"about":[{"href":"https:\/\/wspomozycielka-lodz.pl\/index.php?rest_route=\/wp\/v2\/types\/post"}],"author":[{"embeddable":true,"href":"https:\/\/wspomozycielka-lodz.pl\/index.php?rest_route=\/wp\/v2\/users\/2"}],"replies":[{"embeddable":true,"href":"https:\/\/wspomozycielka-lodz.pl\/index.php?rest_route=%2Fwp%2Fv2%2Fcomments&post=516"}],"version-history":[{"count":2,"href":"https:\/\/wspomozycielka-lodz.pl\/index.php?rest_route=\/wp\/v2\/posts\/516\/revisions"}],"predecessor-version":[{"id":518,"href":"https:\/\/wspomozycielka-lodz.pl\/index.php?rest_route=\/wp\/v2\/posts\/516\/revisions\/518"}],"wp:featuredmedia":[{"embeddable":true,"href":"https:\/\/wspomozycielka-lodz.pl\/index.php?rest_route=\/wp\/v2\/media\/321"}],"wp:attachment":[{"href":"https:\/\/wspomozycielka-lodz.pl\/index.php?rest_route=%2Fwp%2Fv2%2Fmedia&parent=516"}],"wp:term":[{"taxonomy":"category","embeddable":true,"href":"https:\/\/wspomozycielka-lodz.pl\/index.php?rest_route=%2Fwp%2Fv2%2Fcategories&post=516"},{"taxonomy":"post_tag","embeddable":true,"href":"https:\/\/wspomozycielka-lodz.pl\/index.php?rest_route=%2Fwp%2Fv2%2Ftags&post=516"}],"curies":[{"name":"wp","href":"https:\/\/api.w.org\/{rel}","templated":true}]}}