{"id":514,"date":"2021-11-22T19:41:07","date_gmt":"2021-11-22T18:41:07","guid":{"rendered":"https:\/\/wspomozycielka-lodz.pl\/?p=514"},"modified":"2021-11-22T19:41:08","modified_gmt":"2021-11-22T18:41:08","slug":"ogloszenia-parafialne-21-11-2021-r","status":"publish","type":"post","link":"https:\/\/wspomozycielka-lodz.pl\/?p=514","title":{"rendered":"OG\u0141OSZENIA PARAFIALNE (21.11.2021 r.)"},"content":{"rendered":"\n<p>1. Modlitwa r\u00f3\u017ca\u0144cowa za naszych zmar\u0142ych polecanych w wypominkach do wtorku o godz. 17.15, w \u015brod\u0119 o 17.00 (z ho\u0142dem ku czci Maryi Wspomo\u017cycielki), a od czwartku o 17.30.<\/p>\n\n\n\n<p>2. We wtorek po Mszy wieczornej spotkanie z rozwa\u017caniem S\u0142owa Bo\u017cego.<\/p>\n\n\n\n<p>3. W \u015brod\u0119 o godz. 17.00 ho\u0142d ku czci Maryi Wspomo\u017cycielki.<\/p>\n\n\n\n<p>4. W czwartek po Mszy \u015bw. wieczornej adoracja Naj\u015bwi\u0119tszego Sakramentu.<\/p>\n\n\n\n<p>5. Dzi\u015b s\u0105 spotkania kandydat\u00f3w do bierzmowania. Zapraszamy uczni\u00f3w kl. I na Msz\u0119 o godz. 10, a uczni\u00f3w klas VII i VIII na Msz\u0119 o 11.30.<\/p>\n\n\n\n<p>6. Natomiast w przysz\u0142\u0105 niedziel\u0119 o 11.30 jest spotkanie rodzic\u00f3w i dzieci przygotowuj\u0105cych si\u0119 do pierwszej Komunii \u015awi\u0119tej.<\/p>\n\n\n\n<p>7. Dzi\u015b w Polsce przeprowadzana jest zbi\u00f3rka ofiar do puszek na rzecz migrant\u00f3w z granicy polsko-bia\u0142oruskiej. \u015arodki zebrane podczas tej kwesty zostan\u0105 przeznaczone na finansowanie dzia\u0142a\u0144 pomocowych na terenach przygranicznych. <\/p>\n\n\n\n<p>8. Z naszej wsp\u00f3lnoty parafialnej do wieczno\u015bci odesz\u0142a Anna Owczarek, lat 83. Niespodziewanie w minion\u0105 niedziel\u0119 rano odszed\u0142 do domu Ojca w niebie nasz wsp\u00f3\u0142brat &#8211; ks. Stanis\u0142aw Hajkowski. Prze\u017cy\u0142 68 lat, w tym 50 lat \u015blub\u00f3w zakonnych i 41 lat kap\u0142a\u0144stwa. Spocz\u0105\u0142 w rodzinnych stronach na cmentarzu w R\u00f3\u017canymstoku. <em>Wieczny odpoczynek racz im da\u0107, Panie<\/em>&#8230;<\/p>\n","protected":false},"excerpt":{"rendered":"<p>1. Modlitwa r\u00f3\u017ca\u0144cowa za naszych zmar\u0142ych polecanych w wypominkach do wtorku o godz. 17.15, w \u015brod\u0119 o 17.00 (z ho\u0142dem ku czci Maryi Wspomo\u017cycielki), a od czwartku o 17.30. 2. We wtorek po Mszy wieczornej spotkanie z rozwa\u017caniem S\u0142owa Bo\u017cego. 3. W \u015brod\u0119 o godz. 17.00 ho\u0142d ku czci Maryi [&hellip;]<\/p>\n","protected":false},"author":2,"featured_media":320,"comment_status":"open","ping_status":"open","sticky":false,"template":"","format":"standard","meta":{"footnotes":""},"categories":[2],"tags":[],"class_list":["post-514","post","type-post","status-publish","format-standard","has-post-thumbnail","hentry","category-aktualnosci"],"_links":{"self":[{"href":"https:\/\/wspomozycielka-lodz.pl\/index.php?rest_route=\/wp\/v2\/posts\/514","targetHints":{"allow":["GET"]}}],"collection":[{"href":"https:\/\/wspomozycielka-lodz.pl\/index.php?rest_route=\/wp\/v2\/posts"}],"about":[{"href":"https:\/\/wspomozycielka-lodz.pl\/index.php?rest_route=\/wp\/v2\/types\/post"}],"author":[{"embeddable":true,"href":"https:\/\/wspomozycielka-lodz.pl\/index.php?rest_route=\/wp\/v2\/users\/2"}],"replies":[{"embeddable":true,"href":"https:\/\/wspomozycielka-lodz.pl\/index.php?rest_route=%2Fwp%2Fv2%2Fcomments&post=514"}],"version-history":[{"count":1,"href":"https:\/\/wspomozycielka-lodz.pl\/index.php?rest_route=\/wp\/v2\/posts\/514\/revisions"}],"predecessor-version":[{"id":515,"href":"https:\/\/wspomozycielka-lodz.pl\/index.php?rest_route=\/wp\/v2\/posts\/514\/revisions\/515"}],"wp:featuredmedia":[{"embeddable":true,"href":"https:\/\/wspomozycielka-lodz.pl\/index.php?rest_route=\/wp\/v2\/media\/320"}],"wp:attachment":[{"href":"https:\/\/wspomozycielka-lodz.pl\/index.php?rest_route=%2Fwp%2Fv2%2Fmedia&parent=514"}],"wp:term":[{"taxonomy":"category","embeddable":true,"href":"https:\/\/wspomozycielka-lodz.pl\/index.php?rest_route=%2Fwp%2Fv2%2Fcategories&post=514"},{"taxonomy":"post_tag","embeddable":true,"href":"https:\/\/wspomozycielka-lodz.pl\/index.php?rest_route=%2Fwp%2Fv2%2Ftags&post=514"}],"curies":[{"name":"wp","href":"https:\/\/api.w.org\/{rel}","templated":true}]}}