{"id":512,"date":"2021-11-22T19:40:05","date_gmt":"2021-11-22T18:40:05","guid":{"rendered":"https:\/\/wspomozycielka-lodz.pl\/?p=512"},"modified":"2021-11-22T19:40:06","modified_gmt":"2021-11-22T18:40:06","slug":"intencje-mszalne-21-27-11-2021","status":"publish","type":"post","link":"https:\/\/wspomozycielka-lodz.pl\/?p=512","title":{"rendered":"INTENCJE MSZALNE (21-27.11.2021)"},"content":{"rendered":"\n<p><\/p>\n\n\n\n<p><strong>Niedziela<\/strong><\/p>\n\n\n\n<p>8.30&nbsp;&nbsp;&nbsp; W intencji przeb\u0142agalnej za grzechy Joanny, jej rodziny, krewnych i wszystkich przodk\u00f3w (20)<\/p>\n\n\n\n<p>8.30&nbsp;&nbsp;&nbsp; Dzi\u0119kczynno-b\u0142agalna w intencji Micha\u0142a przez wstawiennictwo Matki Bo\u017cej i \u015bw. J\u00f3zefa z pro\u015bb\u0105 o Bo\u017ce b\u0142ogos\u0142awie\u0144stwo i wype\u0142nienie woli Bo\u017cej w \u017cyciu jego i rodziny<\/p>\n\n\n\n<p>8.30&nbsp;&nbsp;&nbsp; W intencji wszystkich przodk\u00f3w Joanny o z\u0142amanie wszystkich przekle\u0144stw i czar\u00f3w<\/p>\n\n\n\n<p>8.30&nbsp;&nbsp;&nbsp; W intencji Ojczyzny o pok\u00f3j w sercach i kraju<\/p>\n\n\n\n<p>10.00&nbsp; O \u0142ask\u0119 zdrowia dla Katarzyny<\/p>\n\n\n\n<p>10.00&nbsp; + Halina i Stanis\u0142aw Bieniek, gr. 21<\/p>\n\n\n\n<p>10.00&nbsp; + ks. Stanis\u0142aw Hajkowski (<em>int. od Ochotniczek Ksi\u0119dza Bosko<\/em>)<\/p>\n\n\n\n<p>11.30&nbsp; + Stanis\u0142aw i Honorata Ruszczyk; Marianna Rydel<\/p>\n\n\n\n<p>11.30&nbsp; + Stefan Jab\u0142o\u0144ski (<em>by\u0142y wychowanek szko\u0142y salezja\u0144skiej<\/em>)<\/p>\n\n\n\n<p>18.00&nbsp; + Marianna G\u0105siorowska, aby dost\u0105pi\u0142a Bo\u017cego mi\u0142osierdzia, by\u0142a w gronie zbawionych w niebie i mog\u0142a chwali\u0107 Boga na wieki, gr. 21<\/p>\n\n\n\n<p>18.00&nbsp; + Helena Kaczmarek (<em>od rodziny Mi\u015bkiewicz\u00f3w<\/em>)<\/p>\n\n\n\n<p><strong>Poniedzia\u0142ek<\/strong><\/p>\n\n\n\n<p><a>7.30&nbsp;&nbsp;&nbsp; <\/a>+ Halina i Stanis\u0142aw Bieniek, gr. 21<\/p>\n\n\n\n<p>7.30&nbsp;&nbsp;&nbsp; + Cecylia Donifacy<\/p>\n\n\n\n<p>7.30&nbsp;&nbsp;&nbsp; Dzi\u0119kczynno-b\u0142agalna w intencji Micha\u0142a przez wstawiennictwo Matki Bo\u017cej i \u015bw. J\u00f3zefa z pro\u015bb\u0105 o Bo\u017ce b\u0142ogos\u0142awie\u0144stwo i wype\u0142nienie woli Bo\u017cej w \u017cyciu jego i rodziny<\/p>\n\n\n\n<p>7.30&nbsp;&nbsp;&nbsp; + Roman Weder (10 rocz. \u015bm.)<\/p>\n\n\n\n<p>7.30&nbsp;&nbsp;&nbsp; W intencji wszystkich przodk\u00f3w Joanny o z\u0142amanie wszystkich przekle\u0144stw i czar\u00f3w<\/p>\n\n\n\n<p>7.30&nbsp;&nbsp;&nbsp; + Stanis\u0142aw Hajkowski (<em>int. od pracownik\u00f3w szko\u0142y i domu<\/em>)<\/p>\n\n\n\n<p>18.00&nbsp; W intencji przeb\u0142agalnej za grzechy Joanny, jej rodziny, krewnych i wszystkich przodk\u00f3w (21)<\/p>\n\n\n\n<p>18.00&nbsp; + Marianna G\u0105siorowska, aby dost\u0105pi\u0142a Bo\u017cego mi\u0142osierdzia, by\u0142a w gronie zbawionych w niebie i mog\u0142a chwali\u0107 Boga na wieki, gr. 22<\/p>\n\n\n\n<p>18.00&nbsp; + Anna Opasi\u0144ska (42 rocz. \u015bm.)<\/p>\n\n\n\n<p>18.00&nbsp; + Mieczys\u0142aw G\u00f3rny<\/p>\n\n\n\n<p><strong>Wtorek<\/strong><\/p>\n\n\n\n<p>7.30&nbsp;&nbsp;&nbsp; + Halina i Stanis\u0142aw Bieniek, gr. 23<\/p>\n\n\n\n<p>7.30&nbsp;&nbsp;&nbsp; Za dusze w czy\u015b\u0107cu cierpi\u0105ce, a przez ich wstawiennictwo o \u0142ask\u0119 powo\u0142a\u0144 kap\u0142a\u0144skich i zakonnych<\/p>\n\n\n\n<p>7.30&nbsp;&nbsp;&nbsp; W intencji wszystkich przodk\u00f3w Joanny o z\u0142amanie wszystkich przekle\u0144stw i czar\u00f3w<\/p>\n\n\n\n<p>18.00&nbsp; W intencji przeb\u0142agalnej za grzechy Joanny, jej rodziny, krewnych i wszystkich przodk\u00f3w (22)<\/p>\n\n\n\n<p>18.00&nbsp; + Marianna G\u0105siorowska, aby dost\u0105pi\u0142a Bo\u017cego mi\u0142osierdzia, by\u0142a w gronie zbawionych w niebie i mog\u0142a chwali\u0107 Boga na wieki, gr. 23<\/p>\n\n\n\n<p>18.00&nbsp; + Mariola Marek<\/p>\n\n\n\n<p><strong>\u015aroda<\/strong><\/p>\n\n\n\n<p>7.30&nbsp;&nbsp;&nbsp; + Halina i Stanis\u0142aw Bieniek, gr. 24<\/p>\n\n\n\n<p>7.30&nbsp;&nbsp;&nbsp; Za dusze w czy\u015b\u0107cu cierpi\u0105ce, a przez ich wstawiennictwo o \u0142ask\u0119 powo\u0142a\u0144 kap\u0142a\u0144skich i zakonnych<\/p>\n\n\n\n<p>7.30&nbsp;&nbsp;&nbsp; W intencji wszystkich przodk\u00f3w Joanny o z\u0142amanie wszystkich przekle\u0144stw i czar\u00f3w<\/p>\n\n\n\n<p>18.00&nbsp; W intencji cz\u0142onk\u00f3w Sodalicji Maria\u0144skiej: dla \u017cywych o Bo\u017ce b\u0142ogos\u0142awie\u0144stwo i dla zmar\u0142ych o wieczn\u0105 rado\u015b\u0107<\/p>\n\n\n\n<p>18.00&nbsp; W intencji przeb\u0142agalnej za grzechy Joanny, jej rodziny, krewnych i wszystkich przodk\u00f3w (23)<\/p>\n\n\n\n<p>18.00&nbsp; + Marianna G\u0105siorowska, aby dost\u0105pi\u0142a Bo\u017cego mi\u0142osierdzia, by\u0142a w gronie zbawionych w niebie i mog\u0142a chwali\u0107 Boga na wieki, gr. 24<\/p>\n\n\n\n<p>18.00&nbsp; Za dusze w czy\u015b\u0107cu cierpi\u0105ce<\/p>\n\n\n\n<p>18.00&nbsp; Za zmar\u0142ych ministrant\u00f3w z tutejszej parafii, ich ksi\u0119\u017cy opiekun\u00f3w i rodziny<\/p>\n\n\n\n<p><strong>Czwartek<\/strong><\/p>\n\n\n\n<p>7.30&nbsp;&nbsp;&nbsp; Za zmar\u0142ych rodzic\u00f3w wsp\u00f3\u0142braci<\/p>\n\n\n\n<p>7.30&nbsp;&nbsp;&nbsp; + Halina i Stanis\u0142aw Bieniek, gr. 25<\/p>\n\n\n\n<p>7.30&nbsp;&nbsp;&nbsp; Za dusze w czy\u015b\u0107cu cierpi\u0105ce, a przez ich wstawiennictwo o \u0142ask\u0119 powo\u0142a\u0144 kap\u0142a\u0144skich i zakonnych<\/p>\n\n\n\n<p>7.30&nbsp;&nbsp;&nbsp; W intencji wszystkich przodk\u00f3w Joanny o z\u0142amanie wszystkich przekle\u0144stw i czar\u00f3w<\/p>\n\n\n\n<p>18.00&nbsp; W intencji przeb\u0142agalnej za grzechy Joanny, jej rodziny, krewnych i wszystkich przodk\u00f3w (24)<\/p>\n\n\n\n<p>18.00&nbsp; + Marianna G\u0105siorowska, aby dost\u0105pi\u0142a Bo\u017cego mi\u0142osierdzia, by\u0142a w gronie zbawionych w niebie i mog\u0142a chwali\u0107 Boga na wieki, gr. 25<\/p>\n\n\n\n<p>18.00&nbsp; Za dusze w czy\u015b\u0107cu cierpi\u0105ce<\/p>\n\n\n\n<p><strong>Pi\u0105tek<\/strong><\/p>\n\n\n\n<p>7.30&nbsp;&nbsp;&nbsp; + Halina i Stanis\u0142aw Bieniek, gr. 26<\/p>\n\n\n\n<p>7.30&nbsp;&nbsp;&nbsp; W intencji wszystkich przodk\u00f3w Joanny o z\u0142amanie wszystkich przekle\u0144stw i czar\u00f3w<\/p>\n\n\n\n<p>18.00&nbsp; W intencji przeb\u0142agalnej za grzechy Joanny, jej rodziny, krewnych i wszystkich przodk\u00f3w (25)<\/p>\n\n\n\n<p>18.00&nbsp; + Marianna G\u0105siorowska, aby dost\u0105pi\u0142a Bo\u017cego mi\u0142osierdzia, by\u0142a w gronie zbawionych w niebie i mog\u0142a chwali\u0107 Boga na wieki, gr. 26<\/p>\n\n\n\n<p>18.00&nbsp; Za dusze w czy\u015b\u0107cu cierpi\u0105ce<\/p>\n\n\n\n<p><strong>Sobota<\/strong><\/p>\n\n\n\n<p>7.30&nbsp;&nbsp;&nbsp; <a>W intencji przeb\u0142agalnej za grzechy Joanny, jej rodziny, krewnych i wszystkich przodk\u00f3w (26)<\/a><\/p>\n\n\n\n<p>7.30&nbsp;&nbsp;&nbsp; + Halina i Stanis\u0142aw Bieniek, gr. 27<\/p>\n\n\n\n<p>7.30&nbsp;&nbsp;&nbsp; Za dusze w czy\u015b\u0107cu cierpi\u0105ce, a przez ich wstawiennictwo o \u0142ask\u0119 powo\u0142a\u0144 kap\u0142a\u0144skich i zakonnych<\/p>\n\n\n\n<p>7.30&nbsp;&nbsp;&nbsp; W intencji wszystkich przodk\u00f3w Joanny o z\u0142amanie wszystkich przekle\u0144stw i czar\u00f3w<\/p>\n\n\n\n<p>18.00&nbsp; + Adam Tomaszewski (6 rocz. \u015bm.)<\/p>\n\n\n\n<p>18.00\u00a0 + Marianna G\u0105siorowska, aby dost\u0105pi\u0142a Bo\u017cego mi\u0142osierdzia, by\u0142a w gronie zbawionych w niebie i mog\u0142a chwali\u0107 Boga na wieki, gr. 27 <\/p>\n\n\n\n<p>18.00\u00a0 + Katarzyna i Roman Bomba; Jadwiga i Antoni J\u0119draszek<\/p>\n\n\n\n<p><\/p>\n","protected":false},"excerpt":{"rendered":"<p>Niedziela 8.30&nbsp;&nbsp;&nbsp; W intencji przeb\u0142agalnej za grzechy Joanny, jej rodziny, krewnych i wszystkich przodk\u00f3w (20) 8.30&nbsp;&nbsp;&nbsp; Dzi\u0119kczynno-b\u0142agalna w intencji Micha\u0142a przez wstawiennictwo Matki Bo\u017cej i \u015bw. J\u00f3zefa z pro\u015bb\u0105 o Bo\u017ce b\u0142ogos\u0142awie\u0144stwo i wype\u0142nienie woli Bo\u017cej w \u017cyciu jego i rodziny 8.30&nbsp;&nbsp;&nbsp; W intencji wszystkich przodk\u00f3w Joanny o z\u0142amanie wszystkich [&hellip;]<\/p>\n","protected":false},"author":2,"featured_media":321,"comment_status":"open","ping_status":"open","sticky":false,"template":"","format":"standard","meta":{"footnotes":""},"categories":[2],"tags":[],"class_list":["post-512","post","type-post","status-publish","format-standard","has-post-thumbnail","hentry","category-aktualnosci"],"_links":{"self":[{"href":"https:\/\/wspomozycielka-lodz.pl\/index.php?rest_route=\/wp\/v2\/posts\/512","targetHints":{"allow":["GET"]}}],"collection":[{"href":"https:\/\/wspomozycielka-lodz.pl\/index.php?rest_route=\/wp\/v2\/posts"}],"about":[{"href":"https:\/\/wspomozycielka-lodz.pl\/index.php?rest_route=\/wp\/v2\/types\/post"}],"author":[{"embeddable":true,"href":"https:\/\/wspomozycielka-lodz.pl\/index.php?rest_route=\/wp\/v2\/users\/2"}],"replies":[{"embeddable":true,"href":"https:\/\/wspomozycielka-lodz.pl\/index.php?rest_route=%2Fwp%2Fv2%2Fcomments&post=512"}],"version-history":[{"count":1,"href":"https:\/\/wspomozycielka-lodz.pl\/index.php?rest_route=\/wp\/v2\/posts\/512\/revisions"}],"predecessor-version":[{"id":513,"href":"https:\/\/wspomozycielka-lodz.pl\/index.php?rest_route=\/wp\/v2\/posts\/512\/revisions\/513"}],"wp:featuredmedia":[{"embeddable":true,"href":"https:\/\/wspomozycielka-lodz.pl\/index.php?rest_route=\/wp\/v2\/media\/321"}],"wp:attachment":[{"href":"https:\/\/wspomozycielka-lodz.pl\/index.php?rest_route=%2Fwp%2Fv2%2Fmedia&parent=512"}],"wp:term":[{"taxonomy":"category","embeddable":true,"href":"https:\/\/wspomozycielka-lodz.pl\/index.php?rest_route=%2Fwp%2Fv2%2Fcategories&post=512"},{"taxonomy":"post_tag","embeddable":true,"href":"https:\/\/wspomozycielka-lodz.pl\/index.php?rest_route=%2Fwp%2Fv2%2Ftags&post=512"}],"curies":[{"name":"wp","href":"https:\/\/api.w.org\/{rel}","templated":true}]}}