{"id":507,"date":"2021-11-15T16:40:10","date_gmt":"2021-11-15T15:40:10","guid":{"rendered":"https:\/\/wspomozycielka-lodz.pl\/?p=507"},"modified":"2021-11-15T16:40:11","modified_gmt":"2021-11-15T15:40:11","slug":"intencje-mszalne-14-20-11-2021","status":"publish","type":"post","link":"https:\/\/wspomozycielka-lodz.pl\/?p=507","title":{"rendered":"INTENCJE MSZALNE (14-20.11.2021)"},"content":{"rendered":"\n<p><strong>Niedziela<\/strong><\/p>\n\n\n\n<p>8.30&nbsp;&nbsp;&nbsp; W intencji przeb\u0142agalnej za grzechy Joanny, jej rodziny, krewnych i wszystkich przodk\u00f3w (13)<\/p>\n\n\n\n<p>8.30&nbsp;&nbsp;&nbsp; Dzi\u0119kczynno-b\u0142agalna w intencji Micha\u0142a przez wstawiennictwo Matki Bo\u017cej i \u015bw. J\u00f3zefa z pro\u015bb\u0105 o Bo\u017ce b\u0142ogos\u0142awie\u0144stwo i wype\u0142nienie woli Bo\u017cej w \u017cyciu jego i rodziny<\/p>\n\n\n\n<p>10.00&nbsp; + Dariusz Adamczewski, gr. 28<\/p>\n\n\n\n<p>10.00&nbsp; + Jerzy i Janina Rze\u017aniczak<\/p>\n\n\n\n<p>10.00&nbsp; + Halina i Stanis\u0142aw Bieniek, gr. 14<\/p>\n\n\n\n<p>11.30&nbsp; W intencji Salezjan\u00f3w Wsp\u00f3\u0142pracownik\u00f3w, a szczeg\u00f3lnie solenizant\u00f3w<\/p>\n\n\n\n<p>11.30&nbsp; Przeb\u0142agalna za dotychczasowe grzechy, z pro\u015bb\u0105 o b\u0142ogos\u0142awie\u0144stwo Bo\u017ce na dalsze lata \u017cycia Wojtka i Kasi<\/p>\n\n\n\n<p>18.00&nbsp; + Marianna G\u0105siorowska, aby dost\u0105pi\u0142a Bo\u017cego mi\u0142osierdzia, by\u0142a w gronie zbawionych w niebie i mog\u0142a chwali\u0107 Boga na wieki, gr. 14<\/p>\n\n\n\n<p>18.00&nbsp; + Helena Kaczmarek (<em>int. od wnuka Damiana i narzeczonej oraz wnuczki Patrycji<\/em>)<\/p>\n\n\n\n<p><strong>Poniedzia\u0142ek<\/strong><\/p>\n\n\n\n<p><a>7.30&nbsp;&nbsp;&nbsp; <\/a>+ Halina i Stanis\u0142aw Bieniek, gr. 15<\/p>\n\n\n\n<p>7.30&nbsp;&nbsp;&nbsp; + Dariusz Adamczewski, gr. 29<\/p>\n\n\n\n<p>7.30&nbsp;&nbsp;&nbsp; Dzi\u0119kczynno-b\u0142agalna w intencji Micha\u0142a przez wstawiennictwo Matki Bo\u017cej i \u015bw. J\u00f3zefa z pro\u015bb\u0105 o Bo\u017ce b\u0142ogos\u0142awie\u0144stwo i wype\u0142nienie woli Bo\u017cej w \u017cyciu jego i rodziny<\/p>\n\n\n\n<p>18.00&nbsp; O Bo\u017ce b\u0142ogos\u0142awie\u0144stwo dla Beaty i jej rodziny z okazji jej 57 urodzin<\/p>\n\n\n\n<p>18.00&nbsp; W intencji przeb\u0142agalnej za grzechy Joanny, jej rodziny, krewnych i wszystkich przodk\u00f3w (14)<\/p>\n\n\n\n<p>18.00&nbsp; + Marianna G\u0105siorowska, aby dost\u0105pi\u0142a Bo\u017cego mi\u0142osierdzia, by\u0142a w gronie zbawionych w niebie i mog\u0142a chwali\u0107 Boga na wieki, gr. 15<\/p>\n\n\n\n<p>18.00&nbsp; + Wac\u0142awa (f) i Jan Wich\u0142acz; Micha\u0142 Wich\u0142acz; J\u00f3zef Przyby\u0142; Urszula Seitz<\/p>\n\n\n\n<p><strong>Wtorek<\/strong><\/p>\n\n\n\n<p>7.30&nbsp;&nbsp;&nbsp; + Halina i Stanis\u0142aw Bieniek, gr. 16<\/p>\n\n\n\n<p>7.30&nbsp;&nbsp;&nbsp; + Dariusz Adamczewski, gr. 30<\/p>\n\n\n\n<p>7.30&nbsp;&nbsp;&nbsp; Dzi\u0119kczynno-b\u0142agalna w intencji Micha\u0142a przez wstawiennictwo Matki Bo\u017cej i \u015bw. J\u00f3zefa z pro\u015bb\u0105 o Bo\u017ce b\u0142ogos\u0142awie\u0144stwo i wype\u0142nienie woli Bo\u017cej w \u017cyciu jego i rodziny<\/p>\n\n\n\n<p>18.00&nbsp; W intencji Wioletty i Micha\u0142a z okazji 2 rocznicy \u015blubu o Bo\u017ce b\u0142ogos\u0142awie\u0144stwo<\/p>\n\n\n\n<p>18.00&nbsp; W intencji przeb\u0142agalnej za grzechy Joanny, jej rodziny, krewnych i wszystkich przodk\u00f3w (15)<\/p>\n\n\n\n<p>18.00&nbsp; + Marianna G\u0105siorowska, aby dost\u0105pi\u0142a Bo\u017cego mi\u0142osierdzia, by\u0142a w gronie zbawionych w niebie i mog\u0142a chwali\u0107 Boga na wieki, gr. 16<\/p>\n\n\n\n<p>18.00&nbsp; + Iwona Bator (1 rocz. \u015bm.)<\/p>\n\n\n\n<p><strong>\u015aroda<\/strong><\/p>\n\n\n\n<p>7.30&nbsp;&nbsp;&nbsp; + Halina i Stanis\u0142aw Bieniek, gr. 17<\/p>\n\n\n\n<p>7.30&nbsp;&nbsp;&nbsp; Dzi\u0119kczynno-b\u0142agalna w intencji Micha\u0142a przez wstawiennictwo Matki Bo\u017cej i \u015bw. J\u00f3zefa z pro\u015bb\u0105 o Bo\u017ce b\u0142ogos\u0142awie\u0144stwo i wype\u0142nienie woli Bo\u017cej w \u017cyciu jego i rodziny<\/p>\n\n\n\n<p>7.30&nbsp;&nbsp;&nbsp; Za zmar\u0142ych rodzic\u00f3w, rodze\u0144stwo i zmar\u0142ych z obojga stron<\/p>\n\n\n\n<p>18.00&nbsp; W intencji El\u017cbiety St\u0119pniak z okazji imienin o Bo\u017ce b\u0142ogos\u0142awie\u0144stwo i opiek\u0119 Matki Bo\u017cej<\/p>\n\n\n\n<p>18.00&nbsp; W intencji przeb\u0142agalnej za grzechy Joanny, jej rodziny, krewnych i wszystkich przodk\u00f3w (16)<\/p>\n\n\n\n<p>18.00&nbsp; + Marianna G\u0105siorowska, aby dost\u0105pi\u0142a Bo\u017cego mi\u0142osierdzia, by\u0142a w gronie zbawionych w niebie i mog\u0142a chwali\u0107 Boga na wieki, gr. 17<\/p>\n\n\n\n<p>18.00&nbsp; + Ewa K\u0119dzia (int. od rodziny Kurk\u00f3w i Przywar\u00f3w)<\/p>\n\n\n\n<p><strong>Czwartek<\/strong><\/p>\n\n\n\n<p>7.30&nbsp;&nbsp;&nbsp; + Halina i Stanis\u0142aw Bieniek, gr. 18<\/p>\n\n\n\n<p>7.30&nbsp;&nbsp;&nbsp; + Wac\u0142awa (f) i Wac\u0142aw Sanik<\/p>\n\n\n\n<p>7.30&nbsp;&nbsp;&nbsp; Za zmar\u0142ych z rodzin pani Katarzyny i pana \u0141ukasza oraz ich wstawiennictwo w pracy dydaktycznej w kl. II d<\/p>\n\n\n\n<p>18.00&nbsp; W intencji przeb\u0142agalnej za grzechy Joanny, jej rodziny, krewnych i wszystkich przodk\u00f3w (17)<\/p>\n\n\n\n<p>18.00&nbsp; Dzi\u0119kczynno-b\u0142agalna w intencji Micha\u0142a przez wstawiennictwo Matki Bo\u017cej i \u015bw. J\u00f3zefa z pro\u015bb\u0105 o Bo\u017ce b\u0142ogos\u0142awie\u0144stwo i wype\u0142nienie woli Bo\u017cej w \u017cyciu jego i rodziny<\/p>\n\n\n\n<p>18.00&nbsp; + Marianna G\u0105siorowska, aby dost\u0105pi\u0142a Bo\u017cego mi\u0142osierdzia, by\u0142a w gronie zbawionych w niebie i mog\u0142a chwali\u0107 Boga na wieki, gr. 18<\/p>\n\n\n\n<p><strong>Pi\u0105tek<\/strong><\/p>\n\n\n\n<p>7.30&nbsp;&nbsp;&nbsp; + Halina i Stanis\u0142aw Bieniek, gr. 19<\/p>\n\n\n\n<p>7.30&nbsp;&nbsp;&nbsp; Dzi\u0119kczynno-b\u0142agalna w intencji Micha\u0142a przez wstawiennictwo Matki Bo\u017cej i \u015bw. J\u00f3zefa z pro\u015bb\u0105 o Bo\u017ce b\u0142ogos\u0142awie\u0144stwo i wype\u0142nienie woli Bo\u017cej w \u017cyciu jego i rodziny<\/p>\n\n\n\n<p>7.30&nbsp;&nbsp;&nbsp; + ks. Tadeusz Bazylczuk<\/p>\n\n\n\n<p>18.00&nbsp; W intencji przeb\u0142agalnej za grzechy Joanny, jej rodziny, krewnych i wszystkich przodk\u00f3w (18)<\/p>\n\n\n\n<p>18.00&nbsp; + Marianna G\u0105siorowska, aby dost\u0105pi\u0142a Bo\u017cego mi\u0142osierdzia, by\u0142a w gronie zbawionych w niebie i mog\u0142a chwali\u0107 Boga na wieki, gr. 19<\/p>\n\n\n\n<p><strong>Sobota<\/strong><\/p>\n\n\n\n<p>7.30&nbsp;&nbsp;&nbsp; + Halina i Stanis\u0142aw Bieniek, gr. 20<\/p>\n\n\n\n<p>7.30&nbsp;&nbsp;&nbsp; Dzi\u0119kczynno-b\u0142agalna w intencji Micha\u0142a przez wstawiennictwo Matki Bo\u017cej i \u015bw. J\u00f3zefa z pro\u015bb\u0105 o Bo\u017ce b\u0142ogos\u0142awie\u0144stwo i wype\u0142nienie woli Bo\u017cej w \u017cyciu jego i rodziny<\/p>\n\n\n\n<p>7.30&nbsp;&nbsp;&nbsp; W intencji przeb\u0142agalnej za grzechy Joanny, jej rodziny, krewnych i wszystkich przodk\u00f3w (19)<\/p>\n\n\n\n<p>7.30\u00a0\u00a0\u00a0 + Jan Strzy\u017cewski <\/p>\n\n\n\n<p>18.00\u00a0 + Marianna G\u0105siorowska, aby dost\u0105pi\u0142a Bo\u017cego mi\u0142osierdzia, by\u0142a w gronie zbawionych w niebie i mog\u0142a chwali\u0107 Boga na wieki, gr. 20<\/p>\n","protected":false},"excerpt":{"rendered":"<p>Niedziela 8.30&nbsp;&nbsp;&nbsp; W intencji przeb\u0142agalnej za grzechy Joanny, jej rodziny, krewnych i wszystkich przodk\u00f3w (13) 8.30&nbsp;&nbsp;&nbsp; Dzi\u0119kczynno-b\u0142agalna w intencji Micha\u0142a przez wstawiennictwo Matki Bo\u017cej i \u015bw. J\u00f3zefa z pro\u015bb\u0105 o Bo\u017ce b\u0142ogos\u0142awie\u0144stwo i wype\u0142nienie woli Bo\u017cej w \u017cyciu jego i rodziny 10.00&nbsp; + Dariusz Adamczewski, gr. 28 10.00&nbsp; + Jerzy [&hellip;]<\/p>\n","protected":false},"author":2,"featured_media":321,"comment_status":"open","ping_status":"open","sticky":false,"template":"","format":"standard","meta":{"footnotes":""},"categories":[2],"tags":[],"class_list":["post-507","post","type-post","status-publish","format-standard","has-post-thumbnail","hentry","category-aktualnosci"],"_links":{"self":[{"href":"https:\/\/wspomozycielka-lodz.pl\/index.php?rest_route=\/wp\/v2\/posts\/507","targetHints":{"allow":["GET"]}}],"collection":[{"href":"https:\/\/wspomozycielka-lodz.pl\/index.php?rest_route=\/wp\/v2\/posts"}],"about":[{"href":"https:\/\/wspomozycielka-lodz.pl\/index.php?rest_route=\/wp\/v2\/types\/post"}],"author":[{"embeddable":true,"href":"https:\/\/wspomozycielka-lodz.pl\/index.php?rest_route=\/wp\/v2\/users\/2"}],"replies":[{"embeddable":true,"href":"https:\/\/wspomozycielka-lodz.pl\/index.php?rest_route=%2Fwp%2Fv2%2Fcomments&post=507"}],"version-history":[{"count":1,"href":"https:\/\/wspomozycielka-lodz.pl\/index.php?rest_route=\/wp\/v2\/posts\/507\/revisions"}],"predecessor-version":[{"id":508,"href":"https:\/\/wspomozycielka-lodz.pl\/index.php?rest_route=\/wp\/v2\/posts\/507\/revisions\/508"}],"wp:featuredmedia":[{"embeddable":true,"href":"https:\/\/wspomozycielka-lodz.pl\/index.php?rest_route=\/wp\/v2\/media\/321"}],"wp:attachment":[{"href":"https:\/\/wspomozycielka-lodz.pl\/index.php?rest_route=%2Fwp%2Fv2%2Fmedia&parent=507"}],"wp:term":[{"taxonomy":"category","embeddable":true,"href":"https:\/\/wspomozycielka-lodz.pl\/index.php?rest_route=%2Fwp%2Fv2%2Fcategories&post=507"},{"taxonomy":"post_tag","embeddable":true,"href":"https:\/\/wspomozycielka-lodz.pl\/index.php?rest_route=%2Fwp%2Fv2%2Ftags&post=507"}],"curies":[{"name":"wp","href":"https:\/\/api.w.org\/{rel}","templated":true}]}}