{"id":503,"date":"2021-11-07T21:23:22","date_gmt":"2021-11-07T20:23:22","guid":{"rendered":"https:\/\/wspomozycielka-lodz.pl\/?p=503"},"modified":"2021-11-07T21:23:23","modified_gmt":"2021-11-07T20:23:23","slug":"intencje-mszalne-7-13-11-2021","status":"publish","type":"post","link":"https:\/\/wspomozycielka-lodz.pl\/?p=503","title":{"rendered":"INTENCJE MSZALNE (7-13.11.2021)"},"content":{"rendered":"\n<p><strong>Niedziela<\/strong><\/p>\n\n\n\n<p>8.30&nbsp;&nbsp;&nbsp; W intencji przeb\u0142agalnej za grzechy Joanny, jej rodziny, krewnych i wszystkich przodk\u00f3w (6)<\/p>\n\n\n\n<p>8.30&nbsp;&nbsp;&nbsp; W intencji Ks. Proboszcza z okazji imienin<\/p>\n\n\n\n<p>8.30&nbsp;&nbsp;&nbsp; W intencji \u0141ukasza Wojtalika o \u0142ask\u0119 zdrowia<\/p>\n\n\n\n<p>10.00 + Dariusz Adamczewski, gr. 21<\/p>\n\n\n\n<p>10.00 + Halina i Stanis\u0142aw Bieniek, gr. 7<\/p>\n\n\n\n<p>10.00 O \u0142ask\u0119 zdrowia dla Emmy<\/p>\n\n\n\n<p>11.30&nbsp; Dzi\u0119kczynno-b\u0142agalna w intencji Lecha Smuga w 70 rocznic\u0119 urodzin<\/p>\n\n\n\n<p>11.30&nbsp; Za zmar\u0142ych z rodziny Wieczork\u00f3w i Fili\u0144skich<\/p>\n\n\n\n<p>11.30&nbsp; + Henryk Czechowski (1 rocz. \u015bm.)<\/p>\n\n\n\n<p>18.00&nbsp; + Ewa K\u0119dzia (<em>od chrzestnej Janiny z rodzin\u0105<\/em>)<\/p>\n\n\n\n<p>18.00&nbsp; + Marianna G\u0105siorowska, aby dost\u0105pi\u0142a Bo\u017cego mi\u0142osierdzia, by\u0142a w gronie zbawionych w niebie i mog\u0142a chwali\u0107 Boga na wieki, gr. 7<\/p>\n\n\n\n<p>18.00&nbsp; + Helena Kaczmarek (<em>od syna z \u017con\u0105<\/em>)<\/p>\n\n\n\n<p><strong>Poniedzia\u0142ek<\/strong><\/p>\n\n\n\n<p>7.30&nbsp;&nbsp;&nbsp; + Halina i Stanis\u0142aw Bieniek, gr. 8<\/p>\n\n\n\n<p>7.30&nbsp;&nbsp;&nbsp; + Dariusz Adamczewski, gr. 22<\/p>\n\n\n\n<p>7.30&nbsp;&nbsp;&nbsp; Za zmar\u0142ych rodzic\u00f3w, rodze\u0144stwo i zmar\u0142ych z obojga stron<\/p>\n\n\n\n<p>18.00&nbsp; W intencji przeb\u0142agalnej za grzechy Joanny, jej rodziny, krewnych i wszystkich przodk\u00f3w (7)<\/p>\n\n\n\n<p>18.00&nbsp; + Marianna G\u0105siorowska, aby dost\u0105pi\u0142a Bo\u017cego mi\u0142osierdzia, by\u0142a w gronie zbawionych w niebie i mog\u0142a chwali\u0107 Boga na wieki, gr. 8<\/p>\n\n\n\n<p>18.00&nbsp; + Jan, J\u00f3zef, Irena i wszyscy zmarli z rodziny Klejbuk; Marianna i W\u0142adys\u0142aw Sepko<\/p>\n\n\n\n<p><strong>Wtorek<\/strong><\/p>\n\n\n\n<p>7.30&nbsp;&nbsp;&nbsp; + Halina i Stanis\u0142aw Bieniek, gr. 9<\/p>\n\n\n\n<p>7.30&nbsp;&nbsp;&nbsp; + Dariusz Adamczewski, gr. 23<\/p>\n\n\n\n<p>7.30&nbsp;&nbsp;&nbsp; Za dusze czy\u015b\u0107cowe kap\u0142an\u00f3w<\/p>\n\n\n\n<p>18.00&nbsp; W intencji przeb\u0142agalnej za grzechy Joanny, jej rodziny, krewnych i wszystkich przodk\u00f3w (8)<\/p>\n\n\n\n<p>18.00&nbsp; + Marianna G\u0105siorowska, aby dost\u0105pi\u0142a Bo\u017cego mi\u0142osierdzia, by\u0142a w gronie zbawionych w niebie i mog\u0142a chwali\u0107 Boga na wieki, gr. 9<\/p>\n\n\n\n<p>18.00&nbsp; + Franciszek Jagodzi\u0144ski<\/p>\n\n\n\n<p><strong>\u015aroda<\/strong><\/p>\n\n\n\n<p>7.30&nbsp;&nbsp;&nbsp; + Halina i Stanis\u0142aw Bieniek, gr. 10<\/p>\n\n\n\n<p>7.30&nbsp;&nbsp;&nbsp; + Dariusz Adamczewski, gr. 24<\/p>\n\n\n\n<p>7.30&nbsp;&nbsp;&nbsp; Za dusze czy\u015b\u0107cowe kap\u0142an\u00f3w<\/p>\n\n\n\n<p>18.00&nbsp; W intencji przeb\u0142agalnej za grzechy Joanny, jej rodziny, krewnych i wszystkich przodk\u00f3w (9)<\/p>\n\n\n\n<p>18.00&nbsp; + Marianna G\u0105siorowska, aby dost\u0105pi\u0142a Bo\u017cego mi\u0142osierdzia, by\u0142a w gronie zbawionych w niebie i mog\u0142a chwali\u0107 Boga na wieki, gr. 10<\/p>\n\n\n\n<p><strong>Czwartek<\/strong><\/p>\n\n\n\n<p>7.30&nbsp;&nbsp;&nbsp; + Halina i Stanis\u0142aw Bieniek, gr.11<\/p>\n\n\n\n<p>7.30&nbsp;&nbsp;&nbsp; + Dariusz Adamczewski, gr. 25<\/p>\n\n\n\n<p>7.30&nbsp;&nbsp;&nbsp; Za dusze czy\u015b\u0107cowe kap\u0142an\u00f3w<\/p>\n\n\n\n<p>18.00&nbsp; W intencji przeb\u0142agalnej za grzechy Joanny, jej rodziny, krewnych i wszystkich przodk\u00f3w (10)<\/p>\n\n\n\n<p>18.00&nbsp; + Marianna G\u0105siorowska, aby dost\u0105pi\u0142a Bo\u017cego mi\u0142osierdzia, by\u0142a w gronie zbawionych w niebie i mog\u0142a chwali\u0107 Boga na wieki, gr. 11<\/p>\n\n\n\n<p>18.00&nbsp; + Ewa K\u0119dzia (<em>od chrze\u015bniaczki Magdaleny z rodzicami z Konina<\/em>)<\/p>\n\n\n\n<p><strong>Pi\u0105tek<\/strong><\/p>\n\n\n\n<p>7.30&nbsp;&nbsp;&nbsp; + Halina i Stanis\u0142aw Bieniek, gr. 12<\/p>\n\n\n\n<p>7.30&nbsp;&nbsp;&nbsp; + Dariusz Adamczewski, gr. 26<\/p>\n\n\n\n<p>7.30&nbsp;&nbsp;&nbsp; O intronizacj\u0119 Serca Jezusowego w rodzinach, w ojczy\u017anie i w ka\u017cdym sercu oraz o beatyfikacj\u0119 S\u0142u\u017cebnicy Bo\u017cej Rozalii Celak\u00f3wny<\/p>\n\n\n\n<p>18.00&nbsp; W intencji przeb\u0142agalnej za grzechy Joanny, jej rodziny, krewnych i wszystkich przodk\u00f3w (11)<\/p>\n\n\n\n<p>18.00&nbsp; + Marianna G\u0105siorowska, aby dost\u0105pi\u0142a Bo\u017cego mi\u0142osierdzia, by\u0142a w gronie zbawionych w niebie i mog\u0142a chwali\u0107 Boga na wieki, gr. 12<\/p>\n\n\n\n<p><strong>Sobota<\/strong><\/p>\n\n\n\n<p>7.30&nbsp;&nbsp;&nbsp; Za zmar\u0142ych dobrodziej\u00f3w i cz\u0142onk\u00f3w Rodziny Salezja\u0144skiej<\/p>\n\n\n\n<p>7.30&nbsp;&nbsp;&nbsp; W intencji przeb\u0142agalnej za grzechy Joanny, jej rodziny, krewnych i wszystkich przodk\u00f3w (12)<\/p>\n\n\n\n<p>7.30&nbsp;&nbsp;&nbsp; + Halina i Stanis\u0142aw Bieniek, gr. 13<\/p>\n\n\n\n<p>18.00\u00a0 + Dariusz Adamczewski, gr. 27 <\/p>\n\n\n\n<p>18.00\u00a0 + Marianna G\u0105siorowska, aby dost\u0105pi\u0142a Bo\u017cego mi\u0142osierdzia, by\u0142a w gronie zbawionych w niebie i mog\u0142a chwali\u0107 Boga na wieki, gr. 13<\/p>\n","protected":false},"excerpt":{"rendered":"<p>Niedziela 8.30&nbsp;&nbsp;&nbsp; W intencji przeb\u0142agalnej za grzechy Joanny, jej rodziny, krewnych i wszystkich przodk\u00f3w (6) 8.30&nbsp;&nbsp;&nbsp; W intencji Ks. Proboszcza z okazji imienin 8.30&nbsp;&nbsp;&nbsp; W intencji \u0141ukasza Wojtalika o \u0142ask\u0119 zdrowia 10.00 + Dariusz Adamczewski, gr. 21 10.00 + Halina i Stanis\u0142aw Bieniek, gr. 7 10.00 O \u0142ask\u0119 zdrowia dla [&hellip;]<\/p>\n","protected":false},"author":2,"featured_media":321,"comment_status":"open","ping_status":"open","sticky":false,"template":"","format":"standard","meta":{"footnotes":""},"categories":[2],"tags":[],"class_list":["post-503","post","type-post","status-publish","format-standard","has-post-thumbnail","hentry","category-aktualnosci"],"_links":{"self":[{"href":"https:\/\/wspomozycielka-lodz.pl\/index.php?rest_route=\/wp\/v2\/posts\/503","targetHints":{"allow":["GET"]}}],"collection":[{"href":"https:\/\/wspomozycielka-lodz.pl\/index.php?rest_route=\/wp\/v2\/posts"}],"about":[{"href":"https:\/\/wspomozycielka-lodz.pl\/index.php?rest_route=\/wp\/v2\/types\/post"}],"author":[{"embeddable":true,"href":"https:\/\/wspomozycielka-lodz.pl\/index.php?rest_route=\/wp\/v2\/users\/2"}],"replies":[{"embeddable":true,"href":"https:\/\/wspomozycielka-lodz.pl\/index.php?rest_route=%2Fwp%2Fv2%2Fcomments&post=503"}],"version-history":[{"count":1,"href":"https:\/\/wspomozycielka-lodz.pl\/index.php?rest_route=\/wp\/v2\/posts\/503\/revisions"}],"predecessor-version":[{"id":504,"href":"https:\/\/wspomozycielka-lodz.pl\/index.php?rest_route=\/wp\/v2\/posts\/503\/revisions\/504"}],"wp:featuredmedia":[{"embeddable":true,"href":"https:\/\/wspomozycielka-lodz.pl\/index.php?rest_route=\/wp\/v2\/media\/321"}],"wp:attachment":[{"href":"https:\/\/wspomozycielka-lodz.pl\/index.php?rest_route=%2Fwp%2Fv2%2Fmedia&parent=503"}],"wp:term":[{"taxonomy":"category","embeddable":true,"href":"https:\/\/wspomozycielka-lodz.pl\/index.php?rest_route=%2Fwp%2Fv2%2Fcategories&post=503"},{"taxonomy":"post_tag","embeddable":true,"href":"https:\/\/wspomozycielka-lodz.pl\/index.php?rest_route=%2Fwp%2Fv2%2Ftags&post=503"}],"curies":[{"name":"wp","href":"https:\/\/api.w.org\/{rel}","templated":true}]}}