{"id":501,"date":"2021-11-01T23:45:58","date_gmt":"2021-11-01T22:45:58","guid":{"rendered":"https:\/\/wspomozycielka-lodz.pl\/?p=501"},"modified":"2021-11-01T23:45:59","modified_gmt":"2021-11-01T22:45:59","slug":"ogloszenia-parafialne-31-10-2021-r","status":"publish","type":"post","link":"https:\/\/wspomozycielka-lodz.pl\/?p=501","title":{"rendered":"OG\u0141OSZENIA PARAFIALNE (31.10.2021 r.)"},"content":{"rendered":"\n<p>1. Dzi\u015b ostatnie nabo\u017ce\u0144stwo r\u00f3\u017ca\u0144cowe o godz. 17.30. Od jutra rozpoczynamy modlitwy wspominkowe za naszych zmar\u0142ych o godz. 17.30.<\/p>\n\n\n\n<p>2. W poniedzia\u0142ek, 1 listopada, obchodzimy uroczysto\u015b\u0107 Wszystkich \u015awi\u0119tych. W tym dniu mamy obowi\u0105zek uczestniczenia w Eucharystii. Porz\u0105dek Mszy \u015bwi\u0119tych jak w niedziel\u0119.<\/p>\n\n\n\n<p>3. Przez ca\u0142y listopad mo\u017cna zyska\u0107 odpust zupe\u0142ny za pobo\u017cne nawiedzenie cmentarza i odm\u00f3wienie modlitwy za zmar\u0142ych. Odpust ten mo\u017cna ofiarowa\u0107 tylko za zmar\u0142ych.<\/p>\n\n\n\n<p>4. We wtorek obchodzimy wspomnienie Wszystkich Wiernych Zmar\u0142ych (Dzie\u0144 Zaduszny). Na Mszy wieczornej modli\u0107 si\u0119 b\u0119dziemy za wszystkich zmar\u0142ych polecanych w wypominkach. Po Mszy wieczornej spotkanie z rozwa\u017caniem S\u0142owa Bo\u017cego.<\/p>\n\n\n\n<p>5. W pierwsz\u0105 \u015brod\u0119 miesi\u0105ca na Mszy wieczornej modlimy si\u0119 przez wstawiennictwo \u015bw. J\u00f3zefa za Dobrodziej\u00f3w naszej parafii i ca\u0142ego dzie\u0142a salezja\u0144skiego na Wodnej.<\/p>\n\n\n\n<p>6. W pierwszy czwartek miesi\u0105ca na Mszy wieczornej modli\u0107 si\u0119 b\u0119dziemy za kap\u0142an\u00f3w pos\u0142uguj\u0105cych w naszej parafii i o nowe powo\u0142ania. Po Mszy \u015bw. b\u0119dzie adoracja Naj\u015bwi\u0119tszego Sakramentu.<\/p>\n\n\n\n<p>7. W pierwszy pi\u0105tek miesi\u0105ca od godz. 15.00 Godzina Mi\u0142osierdzia i adoracja Naj\u015bwi\u0119tszego Sakramentu. Po Mszy wieczornej spotkanie wsp\u00f3lnoty Stra\u017cy Honorowej NSPJ.<\/p>\n\n\n\n<p>8. Je\u015bli kto\u015b z chorych w parafii chcia\u0142by, aby w pierwszy pi\u0105tek miesi\u0105ca przyszed\u0142 ksi\u0105dz z Komuni\u0105 \u015bw., to prosz\u0119 o zg\u0142oszenie.<\/p>\n\n\n\n<p>9. W pierwsz\u0105 sobot\u0119 miesi\u0105ca po Mszy porannej nabo\u017ce\u0144stwo maryjne. O godz. 17.00 r\u00f3\u017caniec prowadzony przez wsp\u00f3lnot\u0119 \u017bywego R\u00f3\u017ca\u0144ca.<\/p>\n\n\n\n<p>10. Przyjmujemy zg\u0142oszenia na wypominki za naszych zmar\u0142ych, za kt\u00f3rych b\u0119dziemy si\u0119 modli\u0107 przez ca\u0142y listopad oraz potem przez ca\u0142y rok w ka\u017cdy pierwszy wtorek miesi\u0105ca.<\/p>\n\n\n\n<p>11. Zach\u0119camy do korzystania ze sklepiku parafialnego, w kt\u00f3rym mo\u017cemy znale\u017a\u0107 pras\u0119 i ksi\u0105\u017cki religijne, kalendarze na przysz\u0142y rok i inne artyku\u0142y.<\/p>\n","protected":false},"excerpt":{"rendered":"<p>1. Dzi\u015b ostatnie nabo\u017ce\u0144stwo r\u00f3\u017ca\u0144cowe o godz. 17.30. Od jutra rozpoczynamy modlitwy wspominkowe za naszych zmar\u0142ych o godz. 17.30. 2. W poniedzia\u0142ek, 1 listopada, obchodzimy uroczysto\u015b\u0107 Wszystkich \u015awi\u0119tych. W tym dniu mamy obowi\u0105zek uczestniczenia w Eucharystii. Porz\u0105dek Mszy \u015bwi\u0119tych jak w niedziel\u0119. 3. Przez ca\u0142y listopad mo\u017cna zyska\u0107 odpust zupe\u0142ny [&hellip;]<\/p>\n","protected":false},"author":2,"featured_media":320,"comment_status":"open","ping_status":"open","sticky":false,"template":"","format":"standard","meta":{"footnotes":""},"categories":[2],"tags":[],"class_list":["post-501","post","type-post","status-publish","format-standard","has-post-thumbnail","hentry","category-aktualnosci"],"_links":{"self":[{"href":"https:\/\/wspomozycielka-lodz.pl\/index.php?rest_route=\/wp\/v2\/posts\/501","targetHints":{"allow":["GET"]}}],"collection":[{"href":"https:\/\/wspomozycielka-lodz.pl\/index.php?rest_route=\/wp\/v2\/posts"}],"about":[{"href":"https:\/\/wspomozycielka-lodz.pl\/index.php?rest_route=\/wp\/v2\/types\/post"}],"author":[{"embeddable":true,"href":"https:\/\/wspomozycielka-lodz.pl\/index.php?rest_route=\/wp\/v2\/users\/2"}],"replies":[{"embeddable":true,"href":"https:\/\/wspomozycielka-lodz.pl\/index.php?rest_route=%2Fwp%2Fv2%2Fcomments&post=501"}],"version-history":[{"count":1,"href":"https:\/\/wspomozycielka-lodz.pl\/index.php?rest_route=\/wp\/v2\/posts\/501\/revisions"}],"predecessor-version":[{"id":502,"href":"https:\/\/wspomozycielka-lodz.pl\/index.php?rest_route=\/wp\/v2\/posts\/501\/revisions\/502"}],"wp:featuredmedia":[{"embeddable":true,"href":"https:\/\/wspomozycielka-lodz.pl\/index.php?rest_route=\/wp\/v2\/media\/320"}],"wp:attachment":[{"href":"https:\/\/wspomozycielka-lodz.pl\/index.php?rest_route=%2Fwp%2Fv2%2Fmedia&parent=501"}],"wp:term":[{"taxonomy":"category","embeddable":true,"href":"https:\/\/wspomozycielka-lodz.pl\/index.php?rest_route=%2Fwp%2Fv2%2Fcategories&post=501"},{"taxonomy":"post_tag","embeddable":true,"href":"https:\/\/wspomozycielka-lodz.pl\/index.php?rest_route=%2Fwp%2Fv2%2Ftags&post=501"}],"curies":[{"name":"wp","href":"https:\/\/api.w.org\/{rel}","templated":true}]}}