{"id":499,"date":"2021-11-01T23:44:40","date_gmt":"2021-11-01T22:44:40","guid":{"rendered":"https:\/\/wspomozycielka-lodz.pl\/?p=499"},"modified":"2021-11-01T23:44:41","modified_gmt":"2021-11-01T22:44:41","slug":"intencje-mszalne-31-10-6-11-2021","status":"publish","type":"post","link":"https:\/\/wspomozycielka-lodz.pl\/?p=499","title":{"rendered":"INTENCJE MSZALNE (31.10-6.11.2021)"},"content":{"rendered":"\n<p><\/p>\n\n\n\n<p><strong>Niedziela<\/strong><\/p>\n\n\n\n<p>8.30&nbsp;&nbsp;&nbsp; W intencji przeb\u0142agalnej za grzechy Joanny, jej rodziny, krewnych i wszystkich przodk\u00f3w (29)<\/p>\n\n\n\n<p>8.30&nbsp;&nbsp;&nbsp; W intencji ks. Tadeusza Kujawy i ks. Tadeusza Niew\u0119g\u0142owskiego z racji imienin<\/p>\n\n\n\n<p>8.30&nbsp;&nbsp;&nbsp; + Maria Mioduszewska, Stanis\u0142aw Micha\u0142owski, Wanda Micha\u0142owska, Antoni i Serafina Rudnik<\/p>\n\n\n\n<p>8.30&nbsp;&nbsp;&nbsp; + Zofia, Adam G\u0142owaccy; Boles\u0142aw Chobot<\/p>\n\n\n\n<p>10.00&nbsp; + Dariusz Adamczewski, gr. 14<\/p>\n\n\n\n<p>11.30&nbsp; Dzi\u0119kczynna za beatyfikacj\u0119 kard. Stefana Wyszy\u0144skiego<\/p>\n\n\n\n<p>11.30&nbsp; W intencji ks. Proboszcza o Bo\u017ce b\u0142ogos\u0142awie\u0144stwo<\/p>\n\n\n\n<p>11.30&nbsp; W intencji Laury z okazji 5 rocznicy urodzin z pro\u015bb\u0105 o Bo\u017ce b\u0142ogos\u0142awie\u0144stwo, potrzebne \u0142aski i opiek\u0119 Matki Bo\u017cej<\/p>\n\n\n\n<p>18.00&nbsp; Za parafian<\/p>\n\n\n\n<p><strong>Poniedzia\u0142ek<\/strong><\/p>\n\n\n\n<p>8.30&nbsp;&nbsp;&nbsp; W intencji przeb\u0142agalnej za grzechy Joanny, jej rodziny, krewnych i wszystkich przodk\u00f3w (30)<\/p>\n\n\n\n<p>8.30&nbsp;&nbsp;&nbsp; W intencji Rados\u0142awa Kowalczyka o Bo\u017ce b\u0142ogos\u0142awie\u0144stwo, potrzebne \u0142aski i opiek\u0119 Maryi<\/p>\n\n\n\n<p>10.00&nbsp; + Dariusz Adamczewski, gr. 15<\/p>\n\n\n\n<p>10.00&nbsp; + Stefania i Maks Pufal<\/p>\n\n\n\n<p>10.00&nbsp; + Halina i Stanis\u0142aw Bieniek, gr. 1<\/p>\n\n\n\n<p>11.30&nbsp; + Karol Ryka\u0142a; zmarli z rodziny Ryka\u0142\u00f3w, Wo\u017aniak\u00f3w, Tosik\u00f3w, Malewskich, R\u00f3\u017cyckich, R\u0119czkowskich, Sieci\u0144skich, Kmieciak\u00f3w; Leokadia Machta\u0142owicz; Kazimiera \u015amietalska<\/p>\n\n\n\n<p>11.30&nbsp; Za \u015bp. Maksymiliana Bujalskiego oraz w intencji jego rodzic\u00f3w i dziadk\u00f3w<\/p>\n\n\n\n<p>18.00&nbsp; + Marianna G\u0105siorowska, gr. 1<\/p>\n\n\n\n<p><strong>Wtorek<\/strong><\/p>\n\n\n\n<p>7.30&nbsp;&nbsp;&nbsp; + Halina i Stanis\u0142aw Bieniek, gr. 2<\/p>\n\n\n\n<p>7.30&nbsp;&nbsp;&nbsp; + Dariusz Adamczewski, gr. 16<\/p>\n\n\n\n<p>18.00&nbsp; W intencji przeb\u0142agalnej za grzechy Joanny, jej rodziny, krewnych i wszystkich przodk\u00f3w (1)<\/p>\n\n\n\n<p>18.00&nbsp; + Marianna G\u0105siorowska, gr. 2<\/p>\n\n\n\n<p>18.00&nbsp; + Lucyna Buczy\u0144ska<\/p>\n\n\n\n<p>18.00&nbsp; Za zmar\u0142ych polecanych w wypominkach<\/p>\n\n\n\n<p>18.00&nbsp; + Zbigniew Le\u015bniewski (wychowanek szko\u0142y sal. z lat 1945-49)<\/p>\n\n\n\n<p><strong>\u015aroda<\/strong><\/p>\n\n\n\n<p>7.30&nbsp;&nbsp;&nbsp; + Wac\u0142aw i Wac\u0142awa (f) Sanik<\/p>\n\n\n\n<p>7.30&nbsp;&nbsp;&nbsp; + Halina i Stanis\u0142aw Bieniek, gr. 3<\/p>\n\n\n\n<p>7.30&nbsp;&nbsp;&nbsp; + Dariusz Adamczewski, gr. 17<\/p>\n\n\n\n<p>18.00&nbsp; W intencji Dobrodziej\u00f3w parafii i dzie\u0142a salezja\u0144skiego przy ul. Wodnej<\/p>\n\n\n\n<p>18.00&nbsp; W intencji przeb\u0142agalnej za grzechy Joanny, jej rodziny, krewnych i wszystkich przodk\u00f3w (2)<\/p>\n\n\n\n<p>18.00&nbsp; + Marianna G\u0105siorowska, gr. 3<\/p>\n\n\n\n<p><strong>Czwartek<\/strong><\/p>\n\n\n\n<p>7.30&nbsp;&nbsp;&nbsp; + Halina i Stanis\u0142aw Bieniek, gr. 4<\/p>\n\n\n\n<p>7.30&nbsp;&nbsp;&nbsp; + Dariusz Adamczewski, gr. 18<\/p>\n\n\n\n<p>18.00&nbsp; W intencji kap\u0142an\u00f3w pos\u0142uguj\u0105cych w naszej parafii i o nowe powo\u0142ania kap\u0142a\u0144skie, zakonne i misyjne<\/p>\n\n\n\n<p>18.00&nbsp; W intencji przeb\u0142agalnej za grzechy Joanny, jej rodziny, krewnych i wszystkich przodk\u00f3w (3)<\/p>\n\n\n\n<p>18.00&nbsp; O Bo\u017ce b\u0142ogos\u0142awie\u0144stwo, potrzebne \u0142aski, opiek\u0119 Matki Bo\u017cej i anio\u0142\u00f3w dla Ks. Proboszcza z okazji imienin<\/p>\n\n\n\n<p>18.00&nbsp; + Marianna G\u0105siorowska, gr. 4<\/p>\n\n\n\n<p>18.00&nbsp; + Anna, J\u00f3zef, Henryk, Wies\u0142awa (f) Opasi\u0144scy; Iwona Bator<\/p>\n\n\n\n<p><strong>Pi\u0105tek<\/strong><\/p>\n\n\n\n<p>7.30&nbsp;&nbsp;&nbsp; Dzi\u0119kczynno-b\u0142agalna do Naj\u015bwi\u0119tszego Serca Pana Jezusa<\/p>\n\n\n\n<p>7.30&nbsp;&nbsp;&nbsp; + Halina i Stanis\u0142aw Bieniek, gr. 5<\/p>\n\n\n\n<p>7.30&nbsp;&nbsp;&nbsp; + Dariusz Adamczewski, gr. 19<\/p>\n\n\n\n<p>18.00&nbsp; O wzrost duchowy i liczebny cz\u0142onk\u00f3w Stra\u017cy Honorowej NSJ oraz o zdrowie i potrzebne \u0142aski dla ksi\u0119dza opiekuna<\/p>\n\n\n\n<p>18.00&nbsp; Wynagradzaj\u0105ca za pope\u0142nione grzechy aborcji w rodzinie<\/p>\n\n\n\n<p>18.00&nbsp; W intencji przeb\u0142agalnej za grzechy Joanny, jej rodziny, krewnych i wszystkich przodk\u00f3w (4)<\/p>\n\n\n\n<p>18.00&nbsp; O Bo\u017ce b\u0142ogos\u0142awie\u0144stwo i opiek\u0119 Matki Naj\u015bwi\u0119tszej, moc Ducha i wszelkie potrzebne \u0142aski dla Ks. Proboszcza<\/p>\n\n\n\n<p>18.00&nbsp; + Marianna G\u0105siorowska, gr. 5<\/p>\n\n\n\n<p><strong>Sobota<\/strong><\/p>\n\n\n\n<p>7.30&nbsp;&nbsp;&nbsp; W intencji zmar\u0142ych i \u017cyj\u0105cych cz\u0142onk\u00f3w \u017bywej R\u00f3\u017cy<\/p>\n\n\n\n<p>7.30&nbsp;&nbsp;&nbsp; Wynagradzaj\u0105ca Niepokalanemu Sercu Maryi i Naj\u015bwi\u0119tszemu Sercu Jezusa za zniewagi, jakich doznaj\u0105 od przeciwnik\u00f3w Ko\u015bcio\u0142a \u015bwi\u0119tego<\/p>\n\n\n\n<p>7.30&nbsp;&nbsp;&nbsp; O \u015bwi\u0119te rodziny w naszej parafii i ojczy\u017anie przez wstawiennictwo Matki Bo\u017cej<\/p>\n\n\n\n<p>7.30&nbsp;&nbsp;&nbsp; Wynagradzaj\u0105ca Niepokalanemu Sercu Maryi za grzechy rodziny i o dalsz\u0105 opiek\u0119 Matki Bo\u017cej<\/p>\n\n\n\n<p>7.30&nbsp;&nbsp;&nbsp; W intencji przeb\u0142agalnej za grzechy Joanny, jej rodziny, krewnych i wszystkich przodk\u00f3w (5)<\/p>\n\n\n\n<p>7.30&nbsp;&nbsp;&nbsp; + Halina i Stanis\u0142aw Bieniek, gr. 6<\/p>\n\n\n\n<p>18.00&nbsp; + Jan Pochopie\u0144 (10 rocz. \u015bm.)<\/p>\n\n\n\n<p>18.00&nbsp; + Robert Ko\u0142aczyk (1 rocz. \u015bm.)<\/p>\n\n\n\n<p>18.00&nbsp; + Dariusz Adamczewski, gr. 20 18.00&nbsp; + Marianna G\u0105siorowska, gr. 6<\/p>\n","protected":false},"excerpt":{"rendered":"<p>Niedziela 8.30&nbsp;&nbsp;&nbsp; W intencji przeb\u0142agalnej za grzechy Joanny, jej rodziny, krewnych i wszystkich przodk\u00f3w (29) 8.30&nbsp;&nbsp;&nbsp; W intencji ks. Tadeusza Kujawy i ks. Tadeusza Niew\u0119g\u0142owskiego z racji imienin 8.30&nbsp;&nbsp;&nbsp; + Maria Mioduszewska, Stanis\u0142aw Micha\u0142owski, Wanda Micha\u0142owska, Antoni i Serafina Rudnik 8.30&nbsp;&nbsp;&nbsp; + Zofia, Adam G\u0142owaccy; Boles\u0142aw Chobot 10.00&nbsp; + Dariusz [&hellip;]<\/p>\n","protected":false},"author":2,"featured_media":321,"comment_status":"open","ping_status":"open","sticky":false,"template":"","format":"standard","meta":{"footnotes":""},"categories":[2],"tags":[],"class_list":["post-499","post","type-post","status-publish","format-standard","has-post-thumbnail","hentry","category-aktualnosci"],"_links":{"self":[{"href":"https:\/\/wspomozycielka-lodz.pl\/index.php?rest_route=\/wp\/v2\/posts\/499","targetHints":{"allow":["GET"]}}],"collection":[{"href":"https:\/\/wspomozycielka-lodz.pl\/index.php?rest_route=\/wp\/v2\/posts"}],"about":[{"href":"https:\/\/wspomozycielka-lodz.pl\/index.php?rest_route=\/wp\/v2\/types\/post"}],"author":[{"embeddable":true,"href":"https:\/\/wspomozycielka-lodz.pl\/index.php?rest_route=\/wp\/v2\/users\/2"}],"replies":[{"embeddable":true,"href":"https:\/\/wspomozycielka-lodz.pl\/index.php?rest_route=%2Fwp%2Fv2%2Fcomments&post=499"}],"version-history":[{"count":1,"href":"https:\/\/wspomozycielka-lodz.pl\/index.php?rest_route=\/wp\/v2\/posts\/499\/revisions"}],"predecessor-version":[{"id":500,"href":"https:\/\/wspomozycielka-lodz.pl\/index.php?rest_route=\/wp\/v2\/posts\/499\/revisions\/500"}],"wp:featuredmedia":[{"embeddable":true,"href":"https:\/\/wspomozycielka-lodz.pl\/index.php?rest_route=\/wp\/v2\/media\/321"}],"wp:attachment":[{"href":"https:\/\/wspomozycielka-lodz.pl\/index.php?rest_route=%2Fwp%2Fv2%2Fmedia&parent=499"}],"wp:term":[{"taxonomy":"category","embeddable":true,"href":"https:\/\/wspomozycielka-lodz.pl\/index.php?rest_route=%2Fwp%2Fv2%2Fcategories&post=499"},{"taxonomy":"post_tag","embeddable":true,"href":"https:\/\/wspomozycielka-lodz.pl\/index.php?rest_route=%2Fwp%2Fv2%2Ftags&post=499"}],"curies":[{"name":"wp","href":"https:\/\/api.w.org\/{rel}","templated":true}]}}