{"id":497,"date":"2021-10-24T15:01:04","date_gmt":"2021-10-24T13:01:04","guid":{"rendered":"https:\/\/wspomozycielka-lodz.pl\/?p=497"},"modified":"2021-10-24T15:01:04","modified_gmt":"2021-10-24T13:01:04","slug":"ogloszenia-parafialne-24-10-2021-r","status":"publish","type":"post","link":"https:\/\/wspomozycielka-lodz.pl\/?p=497","title":{"rendered":"OG\u0141OSZENIA PARAFIALNE (24.10.2021 r.)"},"content":{"rendered":"\n<p>1. Dzi\u015b nabo\u017ce\u0144stwo r\u00f3\u017ca\u0144cowe z ho\u0142dem ku czci Maryi Wspomo\u017cycielki o godz. 17.00.<\/p>\n\n\n\n<p>2. W tygodniu nabo\u017ce\u0144stwa r\u00f3\u017ca\u0144cowe codziennie o godz. 17.30, a dla dzieci we wtorki i czwartki o godz. 16.30.<\/p>\n\n\n\n<p>3. We wtorek na Mszy wieczornej b\u0119dziemy si\u0119 modli\u0107 za ks. Tadeusza Furdyn\u0119 i ks. Tadeusza Kujaw\u0119 w dniu imienin, a po Mszy spotkanie z rozwa\u017caniem S\u0142owa Bo\u017cego.<\/p>\n\n\n\n<p>4. W czwartek po wieczornej Mszy \u015bw. adoracja Naj\u015bwi\u0119tszego Sakramentu.<\/p>\n\n\n\n<p>5. W sobot\u0119 w naszym dziele salezja\u0144skim b\u0119dziemy prze\u017cywa\u0107 Dzie\u0144 Jedno\u015bci Rodziny Salezja\u0144skiej, zwi\u0105zany z imieninami Ksi\u0119dza Inspektora Tadeusza Jareckiego oraz rozpocz\u0119ciem jubileuszu stulecia Salezjan\u00f3w przy ul. Wodnej. Zapraszamy na to wydarzenie, kt\u00f3re rozpoczynamy uroczyst\u0105 Msz\u0105 \u015bw. o godz. 10.00 i potem dalsze punkty \u015bwi\u0119towania.<\/p>\n\n\n\n<p>6. Dzi\u015b na godz. 16.00 zapraszamy tych, kt\u00f3rzy chcieliby si\u0119 zaanga\u017cowa\u0107 w projekt nowej szopki.<\/p>\n\n\n\n<p>7. Przyjmujemy zg\u0142oszenia na wypominki za naszych zmar\u0142ych, za kt\u00f3rych b\u0119dziemy si\u0119 modli\u0107 przez ca\u0142y listopad oraz potem przez ca\u0142y rok w ka\u017cdy pierwszy wtorek miesi\u0105ca.<\/p>\n\n\n\n<p>8. Zach\u0119camy do korzystania ze sklepiku parafialnego, w kt\u00f3rym mo\u017cemy znale\u017a\u0107 pras\u0119 i ksi\u0105\u017cki religijne, kalendarze na przysz\u0142y rok i inne artyku\u0142y. <\/p>\n\n\n\n<p>9. Z naszej wsp\u00f3lnoty parafialnej do wieczno\u015bci odeszli: Marianna Szwarc, lat 95; Helena Kaczmarek, lat 73; Gerard Nowacki, lat 88; Franciszek Jagodzi\u0144ski, l. 80. <em>Wieczny odpoczynek racz im da\u0107, Panie<\/em>&#8230;<\/p>\n","protected":false},"excerpt":{"rendered":"<p>1. Dzi\u015b nabo\u017ce\u0144stwo r\u00f3\u017ca\u0144cowe z ho\u0142dem ku czci Maryi Wspomo\u017cycielki o godz. 17.00. 2. W tygodniu nabo\u017ce\u0144stwa r\u00f3\u017ca\u0144cowe codziennie o godz. 17.30, a dla dzieci we wtorki i czwartki o godz. 16.30. 3. We wtorek na Mszy wieczornej b\u0119dziemy si\u0119 modli\u0107 za ks. Tadeusza Furdyn\u0119 i ks. Tadeusza Kujaw\u0119 w [&hellip;]<\/p>\n","protected":false},"author":2,"featured_media":320,"comment_status":"open","ping_status":"open","sticky":false,"template":"","format":"standard","meta":{"footnotes":""},"categories":[2],"tags":[],"class_list":["post-497","post","type-post","status-publish","format-standard","has-post-thumbnail","hentry","category-aktualnosci"],"_links":{"self":[{"href":"https:\/\/wspomozycielka-lodz.pl\/index.php?rest_route=\/wp\/v2\/posts\/497","targetHints":{"allow":["GET"]}}],"collection":[{"href":"https:\/\/wspomozycielka-lodz.pl\/index.php?rest_route=\/wp\/v2\/posts"}],"about":[{"href":"https:\/\/wspomozycielka-lodz.pl\/index.php?rest_route=\/wp\/v2\/types\/post"}],"author":[{"embeddable":true,"href":"https:\/\/wspomozycielka-lodz.pl\/index.php?rest_route=\/wp\/v2\/users\/2"}],"replies":[{"embeddable":true,"href":"https:\/\/wspomozycielka-lodz.pl\/index.php?rest_route=%2Fwp%2Fv2%2Fcomments&post=497"}],"version-history":[{"count":1,"href":"https:\/\/wspomozycielka-lodz.pl\/index.php?rest_route=\/wp\/v2\/posts\/497\/revisions"}],"predecessor-version":[{"id":498,"href":"https:\/\/wspomozycielka-lodz.pl\/index.php?rest_route=\/wp\/v2\/posts\/497\/revisions\/498"}],"wp:featuredmedia":[{"embeddable":true,"href":"https:\/\/wspomozycielka-lodz.pl\/index.php?rest_route=\/wp\/v2\/media\/320"}],"wp:attachment":[{"href":"https:\/\/wspomozycielka-lodz.pl\/index.php?rest_route=%2Fwp%2Fv2%2Fmedia&parent=497"}],"wp:term":[{"taxonomy":"category","embeddable":true,"href":"https:\/\/wspomozycielka-lodz.pl\/index.php?rest_route=%2Fwp%2Fv2%2Fcategories&post=497"},{"taxonomy":"post_tag","embeddable":true,"href":"https:\/\/wspomozycielka-lodz.pl\/index.php?rest_route=%2Fwp%2Fv2%2Ftags&post=497"}],"curies":[{"name":"wp","href":"https:\/\/api.w.org\/{rel}","templated":true}]}}