{"id":495,"date":"2021-10-24T14:59:55","date_gmt":"2021-10-24T12:59:55","guid":{"rendered":"https:\/\/wspomozycielka-lodz.pl\/?p=495"},"modified":"2021-10-24T14:59:56","modified_gmt":"2021-10-24T12:59:56","slug":"intencje-mszalne-24-30-10-2021","status":"publish","type":"post","link":"https:\/\/wspomozycielka-lodz.pl\/?p=495","title":{"rendered":"INTENCJE MSZALNE (24-30.10.2021)"},"content":{"rendered":"\n<p><\/p>\n\n\n\n<p><strong>Niedziela<\/strong><\/p>\n\n\n\n<p>8.30&nbsp;&nbsp;&nbsp; W intencji przeb\u0142agalnej za grzechy Joanny, jej rodziny, krewnych i wszystkich przodk\u00f3w (22)<\/p>\n\n\n\n<p>8.30&nbsp;&nbsp;&nbsp; O Bo\u017ce b\u0142ogos\u0142awie\u0144stwo, opiek\u0119 Matki Naj\u015bwi\u0119tszej i \u017cycie zgodne z Ewangeli\u0105 dla rodziny<\/p>\n\n\n\n<p>8.30&nbsp;&nbsp;&nbsp; Za dusze w czy\u015b\u0107cu cierpi\u0105ce<\/p>\n\n\n\n<p>8.30&nbsp;&nbsp;&nbsp; Dzi\u0119kczynno-b\u0142agalna w intencji Micha\u0142a przez wstawiennictwo Matki Bo\u017cej i \u015bw. J\u00f3zefa z pro\u015bb\u0105 o Bo\u017ce b\u0142ogos\u0142awie\u0144stwo i wype\u0142nienie woli Bo\u017cej w \u017cyciu jego i rodziny<\/p>\n\n\n\n<p>8.30&nbsp;&nbsp;&nbsp; O szcz\u0119\u015bliwe rozwi\u0105zanie i b\u0142ogos\u0142awie\u0144stwo dla rodziny.<\/p>\n\n\n\n<p>10.00&nbsp; + Dariusz Adamczewski, gr. 7<\/p>\n\n\n\n<p>11.30&nbsp; Dzi\u0119kczynna w intencji Piotra i Jakuba za wszelkie otrzymane \u0142aski, z pro\u015bb\u0105 o dalsze b\u0142ogos\u0142awie\u0144stwo Bo\u017ce i opiek\u0119 Matki Naj\u015bwi\u0119tszej<\/p>\n\n\n\n<p>11.30&nbsp; + Alina Kubicka, gr. 24<\/p>\n\n\n\n<p>11.30&nbsp; + Zygmunt Dwojacki i jego zmar\u0142a \u017cona<\/p>\n\n\n\n<p>11.30&nbsp; Zmarli z rodziny Romanowskich: Zofia, Stanis\u0142awa (f), Anna, Marianna, Wojciech, Tadeusz, Eugeniusz, Franciszek, Leszek, J\u00f3zef, Krystyna; zmarli z rodziny \u015awiderskich: Marianna, Anna, Janina, Czes\u0142aw, Tadeusz, Andrzej, Jan; zmarli z rodziny Pyclik\u00f3w: Ludwika (f), Leokadia Bondarenko, Stanis\u0142aw, Andrzej, Stanis\u0142awa (f)<\/p>\n\n\n\n<p>18.00&nbsp; W intencji cz\u0142onk\u00f3w Sodalicji Maria\u0144skiej: dla \u017cywych o Bo\u017ce b\u0142ogos\u0142awie\u0144stwo i dla zmar\u0142ych o wieczn\u0105 rado\u015b\u0107<\/p>\n\n\n\n<p>18.00&nbsp; Za dusze w czy\u015b\u0107cu cierpi\u0105ce<\/p>\n\n\n\n<p><strong>Poniedzia\u0142ek<\/strong><\/p>\n\n\n\n<p>7.30&nbsp;&nbsp;&nbsp; Dzi\u0119kczynno-b\u0142agalna w intencji Micha\u0142a przez wstawiennictwo Matki Bo\u017cej i \u015bw. J\u00f3zefa z pro\u015bb\u0105 o Bo\u017ce b\u0142ogos\u0142awie\u0144stwo i wype\u0142nienie woli Bo\u017cej w \u017cyciu jego i rodziny<\/p>\n\n\n\n<p>7.30&nbsp;&nbsp;&nbsp; + Dariusz Adamczewski, gr. 8<\/p>\n\n\n\n<p>18.00&nbsp; W intencji przeb\u0142agalnej za grzechy Joanny, jej rodziny, krewnych i wszystkich przodk\u00f3w (23)<\/p>\n\n\n\n<p>18.00&nbsp; + Alina Kubicka, gr. 25<\/p>\n\n\n\n<p>18.00&nbsp; Dzi\u0119kczynno-b\u0142agalna w intencji Filipa, Stefana i \u0141ukasza z okazji urodzin<\/p>\n\n\n\n<p>18.00&nbsp; Dzi\u0119kczynno-b\u0142agalna w intencji Lucyny i Grzegorza za udzielone \u0142aski, z pro\u015bb\u0105 o dalsze b\u0142ogos\u0142awie\u0144stwo Bo\u017ce i opiek\u0119 Maryi<\/p>\n\n\n\n<p><strong>Wtorek<\/strong><\/p>\n\n\n\n<p>7.30&nbsp;&nbsp;&nbsp; + Dariusz Adamczewski, gr. 9<\/p>\n\n\n\n<p>7.30&nbsp;&nbsp;&nbsp; Za zmar\u0142ych rodzic\u00f3w, rodze\u0144stwo i zmar\u0142ych z obydwu stron<\/p>\n\n\n\n<p>18.00&nbsp; W intencji przeb\u0142agalnej za grzechy Joanny, jej rodziny, krewnych i wszystkich przodk\u00f3w (24)<\/p>\n\n\n\n<p>18.00&nbsp; + Alina Kubicka, gr. 26<\/p>\n\n\n\n<p>18.00&nbsp; Za zmar\u0142ych z rodziny Grec<\/p>\n\n\n\n<p>18.00&nbsp; + Marianna Skowron<\/p>\n\n\n\n<p><strong>\u015aroda<\/strong><\/p>\n\n\n\n<p>7.30&nbsp;&nbsp;&nbsp; + Dariusz Adamczewski, gr. 10<\/p>\n\n\n\n<p>7.30&nbsp;&nbsp;&nbsp; Za dusze czy\u015b\u0107cowe kap\u0142an\u00f3w<\/p>\n\n\n\n<p>18.00&nbsp; W intencji przeb\u0142agalnej za grzechy Joanny, jej rodziny, krewnych i wszystkich przodk\u00f3w (25)<\/p>\n\n\n\n<p>18.00&nbsp; + Alina Kubicka, gr. 27<\/p>\n\n\n\n<p>18.00&nbsp; + Ewa K\u0119dzia (od kuzyna J\u00f3zefa z dzie\u0107mi)<\/p>\n\n\n\n<p><strong>Czwartek<\/strong><\/p>\n\n\n\n<p>7.30&nbsp;&nbsp;&nbsp; + Dariusz Adamczewski, gr. 11<\/p>\n\n\n\n<p>7.30&nbsp;&nbsp;&nbsp; Za dusze czy\u015b\u0107cowe kap\u0142an\u00f3w<\/p>\n\n\n\n<p>18.00&nbsp; W intencji ks. Tadeusza Furdyny i ks. Tadeusza Kujawy z okazji imienin<\/p>\n\n\n\n<p>18.00&nbsp; W intencji przeb\u0142agalnej za grzechy Joanny, jej rodziny, krewnych i wszystkich przodk\u00f3w (26)<\/p>\n\n\n\n<p>18.00&nbsp; + Alina Kubicka, gr. 28<\/p>\n\n\n\n<p><strong>Pi\u0105tek<\/strong><\/p>\n\n\n\n<p>7.30&nbsp;&nbsp;&nbsp; + Dariusz Adamczewski, gr. 12<\/p>\n\n\n\n<p>7.30&nbsp;&nbsp;&nbsp; + Marianna Wo\u0142kiewicz (13 rocz. \u015bm.)<\/p>\n\n\n\n<p>18.00&nbsp; W intencji przeb\u0142agalnej za grzechy Joanny, jej rodziny, krewnych i wszystkich przodk\u00f3w (27)<\/p>\n\n\n\n<p>18.00&nbsp; + Alina Kubicka, gr. 29<\/p>\n\n\n\n<p>18.00&nbsp; W intencji klient\u00f3w sklepu \u201ePo\u015blij mnie\u201d o Bo\u017ce b\u0142ogos\u0142awie\u0144stwo<\/p>\n\n\n\n<p><strong>Sobota<\/strong><\/p>\n\n\n\n<p>7.30&nbsp;&nbsp;&nbsp; W intencji ks. Proboszcza z okazji imienin<\/p>\n\n\n\n<p>7.30&nbsp;&nbsp;&nbsp; W intencji przeb\u0142agalnej za grzechy Joanny, jej rodziny, krewnych i wszystkich przodk\u00f3w (28)<\/p>\n\n\n\n<p>7.30&nbsp;&nbsp;&nbsp; + Dariusz Adamczewski, gr. 13<\/p>\n\n\n\n<p>18.00&nbsp; + Alina Kubicka, gr. 30 18.00&nbsp; + Krzysztof Klepacz (1 rocz. \u015bm.)<\/p>\n","protected":false},"excerpt":{"rendered":"<p>Niedziela 8.30&nbsp;&nbsp;&nbsp; W intencji przeb\u0142agalnej za grzechy Joanny, jej rodziny, krewnych i wszystkich przodk\u00f3w (22) 8.30&nbsp;&nbsp;&nbsp; O Bo\u017ce b\u0142ogos\u0142awie\u0144stwo, opiek\u0119 Matki Naj\u015bwi\u0119tszej i \u017cycie zgodne z Ewangeli\u0105 dla rodziny 8.30&nbsp;&nbsp;&nbsp; Za dusze w czy\u015b\u0107cu cierpi\u0105ce 8.30&nbsp;&nbsp;&nbsp; Dzi\u0119kczynno-b\u0142agalna w intencji Micha\u0142a przez wstawiennictwo Matki Bo\u017cej i \u015bw. J\u00f3zefa z pro\u015bb\u0105 o [&hellip;]<\/p>\n","protected":false},"author":2,"featured_media":321,"comment_status":"open","ping_status":"open","sticky":false,"template":"","format":"standard","meta":{"footnotes":""},"categories":[2],"tags":[],"class_list":["post-495","post","type-post","status-publish","format-standard","has-post-thumbnail","hentry","category-aktualnosci"],"_links":{"self":[{"href":"https:\/\/wspomozycielka-lodz.pl\/index.php?rest_route=\/wp\/v2\/posts\/495","targetHints":{"allow":["GET"]}}],"collection":[{"href":"https:\/\/wspomozycielka-lodz.pl\/index.php?rest_route=\/wp\/v2\/posts"}],"about":[{"href":"https:\/\/wspomozycielka-lodz.pl\/index.php?rest_route=\/wp\/v2\/types\/post"}],"author":[{"embeddable":true,"href":"https:\/\/wspomozycielka-lodz.pl\/index.php?rest_route=\/wp\/v2\/users\/2"}],"replies":[{"embeddable":true,"href":"https:\/\/wspomozycielka-lodz.pl\/index.php?rest_route=%2Fwp%2Fv2%2Fcomments&post=495"}],"version-history":[{"count":1,"href":"https:\/\/wspomozycielka-lodz.pl\/index.php?rest_route=\/wp\/v2\/posts\/495\/revisions"}],"predecessor-version":[{"id":496,"href":"https:\/\/wspomozycielka-lodz.pl\/index.php?rest_route=\/wp\/v2\/posts\/495\/revisions\/496"}],"wp:featuredmedia":[{"embeddable":true,"href":"https:\/\/wspomozycielka-lodz.pl\/index.php?rest_route=\/wp\/v2\/media\/321"}],"wp:attachment":[{"href":"https:\/\/wspomozycielka-lodz.pl\/index.php?rest_route=%2Fwp%2Fv2%2Fmedia&parent=495"}],"wp:term":[{"taxonomy":"category","embeddable":true,"href":"https:\/\/wspomozycielka-lodz.pl\/index.php?rest_route=%2Fwp%2Fv2%2Fcategories&post=495"},{"taxonomy":"post_tag","embeddable":true,"href":"https:\/\/wspomozycielka-lodz.pl\/index.php?rest_route=%2Fwp%2Fv2%2Ftags&post=495"}],"curies":[{"name":"wp","href":"https:\/\/api.w.org\/{rel}","templated":true}]}}