{"id":493,"date":"2021-10-18T23:16:10","date_gmt":"2021-10-18T21:16:10","guid":{"rendered":"https:\/\/wspomozycielka-lodz.pl\/?p=493"},"modified":"2021-10-18T23:16:11","modified_gmt":"2021-10-18T21:16:11","slug":"ogloszenia-parafialne-17-10-2021-r","status":"publish","type":"post","link":"https:\/\/wspomozycielka-lodz.pl\/?p=493","title":{"rendered":"OG\u0141OSZENIA PARAFIALNE (17.10.2021 r.)"},"content":{"rendered":"\n<p>1. Nabo\u017ce\u0144stwa r\u00f3\u017ca\u0144cowe, po\u0142\u0105czone z nowenn\u0105 do Maryi Wspomo\u017cycielki, w tym tygodniu s\u0105 o godz. 17.15. Dla dzieci nabo\u017ce\u0144stwa r\u00f3\u017ca\u0144cowe s\u0105 we wtorki i czwartki o godz. 16.30.<\/p>\n\n\n\n<p>2. We wtorek po Mszy wieczornej spotkanie z rozwa\u017caniem S\u0142owa Bo\u017cego.<\/p>\n\n\n\n<p>3. W czwartek po wieczornej Mszy \u015bw. adoracja Naj\u015bwi\u0119tszego Sakramentu.<\/p>\n\n\n\n<p>4. W przysz\u0142\u0105 niedziel\u0119, 24 pa\u017adziernika, obchodzona b\u0119dzie niedziela misyjna. Ofiary zbierane w tym dniu b\u0119d\u0105 przeznaczone na pomoc naszym misjonarzom salezja\u0144skim w Malawi i Zambii.<\/p>\n\n\n\n<p>5. W przysz\u0142\u0105 niedziel\u0119 z\u0142o\u017cymy ho\u0142d Maryi Wspomo\u017cycielce, po\u0142\u0105czony z modlitw\u0105 r\u00f3\u017ca\u0144cow\u0105, o godz. 17.00. Po Mszy wieczornej spotkanie Sodalicji Maria\u0144skiej.<\/p>\n\n\n\n<p>6. Natomiast przed ho\u0142dem, na godz. 16, zapraszamy tych, kt\u00f3rzy chcieliby si\u0119 zaanga\u017cowa\u0107 w projekt nowej szopki. Przyjedzie na to spotkanie ks. Robert i mo\u017ce uda si\u0119 stworzy\u0107 co\u015b w rodzaju komitetu odnowy naszej szopki.<\/p>\n\n\n\n<p>7. Przypominamy te\u017c, \u017ce w przysz\u0142\u0105 niedziel\u0119 o 11.30 jest spotkanie rodzic\u00f3w i dzieci przygotowuj\u0105cych si\u0119 do pierwszej Komunii \u015awi\u0119tej.<\/p>\n\n\n\n<p>8. Przyjmujemy zg\u0142oszenia na wypominki za naszych zmar\u0142ych, za kt\u00f3rych b\u0119dziemy si\u0119 modli\u0107 przez ca\u0142y listopad oraz potem przez ca\u0142y rok w ka\u017cdy pierwszy wtorek miesi\u0105ca. <\/p>\n\n\n\n<p>9. Informujemy, \u017ce w minion\u0105 niedziel\u0119 zebrali\u015bmy na wsparcie kszta\u0142cenia m\u0142odzie\u017cy w ramach Fundacji \u201eDzie\u0142o Nowego Tysi\u0105clecia\u201d kwot\u0119 1175 z\u0142. Za z\u0142o\u017cone ofiary sk\u0142adamy serdeczne podzi\u0119kowanie.<\/p>\n","protected":false},"excerpt":{"rendered":"<p>1. Nabo\u017ce\u0144stwa r\u00f3\u017ca\u0144cowe, po\u0142\u0105czone z nowenn\u0105 do Maryi Wspomo\u017cycielki, w tym tygodniu s\u0105 o godz. 17.15. Dla dzieci nabo\u017ce\u0144stwa r\u00f3\u017ca\u0144cowe s\u0105 we wtorki i czwartki o godz. 16.30. 2. We wtorek po Mszy wieczornej spotkanie z rozwa\u017caniem S\u0142owa Bo\u017cego. 3. W czwartek po wieczornej Mszy \u015bw. adoracja Naj\u015bwi\u0119tszego Sakramentu. 4. [&hellip;]<\/p>\n","protected":false},"author":2,"featured_media":320,"comment_status":"open","ping_status":"open","sticky":false,"template":"","format":"standard","meta":{"footnotes":""},"categories":[2],"tags":[],"class_list":["post-493","post","type-post","status-publish","format-standard","has-post-thumbnail","hentry","category-aktualnosci"],"_links":{"self":[{"href":"https:\/\/wspomozycielka-lodz.pl\/index.php?rest_route=\/wp\/v2\/posts\/493","targetHints":{"allow":["GET"]}}],"collection":[{"href":"https:\/\/wspomozycielka-lodz.pl\/index.php?rest_route=\/wp\/v2\/posts"}],"about":[{"href":"https:\/\/wspomozycielka-lodz.pl\/index.php?rest_route=\/wp\/v2\/types\/post"}],"author":[{"embeddable":true,"href":"https:\/\/wspomozycielka-lodz.pl\/index.php?rest_route=\/wp\/v2\/users\/2"}],"replies":[{"embeddable":true,"href":"https:\/\/wspomozycielka-lodz.pl\/index.php?rest_route=%2Fwp%2Fv2%2Fcomments&post=493"}],"version-history":[{"count":1,"href":"https:\/\/wspomozycielka-lodz.pl\/index.php?rest_route=\/wp\/v2\/posts\/493\/revisions"}],"predecessor-version":[{"id":494,"href":"https:\/\/wspomozycielka-lodz.pl\/index.php?rest_route=\/wp\/v2\/posts\/493\/revisions\/494"}],"wp:featuredmedia":[{"embeddable":true,"href":"https:\/\/wspomozycielka-lodz.pl\/index.php?rest_route=\/wp\/v2\/media\/320"}],"wp:attachment":[{"href":"https:\/\/wspomozycielka-lodz.pl\/index.php?rest_route=%2Fwp%2Fv2%2Fmedia&parent=493"}],"wp:term":[{"taxonomy":"category","embeddable":true,"href":"https:\/\/wspomozycielka-lodz.pl\/index.php?rest_route=%2Fwp%2Fv2%2Fcategories&post=493"},{"taxonomy":"post_tag","embeddable":true,"href":"https:\/\/wspomozycielka-lodz.pl\/index.php?rest_route=%2Fwp%2Fv2%2Ftags&post=493"}],"curies":[{"name":"wp","href":"https:\/\/api.w.org\/{rel}","templated":true}]}}