{"id":491,"date":"2021-10-18T23:15:06","date_gmt":"2021-10-18T21:15:06","guid":{"rendered":"https:\/\/wspomozycielka-lodz.pl\/?p=491"},"modified":"2021-10-18T23:15:08","modified_gmt":"2021-10-18T21:15:08","slug":"intencje-mszalne-17-23-10-2021","status":"publish","type":"post","link":"https:\/\/wspomozycielka-lodz.pl\/?p=491","title":{"rendered":"INTENCJE MSZALNE (17-23.10.2021)"},"content":{"rendered":"\n<p><strong>Niedziela<\/strong><\/p>\n\n\n\n<p>8.30&nbsp;&nbsp;&nbsp; W intencji Teresy o Bo\u017ce b\u0142ogos\u0142awie\u0144stwo i opiek\u0119 Matki Bo\u017cej z okazji imienin<\/p>\n\n\n\n<p>8.30&nbsp;&nbsp;&nbsp; W intencji przeb\u0142agalnej za grzechy Joanny, jej rodziny, krewnych i wszystkich przodk\u00f3w (15)<\/p>\n\n\n\n<p>8.30&nbsp;&nbsp;&nbsp; Przeb\u0142agalna za grzechy w rodzinie Gra\u017cyny, prosz\u0105c o \u0142aski Bo\u017ce<\/p>\n\n\n\n<p>8.30&nbsp;&nbsp;&nbsp; Dzi\u0119kczynno-b\u0142agalna w intencji Micha\u0142a przez wstawiennictwo Matki Bo\u017cej i \u015bw. J\u00f3zefa z pro\u015bb\u0105 o Bo\u017ce b\u0142ogos\u0142awie\u0144stwo i wype\u0142nienie woli Bo\u017cej w \u017cyciu jego i rodziny<\/p>\n\n\n\n<p>10.00&nbsp; + Zdzis\u0142aw Domaradzki (1 rocz. \u015bm.)<\/p>\n\n\n\n<p>10.00&nbsp; + Kamilla i W\u0142adys\u0142aw G\u0142adysz oraz zmarli dziadkowie<\/p>\n\n\n\n<p>11.30&nbsp; + Alina Kubicka, gr. 17<\/p>\n\n\n\n<p>11.30&nbsp; + Aleksandra Rosi\u0144ska i zmarli z rodziny Rosi\u0144skich<\/p>\n\n\n\n<p>11.30&nbsp; + Romuald i Teresa<\/p>\n\n\n\n<p>18.00&nbsp; O nawr\u00f3cenie grzesznik\u00f3w<\/p>\n\n\n\n<p>18.00&nbsp; + Ewa K\u0119dzia<\/p>\n\n\n\n<p><strong>Poniedzia\u0142ek<\/strong><\/p>\n\n\n\n<p>7.30&nbsp;&nbsp;&nbsp; + Wac\u0142aw i Wac\u0142awa (f) Sanik<\/p>\n\n\n\n<p>7.30&nbsp;&nbsp;&nbsp; Dzi\u0119kczynno-b\u0142agalna w intencji Micha\u0142a przez wstawiennictwo Matki Bo\u017cej i \u015bw. J\u00f3zefa z pro\u015bb\u0105 o Bo\u017ce b\u0142ogos\u0142awie\u0144stwo i wype\u0142nienie woli Bo\u017cej w \u017cyciu jego i rodziny<\/p>\n\n\n\n<p>7.30&nbsp;&nbsp;&nbsp; + Dariusz Adamczewski, gr. 1<\/p>\n\n\n\n<p>18.00&nbsp; W intencji przeb\u0142agalnej za grzechy Joanny, jej rodziny, krewnych i wszystkich przodk\u00f3w (16)<\/p>\n\n\n\n<p>18.00&nbsp; + Alina Kubicka, gr. 18<\/p>\n\n\n\n<p>18.00&nbsp; Przeb\u0142agalna za Danut\u0119<\/p>\n\n\n\n<p><strong>Wtorek<\/strong><\/p>\n\n\n\n<p>7.30&nbsp;&nbsp;&nbsp; Dzi\u0119kczynno-b\u0142agalna w intencji Micha\u0142a przez wstawiennictwo Matki Bo\u017cej i \u015bw. J\u00f3zefa z pro\u015bb\u0105 o Bo\u017ce b\u0142ogos\u0142awie\u0144stwo i wype\u0142nienie woli Bo\u017cej w \u017cyciu jego i rodziny<\/p>\n\n\n\n<p>7.30&nbsp;&nbsp;&nbsp; + Dariusz Adamczewski, gr. 2<\/p>\n\n\n\n<p>7.30&nbsp;&nbsp;&nbsp; W intencji Pa\u0144stwa Nauczycieli Katarzyny i \u0141ukasza oraz innych ucz\u0105cych kl. II D<\/p>\n\n\n\n<p>18.00&nbsp; W intencji przeb\u0142agalnej za grzechy Joanny, jej rodziny, krewnych i wszystkich przodk\u00f3w (17)<\/p>\n\n\n\n<p>18.00&nbsp; + Alina Kubicka, gr. 19<\/p>\n\n\n\n<p>18.00&nbsp; + Hanna (5 rocz. \u015bm.) i Antoni Ga\u0142eccy<\/p>\n\n\n\n<p><strong>\u015aroda<\/strong><\/p>\n\n\n\n<p>7.30&nbsp;&nbsp;&nbsp; Dzi\u0119kczynno-b\u0142agalna w intencji Micha\u0142a przez wstawiennictwo Matki Bo\u017cej i \u015bw. J\u00f3zefa z pro\u015bb\u0105 o Bo\u017ce b\u0142ogos\u0142awie\u0144stwo i wype\u0142nienie woli Bo\u017cej w \u017cyciu jego i rodziny<\/p>\n\n\n\n<p>7.30&nbsp;&nbsp;&nbsp; + Dariusz Adamczewski, gr. 3<\/p>\n\n\n\n<p>7.30&nbsp;&nbsp;&nbsp; Za zmar\u0142ych z rodziny Che\u0142meckich, Walig\u00f3r\u00f3w, Zawad\u00f3w, G\u00f3rczy\u0144skich<\/p>\n\n\n\n<p>18.00&nbsp; + Alina Kubicka, gr. 20<\/p>\n\n\n\n<p>18.00&nbsp; W intencji przeb\u0142agalnej za grzechy Joanny, jej rodziny, krewnych i wszystkich przodk\u00f3w (18)<\/p>\n\n\n\n<p>18.00&nbsp; + Ryszard Antkiewicz<\/p>\n\n\n\n<p><strong>Czwartek<\/strong><\/p>\n\n\n\n<p>7.30&nbsp;&nbsp;&nbsp; Dzi\u0119kczynno-b\u0142agalna w intencji Micha\u0142a przez wstawiennictwo Matki Bo\u017cej i \u015bw. J\u00f3zefa z pro\u015bb\u0105 o Bo\u017ce b\u0142ogos\u0142awie\u0144stwo i wype\u0142nienie woli Bo\u017cej w \u017cyciu jego i rodziny<\/p>\n\n\n\n<p>7.30&nbsp;&nbsp;&nbsp; + Dariusz Adamczewski, gr. 4<\/p>\n\n\n\n<p>18.00&nbsp; W intencji przeb\u0142agalnej za grzechy Joanny, jej rodziny, krewnych i wszystkich przodk\u00f3w (19)<\/p>\n\n\n\n<p>18.00&nbsp; + Alina Kubicka, gr. 21<\/p>\n\n\n\n<p>18.00&nbsp; + Ewa K\u0119dzia (od rodziny \u015awiderskich z \u0141odzi)<\/p>\n\n\n\n<p>18.00&nbsp; O Bo\u017ce b\u0142ogos\u0142awie\u0144stwo dla Doroty<\/p>\n\n\n\n<p><strong>Pi\u0105tek<\/strong><\/p>\n\n\n\n<p>7.30&nbsp;&nbsp;&nbsp; Dzi\u0119kczynno-b\u0142agalna w intencji Micha\u0142a przez wstawiennictwo Matki Bo\u017cej i \u015bw. J\u00f3zefa z pro\u015bb\u0105 o Bo\u017ce b\u0142ogos\u0142awie\u0144stwo i wype\u0142nienie woli Bo\u017cej w \u017cyciu jego i rodziny<\/p>\n\n\n\n<p>7.30&nbsp;&nbsp;&nbsp; + Dariusz Adamczewski, gr. 5<\/p>\n\n\n\n<p>7.30&nbsp;&nbsp;&nbsp; Dzi\u0119kczynna do \u015bw. J\u00f3zefa za opiek\u0119 przy budowie domu<\/p>\n\n\n\n<p>18.00&nbsp; W intencji przeb\u0142agalnej za grzechy Joanny, jej rodziny, krewnych i wszystkich przodk\u00f3w (20)<\/p>\n\n\n\n<p>18.00&nbsp; + Alina Kubicka, gr. 22<\/p>\n\n\n\n<p>18.00&nbsp; Przeb\u0142agalna za rodzin\u0119<\/p>\n\n\n\n<p><strong>Sobota<\/strong><\/p>\n\n\n\n<p>7.30&nbsp;&nbsp;&nbsp; W intencji przeb\u0142agalnej za grzechy Joanny, jej rodziny, krewnych i wszystkich przodk\u00f3w (21)<\/p>\n\n\n\n<p>7.30&nbsp;&nbsp;&nbsp; Dzi\u0119kczynno-b\u0142agalna w intencji Micha\u0142a przez wstawiennictwo Matki Bo\u017cej i \u015bw. J\u00f3zefa z pro\u015bb\u0105 o Bo\u017ce b\u0142ogos\u0142awie\u0144stwo i wype\u0142nienie woli Bo\u017cej w \u017cyciu jego i rodziny<\/p>\n\n\n\n<p>7.30&nbsp;&nbsp;&nbsp; + Dariusz Adamczewski, gr. 6<\/p>\n\n\n\n<p>7.30&nbsp;&nbsp;&nbsp; + J\u00f3zef i Leokadia Piechuta z dzie\u0107mi; Krystyna Grzesi\u0144ska<\/p>\n\n\n\n<p>18.00&nbsp; O Bo\u017ce b\u0142ogos\u0142awie\u0144stwo, zdrowie, szcz\u0119\u015bcie, potrzebne \u0142aski dla Henryki, Stanis\u0142awa, Andrzeja Nasi\u0142owskich i babci Jadzi<\/p>\n\n\n\n<p>18.00&nbsp; + Alina Kubicka, gr. 23 18.00&nbsp; + Micha\u0142 Majchrzak (1 rocz. \u015bm.)<\/p>\n","protected":false},"excerpt":{"rendered":"<p>Niedziela 8.30&nbsp;&nbsp;&nbsp; W intencji Teresy o Bo\u017ce b\u0142ogos\u0142awie\u0144stwo i opiek\u0119 Matki Bo\u017cej z okazji imienin 8.30&nbsp;&nbsp;&nbsp; W intencji przeb\u0142agalnej za grzechy Joanny, jej rodziny, krewnych i wszystkich przodk\u00f3w (15) 8.30&nbsp;&nbsp;&nbsp; Przeb\u0142agalna za grzechy w rodzinie Gra\u017cyny, prosz\u0105c o \u0142aski Bo\u017ce 8.30&nbsp;&nbsp;&nbsp; Dzi\u0119kczynno-b\u0142agalna w intencji Micha\u0142a przez wstawiennictwo Matki Bo\u017cej i [&hellip;]<\/p>\n","protected":false},"author":2,"featured_media":321,"comment_status":"open","ping_status":"open","sticky":false,"template":"","format":"standard","meta":{"footnotes":""},"categories":[2],"tags":[],"class_list":["post-491","post","type-post","status-publish","format-standard","has-post-thumbnail","hentry","category-aktualnosci"],"_links":{"self":[{"href":"https:\/\/wspomozycielka-lodz.pl\/index.php?rest_route=\/wp\/v2\/posts\/491","targetHints":{"allow":["GET"]}}],"collection":[{"href":"https:\/\/wspomozycielka-lodz.pl\/index.php?rest_route=\/wp\/v2\/posts"}],"about":[{"href":"https:\/\/wspomozycielka-lodz.pl\/index.php?rest_route=\/wp\/v2\/types\/post"}],"author":[{"embeddable":true,"href":"https:\/\/wspomozycielka-lodz.pl\/index.php?rest_route=\/wp\/v2\/users\/2"}],"replies":[{"embeddable":true,"href":"https:\/\/wspomozycielka-lodz.pl\/index.php?rest_route=%2Fwp%2Fv2%2Fcomments&post=491"}],"version-history":[{"count":1,"href":"https:\/\/wspomozycielka-lodz.pl\/index.php?rest_route=\/wp\/v2\/posts\/491\/revisions"}],"predecessor-version":[{"id":492,"href":"https:\/\/wspomozycielka-lodz.pl\/index.php?rest_route=\/wp\/v2\/posts\/491\/revisions\/492"}],"wp:featuredmedia":[{"embeddable":true,"href":"https:\/\/wspomozycielka-lodz.pl\/index.php?rest_route=\/wp\/v2\/media\/321"}],"wp:attachment":[{"href":"https:\/\/wspomozycielka-lodz.pl\/index.php?rest_route=%2Fwp%2Fv2%2Fmedia&parent=491"}],"wp:term":[{"taxonomy":"category","embeddable":true,"href":"https:\/\/wspomozycielka-lodz.pl\/index.php?rest_route=%2Fwp%2Fv2%2Fcategories&post=491"},{"taxonomy":"post_tag","embeddable":true,"href":"https:\/\/wspomozycielka-lodz.pl\/index.php?rest_route=%2Fwp%2Fv2%2Ftags&post=491"}],"curies":[{"name":"wp","href":"https:\/\/api.w.org\/{rel}","templated":true}]}}