{"id":489,"date":"2021-10-13T22:37:24","date_gmt":"2021-10-13T20:37:24","guid":{"rendered":"https:\/\/wspomozycielka-lodz.pl\/?p=489"},"modified":"2021-10-13T22:37:25","modified_gmt":"2021-10-13T20:37:25","slug":"ogloszenia-parafialne-10-10-2021-r","status":"publish","type":"post","link":"https:\/\/wspomozycielka-lodz.pl\/?p=489","title":{"rendered":"OG\u0141OSZENIA PARAFIALNE (10.10.2021 r.)"},"content":{"rendered":"\n<p>1. Ju\u017c po raz 21. w Polsce i w \u015brodowiskach polonijnych na ca\u0142ym \u015bwiecie obchodzimy Dzie\u0144 Papieski, zwi\u0105zany z osob\u0105 \u015bw. Jana Paw\u0142a II. W tym roku odbywa si\u0119 on pod has\u0142em \u201eNie l\u0119kajcie si\u0119!\u201d.<\/p>\n\n\n\n<p>2. Nabo\u017ce\u0144stwa r\u00f3\u017ca\u0144cowe do czwartku b\u0119d\u0105 o godz. 17.30, a od pi\u0105tku o godz. 17.15 z racji rozpocz\u0119cia nowenny do Maryi Wspomo\u017cycielki. Dla dzieci nabo\u017ce\u0144stwa r\u00f3\u017ca\u0144cowe s\u0105 we wtorki i czwartki o godz. 16.30.<\/p>\n\n\n\n<p>3. W poniedzia\u0142ek wypada 11 dzie\u0144 miesi\u0105ca, kt\u00f3ry w Rodzinie Salezja\u0144skiej jest dniem modlitw za misjonarzy. Warto od\u015bwie\u017cy\u0107 t\u0119 tradycj\u0119 salezja\u0144sk\u0105, pami\u0119taj\u0105c o misjonarzach i wolontariuszach misyjnych na ca\u0142ym \u015bwiecie. W tym miesi\u0105cu modlitwie przy\u015bwieca szczeg\u00f3lnie intencja o nowe i liczne salezja\u0144skie powo\u0142ania misyjne do Argentyny.<\/p>\n\n\n\n<p>4. W naszym ko\u015bciele te\u017c pojawi\u0142a si\u0119 wystawa misyjna Salezja\u0144skiego O\u015brodka Misyjnego w Warszawie, kt\u00f3ra przygotowuje nas do prze\u017cywania niedzieli misyjnej, przypadaj\u0105cej 24 pa\u017adziernika. Zach\u0119camy do zapoznania si\u0119 z ni\u0105.<\/p>\n\n\n\n<p>5. We wtorek po Mszy wieczornej spotkanie z rozwa\u017caniem S\u0142owa Bo\u017cego.<\/p>\n\n\n\n<p>6. We wtorek przed po\u0142udniem kancelaria parafialna b\u0119dzie wyj\u0105tkowo nieczynna.<\/p>\n\n\n\n<p>7. W czwartek po wieczornej Mszy \u015bw. adoracja Naj\u015bwi\u0119tszego Sakramentu.<\/p>\n\n\n\n<p>8. W pi\u0105tek rozpoczniemy nowenn\u0119 do Maryi Wspomo\u017cycielki. Zach\u0119camy do przedstawiania Matce Bo\u017cej intencji modlitewnych.<\/p>\n\n\n\n<p>9. W przysz\u0142\u0105 niedziel\u0119 b\u0119d\u0105 spotkania kandydat\u00f3w do bierzmowania. Zapraszamy uczni\u00f3w kl. I na Msz\u0119 o godz. 10 i potem spotkanie, a uczni\u00f3w klas VII i VIII na Msz\u0119 o 11.30 i po niej spotkanie formacyjne.<\/p>\n\n\n\n<p>10. Przyjmujemy zg\u0142oszenia na wypominki za naszych zmar\u0142ych, za kt\u00f3rych b\u0119dziemy si\u0119 modli\u0107 przez ca\u0142y listopad oraz potem przez ca\u0142y rok w ka\u017cdy pierwszy wtorek miesi\u0105ca na Mszy \u015bw. <\/p>\n\n\n\n<p>11. Dzi\u015b przeprowadzana jest zbi\u00f3rka do puszek na Fundacj\u0119 \u201eDzie\u0142o Nowego Tysi\u0105clecia\u201d.<\/p>\n","protected":false},"excerpt":{"rendered":"<p>1. Ju\u017c po raz 21. w Polsce i w \u015brodowiskach polonijnych na ca\u0142ym \u015bwiecie obchodzimy Dzie\u0144 Papieski, zwi\u0105zany z osob\u0105 \u015bw. Jana Paw\u0142a II. W tym roku odbywa si\u0119 on pod has\u0142em \u201eNie l\u0119kajcie si\u0119!\u201d. 2. Nabo\u017ce\u0144stwa r\u00f3\u017ca\u0144cowe do czwartku b\u0119d\u0105 o godz. 17.30, a od pi\u0105tku o godz. 17.15 [&hellip;]<\/p>\n","protected":false},"author":2,"featured_media":320,"comment_status":"open","ping_status":"open","sticky":false,"template":"","format":"standard","meta":{"footnotes":""},"categories":[2],"tags":[],"class_list":["post-489","post","type-post","status-publish","format-standard","has-post-thumbnail","hentry","category-aktualnosci"],"_links":{"self":[{"href":"https:\/\/wspomozycielka-lodz.pl\/index.php?rest_route=\/wp\/v2\/posts\/489","targetHints":{"allow":["GET"]}}],"collection":[{"href":"https:\/\/wspomozycielka-lodz.pl\/index.php?rest_route=\/wp\/v2\/posts"}],"about":[{"href":"https:\/\/wspomozycielka-lodz.pl\/index.php?rest_route=\/wp\/v2\/types\/post"}],"author":[{"embeddable":true,"href":"https:\/\/wspomozycielka-lodz.pl\/index.php?rest_route=\/wp\/v2\/users\/2"}],"replies":[{"embeddable":true,"href":"https:\/\/wspomozycielka-lodz.pl\/index.php?rest_route=%2Fwp%2Fv2%2Fcomments&post=489"}],"version-history":[{"count":1,"href":"https:\/\/wspomozycielka-lodz.pl\/index.php?rest_route=\/wp\/v2\/posts\/489\/revisions"}],"predecessor-version":[{"id":490,"href":"https:\/\/wspomozycielka-lodz.pl\/index.php?rest_route=\/wp\/v2\/posts\/489\/revisions\/490"}],"wp:featuredmedia":[{"embeddable":true,"href":"https:\/\/wspomozycielka-lodz.pl\/index.php?rest_route=\/wp\/v2\/media\/320"}],"wp:attachment":[{"href":"https:\/\/wspomozycielka-lodz.pl\/index.php?rest_route=%2Fwp%2Fv2%2Fmedia&parent=489"}],"wp:term":[{"taxonomy":"category","embeddable":true,"href":"https:\/\/wspomozycielka-lodz.pl\/index.php?rest_route=%2Fwp%2Fv2%2Fcategories&post=489"},{"taxonomy":"post_tag","embeddable":true,"href":"https:\/\/wspomozycielka-lodz.pl\/index.php?rest_route=%2Fwp%2Fv2%2Ftags&post=489"}],"curies":[{"name":"wp","href":"https:\/\/api.w.org\/{rel}","templated":true}]}}