{"id":487,"date":"2021-10-13T22:36:16","date_gmt":"2021-10-13T20:36:16","guid":{"rendered":"https:\/\/wspomozycielka-lodz.pl\/?p=487"},"modified":"2021-10-13T22:36:16","modified_gmt":"2021-10-13T20:36:16","slug":"intencje-mszalne-10-16-10-2021","status":"publish","type":"post","link":"https:\/\/wspomozycielka-lodz.pl\/?p=487","title":{"rendered":"INTENCJE MSZALNE (10-16.10.2021)"},"content":{"rendered":"\n<p><strong>Niedziela<\/strong><\/p>\n\n\n\n<p>8.30&nbsp;&nbsp;&nbsp; W intencji przeb\u0142agalnej za grzechy Joanny, jej rodziny, krewnych i wszystkich przodk\u00f3w (8)<\/p>\n\n\n\n<p>8.30&nbsp;&nbsp;&nbsp; Za dusze w czy\u015b\u0107cu cierpi\u0105ce, a szczeg\u00f3lnie za tych, kt\u00f3rzy targn\u0119li si\u0119 na swoje \u017cycie (5)<\/p>\n\n\n\n<p>8.30&nbsp;&nbsp;&nbsp; Dzi\u0119kczynna Panu Bogu za wszystkie \u0142aski, z pro\u015bb\u0105 o dalsze b\u0142ogos\u0142awie\u0144stwo Bo\u017ce i opiek\u0119 Matki Bo\u017cej na drodze powo\u0142ania Piotra<\/p>\n\n\n\n<p>10.00&nbsp; W intencji uczni\u00f3w kl. I Technikum Salezja\u0144skiego z okazji \u015blubowania<\/p>\n\n\n\n<p>10.00&nbsp; + Jan Kumorkiewicz<\/p>\n\n\n\n<p>10.00&nbsp; + Rafa\u0142 Kali\u0144ski (1 rocz. \u015bm.)<\/p>\n\n\n\n<p>10.00&nbsp; + Przemys\u0142aw Hoffman<\/p>\n\n\n\n<p>11.30&nbsp; W intencji Salezjan\u00f3w Wsp\u00f3\u0142pracownik\u00f3w, a szczeg\u00f3lnie solenizant\u00f3w<\/p>\n\n\n\n<p>11.30&nbsp; + Alina Kubicka, gr. 10<\/p>\n\n\n\n<p>11.30&nbsp; + W\u0142odzimierz, Stefania (f), J\u00f3zef Walig\u00f3rscy<\/p>\n\n\n\n<p>11.30&nbsp; + Teresa Dudek<\/p>\n\n\n\n<p>18.00&nbsp; + El\u017cbieta Zydler (20 rocz. \u015bm.)<\/p>\n\n\n\n<p><strong>Poniedzia\u0142ek<\/strong><\/p>\n\n\n\n<p>7.30&nbsp;&nbsp;&nbsp; + Franciszek Kumorkiewicz<\/p>\n\n\n\n<p>7.30&nbsp;&nbsp;&nbsp; Za dusze w czy\u015b\u0107cu cierpi\u0105ce, a szczeg\u00f3lnie za tych, kt\u00f3rzy targn\u0119li si\u0119 na swoje \u017cycie (6)<\/p>\n\n\n\n<p>18.00&nbsp; W intencji przeb\u0142agalnej za grzechy Joanny, jej rodziny, krewnych i wszystkich przodk\u00f3w (9)<\/p>\n\n\n\n<p>18.00&nbsp; + S\u0142awomir (8 rocz. \u015bm.) i Barbara Zeliger<\/p>\n\n\n\n<p>18.00&nbsp; + Alina Kubicka, gr. 11<\/p>\n\n\n\n<p>18.00&nbsp; Dzi\u0119kczynna Panu Bogu za wszystkie \u0142aski, z pro\u015bb\u0105 o dalsze b\u0142ogos\u0142awie\u0144stwo Bo\u017ce i opiek\u0119 Matki Bo\u017cej na drodze powo\u0142ania Piotra<\/p>\n\n\n\n<p><strong>Wtorek<\/strong><\/p>\n\n\n\n<p>7.30&nbsp;&nbsp;&nbsp; + \u0141ucja Kumorkiewicz<\/p>\n\n\n\n<p>7.30&nbsp;&nbsp;&nbsp; Za dusze w czy\u015b\u0107cu cierpi\u0105ce, a szczeg\u00f3lnie za tych, kt\u00f3rzy targn\u0119li si\u0119 na swoje \u017cycie (7)<\/p>\n\n\n\n<p>18.00&nbsp; W intencji przeb\u0142agalnej za grzechy Joanny, jej rodziny, krewnych i wszystkich przodk\u00f3w (10)<\/p>\n\n\n\n<p>18.00&nbsp; + Alina Kubicka, gr. 12<\/p>\n\n\n\n<p>18.00&nbsp; Dzi\u0119kczynna Panu Bogu za wszystkie \u0142aski, z pro\u015bb\u0105 o dalsze b\u0142ogos\u0142awie\u0144stwo Bo\u017ce i opiek\u0119 Matki Bo\u017cej na drodze powo\u0142ania Piotra<\/p>\n\n\n\n<p><strong>\u015aroda<\/strong><\/p>\n\n\n\n<p>7.30&nbsp;&nbsp;&nbsp; + Helena Dziador<\/p>\n\n\n\n<p>7.30&nbsp;&nbsp;&nbsp; Za dusze w czy\u015b\u0107cu cierpi\u0105ce, a szczeg\u00f3lnie za tych, kt\u00f3rzy targn\u0119li si\u0119 na swoje \u017cycie (8)<\/p>\n\n\n\n<p>18.00&nbsp; W intencji przeb\u0142agalnej za grzechy Joanny, jej rodziny, krewnych i wszystkich przodk\u00f3w (11)<\/p>\n\n\n\n<p>18.00&nbsp; + Alina Kubicka, gr. 13<\/p>\n\n\n\n<p>18.00&nbsp; Za dusze w czy\u015b\u0107cu cierpi\u0105ce<\/p>\n\n\n\n<p>18.00&nbsp; Dzi\u0119kczynna Panu Bogu za wszystkie \u0142aski, z pro\u015bb\u0105 o dalsze b\u0142ogos\u0142awie\u0144stwo Bo\u017ce i opiek\u0119 Matki Bo\u017cej na drodze powo\u0142ania Piotra<\/p>\n\n\n\n<p><strong>Czwartek<\/strong><\/p>\n\n\n\n<p>7.30&nbsp;&nbsp;&nbsp; + W\u0142adys\u0142aw Dziador<\/p>\n\n\n\n<p>7.30&nbsp;&nbsp;&nbsp; Za dusze w czy\u015b\u0107cu cierpi\u0105ce, a szczeg\u00f3lnie za tych, kt\u00f3rzy targn\u0119li si\u0119 na swoje \u017cycie (9)<\/p>\n\n\n\n<p>18.00&nbsp; W intencji przeb\u0142agalnej za grzechy Joanny, jej rodziny, krewnych i wszystkich przodk\u00f3w (12)<\/p>\n\n\n\n<p>18.00&nbsp; + Alina Kubicka, gr. 14<\/p>\n\n\n\n<p>18.00&nbsp; Dzi\u0119kczynna Panu Bogu za wszystkie \u0142aski, z pro\u015bb\u0105 o dalsze b\u0142ogos\u0142awie\u0144stwo Bo\u017ce i opiek\u0119 Matki Bo\u017cej na drodze powo\u0142ania Piotra<\/p>\n\n\n\n<p><strong>Pi\u0105tek<\/strong><\/p>\n\n\n\n<p>7.30&nbsp;&nbsp;&nbsp; + Alina Kubicka, gr. 15<\/p>\n\n\n\n<p>18.00&nbsp; W intencji przeb\u0142agalnej za grzechy Joanny, jej rodziny, krewnych i wszystkich przodk\u00f3w (13)<\/p>\n\n\n\n<p>18.00&nbsp; + Jadwiga Ba\u0142amut<\/p>\n\n\n\n<p>18.00&nbsp; + Krzysztof Suskiewicz oraz Jadwiga i Ryszard Suskiewicze, Sabina i Kazimierz Garstka, Czes\u0142aw W\u00f3jcik<\/p>\n\n\n\n<p>18.00&nbsp; + Jadwiga Jackiewicz<\/p>\n\n\n\n<p>18.00&nbsp; Dzi\u0119kczynna Panu Bogu za wszystkie \u0142aski, z pro\u015bb\u0105 o dalsze b\u0142ogos\u0142awie\u0144stwo Bo\u017ce i opiek\u0119 Matki Bo\u017cej na drodze powo\u0142ania Piotra<\/p>\n\n\n\n<p><strong>Sobota<\/strong><\/p>\n\n\n\n<p>7.30&nbsp;&nbsp;&nbsp; W intencji przeb\u0142agalnej za grzechy Joanny, jej rodziny, krewnych i wszystkich przodk\u00f3w (14)<\/p>\n\n\n\n<p>7.30&nbsp;&nbsp;&nbsp; + Roman Tomaszewski<\/p>\n\n\n\n<p>18.00&nbsp; + Alina Kubicka, gr. 16<\/p>\n\n\n\n<p>18.00&nbsp; + Jacek Jackiewicz 18.00&nbsp; O \u0142ask\u0119 nieba dla Patrycji Marciniak<\/p>\n","protected":false},"excerpt":{"rendered":"<p>Niedziela 8.30&nbsp;&nbsp;&nbsp; W intencji przeb\u0142agalnej za grzechy Joanny, jej rodziny, krewnych i wszystkich przodk\u00f3w (8) 8.30&nbsp;&nbsp;&nbsp; Za dusze w czy\u015b\u0107cu cierpi\u0105ce, a szczeg\u00f3lnie za tych, kt\u00f3rzy targn\u0119li si\u0119 na swoje \u017cycie (5) 8.30&nbsp;&nbsp;&nbsp; Dzi\u0119kczynna Panu Bogu za wszystkie \u0142aski, z pro\u015bb\u0105 o dalsze b\u0142ogos\u0142awie\u0144stwo Bo\u017ce i opiek\u0119 Matki Bo\u017cej na [&hellip;]<\/p>\n","protected":false},"author":2,"featured_media":321,"comment_status":"open","ping_status":"open","sticky":false,"template":"","format":"standard","meta":{"footnotes":""},"categories":[2],"tags":[],"class_list":["post-487","post","type-post","status-publish","format-standard","has-post-thumbnail","hentry","category-aktualnosci"],"_links":{"self":[{"href":"https:\/\/wspomozycielka-lodz.pl\/index.php?rest_route=\/wp\/v2\/posts\/487","targetHints":{"allow":["GET"]}}],"collection":[{"href":"https:\/\/wspomozycielka-lodz.pl\/index.php?rest_route=\/wp\/v2\/posts"}],"about":[{"href":"https:\/\/wspomozycielka-lodz.pl\/index.php?rest_route=\/wp\/v2\/types\/post"}],"author":[{"embeddable":true,"href":"https:\/\/wspomozycielka-lodz.pl\/index.php?rest_route=\/wp\/v2\/users\/2"}],"replies":[{"embeddable":true,"href":"https:\/\/wspomozycielka-lodz.pl\/index.php?rest_route=%2Fwp%2Fv2%2Fcomments&post=487"}],"version-history":[{"count":1,"href":"https:\/\/wspomozycielka-lodz.pl\/index.php?rest_route=\/wp\/v2\/posts\/487\/revisions"}],"predecessor-version":[{"id":488,"href":"https:\/\/wspomozycielka-lodz.pl\/index.php?rest_route=\/wp\/v2\/posts\/487\/revisions\/488"}],"wp:featuredmedia":[{"embeddable":true,"href":"https:\/\/wspomozycielka-lodz.pl\/index.php?rest_route=\/wp\/v2\/media\/321"}],"wp:attachment":[{"href":"https:\/\/wspomozycielka-lodz.pl\/index.php?rest_route=%2Fwp%2Fv2%2Fmedia&parent=487"}],"wp:term":[{"taxonomy":"category","embeddable":true,"href":"https:\/\/wspomozycielka-lodz.pl\/index.php?rest_route=%2Fwp%2Fv2%2Fcategories&post=487"},{"taxonomy":"post_tag","embeddable":true,"href":"https:\/\/wspomozycielka-lodz.pl\/index.php?rest_route=%2Fwp%2Fv2%2Ftags&post=487"}],"curies":[{"name":"wp","href":"https:\/\/api.w.org\/{rel}","templated":true}]}}