{"id":484,"date":"2021-10-02T20:53:19","date_gmt":"2021-10-02T18:53:19","guid":{"rendered":"https:\/\/wspomozycielka-lodz.pl\/?p=484"},"modified":"2021-10-02T20:53:19","modified_gmt":"2021-10-02T18:53:19","slug":"ogloszenia-parafialne-3-10-2021-r","status":"publish","type":"post","link":"https:\/\/wspomozycielka-lodz.pl\/?p=484","title":{"rendered":"OG\u0141OSZENIA PARAFIALNE (3.10.2021 r.)"},"content":{"rendered":"\n<p>1. Nabo\u017ce\u0144stwa r\u00f3\u017ca\u0144cowe o godz. 17.30, a dla dzieci nabo\u017ce\u0144stwa r\u00f3\u017ca\u0144cowe b\u0119d\u0105 we wtorki i czwartki o godz. 16.30.<\/p>\n\n\n\n<p>2. We wtorek obchodzimy uroczysto\u015b\u0107 \u015bw. Faustyny, g\u0142\u00f3wnej patronki miasta \u0141odzi. Po Mszy wieczornej spotkanie z rozwa\u017caniem S\u0142owa Bo\u017cego.<\/p>\n\n\n\n<p>3. W czwartek, we wspomnienie Matki Bo\u017cej R\u00f3\u017ca\u0144cowej, Msz\u0105 o godz. 15 Salezja\u0144ski Uniwersytet Trzeciego Wieku zainauguruje nowy rok zaj\u0119\u0107. Po wieczornej Mszy czwartkowej jak zawsze adoracja Naj\u015bwi\u0119tszego Sakramentu.<\/p>\n\n\n\n<p>4. W trzeci\u0105 niedziel\u0119 miesi\u0105ca b\u0119d\u0105 spotkania kandydat\u00f3w do bierzmowania. Zapraszamy uczni\u00f3w kl. I na Msz\u0119 o godz. 10 i potem spotkanie, a uczni\u00f3w klas VII i VIII na Msz\u0119 o 11.30 i po niej spotkanie formacyjne.<\/p>\n\n\n\n<p>5. W przysz\u0142\u0105 niedziel\u0119 po Mszy \u015bw. o 11.30 b\u0119dzie spotkanie Salezjan\u00f3w Wsp\u00f3\u0142pracownik\u00f3w. <\/p>\n\n\n\n<p>9. Z naszej wsp\u00f3lnoty parafialnej do wieczno\u015bci odeszli: Stanis\u0142aw Maro\u0144, lat 76; Roman Tomaszewski, lat 60. <em>Wieczny odpoczynek racz im da\u0107, Panie<\/em>&#8230;<\/p>\n","protected":false},"excerpt":{"rendered":"<p>1. Nabo\u017ce\u0144stwa r\u00f3\u017ca\u0144cowe o godz. 17.30, a dla dzieci nabo\u017ce\u0144stwa r\u00f3\u017ca\u0144cowe b\u0119d\u0105 we wtorki i czwartki o godz. 16.30. 2. We wtorek obchodzimy uroczysto\u015b\u0107 \u015bw. Faustyny, g\u0142\u00f3wnej patronki miasta \u0141odzi. Po Mszy wieczornej spotkanie z rozwa\u017caniem S\u0142owa Bo\u017cego. 3. W czwartek, we wspomnienie Matki Bo\u017cej R\u00f3\u017ca\u0144cowej, Msz\u0105 o godz. 15 [&hellip;]<\/p>\n","protected":false},"author":2,"featured_media":320,"comment_status":"open","ping_status":"open","sticky":false,"template":"","format":"standard","meta":{"footnotes":""},"categories":[2],"tags":[],"class_list":["post-484","post","type-post","status-publish","format-standard","has-post-thumbnail","hentry","category-aktualnosci"],"_links":{"self":[{"href":"https:\/\/wspomozycielka-lodz.pl\/index.php?rest_route=\/wp\/v2\/posts\/484","targetHints":{"allow":["GET"]}}],"collection":[{"href":"https:\/\/wspomozycielka-lodz.pl\/index.php?rest_route=\/wp\/v2\/posts"}],"about":[{"href":"https:\/\/wspomozycielka-lodz.pl\/index.php?rest_route=\/wp\/v2\/types\/post"}],"author":[{"embeddable":true,"href":"https:\/\/wspomozycielka-lodz.pl\/index.php?rest_route=\/wp\/v2\/users\/2"}],"replies":[{"embeddable":true,"href":"https:\/\/wspomozycielka-lodz.pl\/index.php?rest_route=%2Fwp%2Fv2%2Fcomments&post=484"}],"version-history":[{"count":1,"href":"https:\/\/wspomozycielka-lodz.pl\/index.php?rest_route=\/wp\/v2\/posts\/484\/revisions"}],"predecessor-version":[{"id":485,"href":"https:\/\/wspomozycielka-lodz.pl\/index.php?rest_route=\/wp\/v2\/posts\/484\/revisions\/485"}],"wp:featuredmedia":[{"embeddable":true,"href":"https:\/\/wspomozycielka-lodz.pl\/index.php?rest_route=\/wp\/v2\/media\/320"}],"wp:attachment":[{"href":"https:\/\/wspomozycielka-lodz.pl\/index.php?rest_route=%2Fwp%2Fv2%2Fmedia&parent=484"}],"wp:term":[{"taxonomy":"category","embeddable":true,"href":"https:\/\/wspomozycielka-lodz.pl\/index.php?rest_route=%2Fwp%2Fv2%2Fcategories&post=484"},{"taxonomy":"post_tag","embeddable":true,"href":"https:\/\/wspomozycielka-lodz.pl\/index.php?rest_route=%2Fwp%2Fv2%2Ftags&post=484"}],"curies":[{"name":"wp","href":"https:\/\/api.w.org\/{rel}","templated":true}]}}