{"id":482,"date":"2021-10-02T20:52:11","date_gmt":"2021-10-02T18:52:11","guid":{"rendered":"https:\/\/wspomozycielka-lodz.pl\/?p=482"},"modified":"2021-10-02T20:52:12","modified_gmt":"2021-10-02T18:52:12","slug":"intencje-mszalne-3-9-10-2021","status":"publish","type":"post","link":"https:\/\/wspomozycielka-lodz.pl\/?p=482","title":{"rendered":"INTENCJE MSZALNE (3-9.10.2021)"},"content":{"rendered":"\n<p><\/p>\n\n\n\n<p><strong>Niedziela<\/strong><\/p>\n\n\n\n<p>8.30&nbsp;&nbsp;&nbsp; + Wac\u0142aw i Wac\u0142awa (f) Sanik<\/p>\n\n\n\n<p>8.30&nbsp;&nbsp;&nbsp; W intencji przeb\u0142agalnej za grzechy Joanny, jej rodziny, krewnych i wszystkich przodk\u00f3w (17)<\/p>\n\n\n\n<p>8.30&nbsp;&nbsp;&nbsp; W intencji Teresy Zalega z okazji imienin o Bo\u017ce b\u0142ogos\u0142awie\u0144stwo i opiek\u0119 Matki Bo\u017cej<\/p>\n\n\n\n<p>10.00&nbsp; + Franciszek Urbaniak<\/p>\n\n\n\n<p>10.00&nbsp; W intencji dzi\u0119kczynnej za Mari\u0119 i Zdzis\u0142awa z okazji 59 rocznicy sakramentu ma\u0142\u017ce\u0144stwa<\/p>\n\n\n\n<p>10.00&nbsp; + Danuta Chmielewska w 80 rocznic\u0119 urodzin<\/p>\n\n\n\n<p>11.30&nbsp; + Jan-Kazimierz Kuba (12 rocz. \u015bm.)<\/p>\n\n\n\n<p>11.30&nbsp; + Jadwiga i Janina Marek<\/p>\n\n\n\n<p>11.30&nbsp; + Alina Kubicka, gr. 3<\/p>\n\n\n\n<p>11.30&nbsp; + Tadeusz Kami\u0144ski, gr. 28<\/p>\n\n\n\n<p>18.00&nbsp; O nawr\u00f3cenie grzesznik\u00f3w<\/p>\n\n\n\n<p><strong>Poniedzia\u0142ek<\/strong><\/p>\n\n\n\n<p>7.30&nbsp;&nbsp;&nbsp; + Tadeusz Kami\u0144ski, gr. 29<\/p>\n\n\n\n<p>7.30&nbsp;&nbsp;&nbsp; Za dusze w czy\u015b\u0107cu cierpi\u0105ce<\/p>\n\n\n\n<p>18.00&nbsp; W intencji przeb\u0142agalnej za grzechy Joanny, jej rodziny, krewnych i wszystkich przodk\u00f3w (2)<\/p>\n\n\n\n<p>18.00&nbsp; + Alina Kubicka, gr. 4<\/p>\n\n\n\n<p>18.00&nbsp; + Marian Zawada<\/p>\n\n\n\n<p><strong>Wtorek<\/strong><\/p>\n\n\n\n<p>7.30&nbsp;&nbsp;&nbsp; + Alina Kubicka, gr. 5<\/p>\n\n\n\n<p>7.30&nbsp;&nbsp;&nbsp; + Tadeusz Kami\u0144ski, gr. 30<\/p>\n\n\n\n<p>7.30&nbsp;&nbsp;&nbsp; + Zofia Jackiewicz<\/p>\n\n\n\n<p>18.00&nbsp; W intencji przeb\u0142agalnej za grzechy Joanny, jej rodziny, krewnych i wszystkich przodk\u00f3w (3)<\/p>\n\n\n\n<p>18.00&nbsp; Za zmar\u0142ych polecanych w wypominkach<\/p>\n\n\n\n<p>18.00&nbsp; + Zofia Jackiewicz<\/p>\n\n\n\n<p>18.00&nbsp; + Feliks Wr\u00f3bel (66 rocz. \u015bm.), Marianna, Jan, J\u00f3zef Wr\u00f3blowie; Tadeusz Ska\u0142ban, Andrzej Alwinger, dusz w czy\u015b\u0107cu cierpi\u0105ce<\/p>\n\n\n\n<p><strong>\u015aroda<\/strong><\/p>\n\n\n\n<p>7.30&nbsp;&nbsp;&nbsp; + Alina Kubicka, gr. 6<\/p>\n\n\n\n<p>7.30&nbsp;&nbsp;&nbsp; Za dusze w czy\u015b\u0107cu cierpi\u0105ce, a szczeg\u00f3lnie za tych, kt\u00f3rzy targn\u0119li si\u0119 na swoje \u017cycie (1)<\/p>\n\n\n\n<p>18.00&nbsp; Za dusze w czy\u015b\u0107cu cierpi\u0105ce<\/p>\n\n\n\n<p>18.00&nbsp; W intencji Dobrodziej\u00f3w naszej parafii i ca\u0142ego dzie\u0142a salezja\u0144skiego na Wodnej<\/p>\n\n\n\n<p>18.00&nbsp; W intencji przeb\u0142agalnej za grzechy Joanny, jej rodziny, krewnych i wszystkich przodk\u00f3w (4)<\/p>\n\n\n\n<p>18.00&nbsp; Dzi\u0119kczynna Panu Bogu za wszystkie \u0142aski, z pro\u015bb\u0105 o dalsz\u0105 opiek\u0119 Matki Bo\u017cej na drodze powo\u0142ania Piotra<\/p>\n\n\n\n<p><strong>Czwartek<\/strong><\/p>\n\n\n\n<p>7.30&nbsp;&nbsp;&nbsp; + Maria Kumorkiewicz<\/p>\n\n\n\n<p>7.30&nbsp;&nbsp;&nbsp; Za dusze w czy\u015b\u0107cu cierpi\u0105ce, a szczeg\u00f3lnie za tych, kt\u00f3rzy targn\u0119li si\u0119 na swoje \u017cycie (2)<\/p>\n\n\n\n<p>18.00&nbsp; W intencji kap\u0142an\u00f3w pos\u0142uguj\u0105cych w naszej parafii i o nowe powo\u0142ania kap\u0142a\u0144skie, zakonne i misyjne<\/p>\n\n\n\n<p>18.00&nbsp; W intencji przeb\u0142agalnej za grzechy Joanny, jej rodziny, krewnych i wszystkich przodk\u00f3w (5)<\/p>\n\n\n\n<p>18.00&nbsp; + Alina Kubicka, gr. 7<\/p>\n\n\n\n<p>18.00&nbsp; Dzi\u0119kczynna Panu Bogu za wszystkie \u0142aski, z pro\u015bb\u0105 o dalsz\u0105 opiek\u0119 Matki Bo\u017cej na drodze powo\u0142ania Piotra<\/p>\n\n\n\n<p><strong>Pi\u0105tek<\/strong><\/p>\n\n\n\n<p>7.30&nbsp;&nbsp;&nbsp; + Sylwester Kumorkiewicz<\/p>\n\n\n\n<p>7.30&nbsp;&nbsp;&nbsp; O intronizacj\u0119 Serca Jezusowego w rodzinach, w ojczy\u017anie i w ka\u017cdym sercu oraz o beatyfikacj\u0119 S\u0142u\u017cebnicy Bo\u017cej Rozalii Celak\u00f3wny<\/p>\n\n\n\n<p>7.30&nbsp;&nbsp;&nbsp; Za dusze w czy\u015b\u0107cu cierpi\u0105ce, a szczeg\u00f3lnie za tych, kt\u00f3rzy targn\u0119li si\u0119 na swoje \u017cycie (3)<\/p>\n\n\n\n<p>18.00&nbsp; W intencji przeb\u0142agalnej za grzechy Joanny, jej rodziny, krewnych i wszystkich przodk\u00f3w (6)<\/p>\n\n\n\n<p>18.00&nbsp; Dzi\u0119kczynno-b\u0142agalna w 5 rocznic\u0119 urodzin Poli<\/p>\n\n\n\n<p>18.00&nbsp; + Alina Kubicka, gr. 8<\/p>\n\n\n\n<p>18.00&nbsp; Dzi\u0119kczynna Panu Bogu za wszystkie \u0142aski, z pro\u015bb\u0105 o dalsz\u0105 opiek\u0119 Matki Bo\u017cej na drodze powo\u0142ania Piotra<\/p>\n\n\n\n<p><strong>Sobota<\/strong><\/p>\n\n\n\n<p>7.30&nbsp;&nbsp;&nbsp; W intencji przeb\u0142agalnej za grzechy Joanny, jej rodziny, krewnych i wszystkich przodk\u00f3w (7)<\/p>\n\n\n\n<p>7.30&nbsp;&nbsp;&nbsp; + Wincenty Kumorkiewicz<\/p>\n\n\n\n<p>7.30&nbsp;&nbsp;&nbsp; Za dusze w czy\u015b\u0107cu cierpi\u0105ce, a szczeg\u00f3lnie za tych, kt\u00f3rzy targn\u0119li si\u0119 na swoje \u017cycie (2)<\/p>\n\n\n\n<p>7.30&nbsp;&nbsp;&nbsp; Dzi\u0119kczynna Panu Bogu za wszystkie \u0142aski, z pro\u015bb\u0105 o dalsz\u0105 opiek\u0119 Matki Bo\u017cej na drodze powo\u0142ania Piotra 18.00&nbsp; + Alina Kubicka, gr. 9<\/p>\n","protected":false},"excerpt":{"rendered":"<p>Niedziela 8.30&nbsp;&nbsp;&nbsp; + Wac\u0142aw i Wac\u0142awa (f) Sanik 8.30&nbsp;&nbsp;&nbsp; W intencji przeb\u0142agalnej za grzechy Joanny, jej rodziny, krewnych i wszystkich przodk\u00f3w (17) 8.30&nbsp;&nbsp;&nbsp; W intencji Teresy Zalega z okazji imienin o Bo\u017ce b\u0142ogos\u0142awie\u0144stwo i opiek\u0119 Matki Bo\u017cej 10.00&nbsp; + Franciszek Urbaniak 10.00&nbsp; W intencji dzi\u0119kczynnej za Mari\u0119 i Zdzis\u0142awa z [&hellip;]<\/p>\n","protected":false},"author":2,"featured_media":321,"comment_status":"open","ping_status":"open","sticky":false,"template":"","format":"standard","meta":{"footnotes":""},"categories":[2],"tags":[],"class_list":["post-482","post","type-post","status-publish","format-standard","has-post-thumbnail","hentry","category-aktualnosci"],"_links":{"self":[{"href":"https:\/\/wspomozycielka-lodz.pl\/index.php?rest_route=\/wp\/v2\/posts\/482","targetHints":{"allow":["GET"]}}],"collection":[{"href":"https:\/\/wspomozycielka-lodz.pl\/index.php?rest_route=\/wp\/v2\/posts"}],"about":[{"href":"https:\/\/wspomozycielka-lodz.pl\/index.php?rest_route=\/wp\/v2\/types\/post"}],"author":[{"embeddable":true,"href":"https:\/\/wspomozycielka-lodz.pl\/index.php?rest_route=\/wp\/v2\/users\/2"}],"replies":[{"embeddable":true,"href":"https:\/\/wspomozycielka-lodz.pl\/index.php?rest_route=%2Fwp%2Fv2%2Fcomments&post=482"}],"version-history":[{"count":1,"href":"https:\/\/wspomozycielka-lodz.pl\/index.php?rest_route=\/wp\/v2\/posts\/482\/revisions"}],"predecessor-version":[{"id":483,"href":"https:\/\/wspomozycielka-lodz.pl\/index.php?rest_route=\/wp\/v2\/posts\/482\/revisions\/483"}],"wp:featuredmedia":[{"embeddable":true,"href":"https:\/\/wspomozycielka-lodz.pl\/index.php?rest_route=\/wp\/v2\/media\/321"}],"wp:attachment":[{"href":"https:\/\/wspomozycielka-lodz.pl\/index.php?rest_route=%2Fwp%2Fv2%2Fmedia&parent=482"}],"wp:term":[{"taxonomy":"category","embeddable":true,"href":"https:\/\/wspomozycielka-lodz.pl\/index.php?rest_route=%2Fwp%2Fv2%2Fcategories&post=482"},{"taxonomy":"post_tag","embeddable":true,"href":"https:\/\/wspomozycielka-lodz.pl\/index.php?rest_route=%2Fwp%2Fv2%2Ftags&post=482"}],"curies":[{"name":"wp","href":"https:\/\/api.w.org\/{rel}","templated":true}]}}