{"id":480,"date":"2021-10-02T20:44:34","date_gmt":"2021-10-02T18:44:34","guid":{"rendered":"https:\/\/wspomozycielka-lodz.pl\/?p=480"},"modified":"2021-10-02T20:44:35","modified_gmt":"2021-10-02T18:44:35","slug":"ogloszenia-parafialne-26-09-2021-r","status":"publish","type":"post","link":"https:\/\/wspomozycielka-lodz.pl\/?p=480","title":{"rendered":"OG\u0141OSZENIA PARAFIALNE (26.09.2021 r.)"},"content":{"rendered":"\n<p>1. Dzi\u015b po Mszy \u015bw. o 11.30 spotkanie dla rodzic\u00f3w i dzieci przygotowuj\u0105cych si\u0119 do Pierwszej Komunii \u015awi\u0119tej.<\/p>\n\n\n\n<p>2. We wtorek po Mszy wieczornej spotkanie z rozwa\u017caniem S\u0142owa Bo\u017cego.<\/p>\n\n\n\n<p>3. W czwartek przypada miesi\u0119czne wspomnienie \u015bw. Jana Bosko. Po Mszy \u015bw. wieczornej adoracja Naj\u015bwi\u0119tszego Sakramentu.<\/p>\n\n\n\n<p>4. W pi\u0105tek rozpoczyna si\u0119 pa\u017adziernik &#8211; miesi\u0105c r\u00f3\u017ca\u0144cowy. Zapraszamy na nabo\u017ce\u0144stwa r\u00f3\u017ca\u0144cowe o godz. 17.30, a dla dzieci nabo\u017ce\u0144stwa r\u00f3\u017ca\u0144cowe b\u0119d\u0105 we wtorki i czwartki o godz. 16.30.<\/p>\n\n\n\n<p>5. Jest to te\u017c pierwszy pi\u0105tek miesi\u0105ca: od godz. 15.00 Godzina Mi\u0142osierdzia i adoracja Naj\u015bwi\u0119tszego Sakramentu. Po Mszy wieczornej spotkanie wsp\u00f3lnoty Stra\u017cy Honorowej NSPJ.<\/p>\n\n\n\n<p>6. W pierwsz\u0105 sobot\u0119 miesi\u0105ca po Mszy porannej nabo\u017ce\u0144stwo maryjne.<\/p>\n\n\n\n<p>7. Nasze Oratorium zaprasza dzieci i m\u0142odzie\u017c z rodzicami na powitanie jesieni, czyli \u201e\u015awi\u0119to ziemniaka\u201d. Wydarzenie to odb\u0119dzie si\u0119 w przysz\u0142\u0105 niedziel\u0119, 3 pa\u017adziernika. Rozpocz\u0119cie o 11.30 Msz\u0105 \u015bw. w ko\u015bciele, potem zabawy i atrakcje w Oratorium. Biletem wst\u0119pu s\u0105 trzy ziemniaki przyniesione do upieczenia.<\/p>\n\n\n\n<p>8. Dzi\u015b jak w ka\u017cd\u0105 ostatni\u0105 niedziel\u0119 mo\u017cna z\u0142o\u017cy\u0107 ofiar\u0119 do puszki na Radio Maryja. <\/p>\n\n\n\n<p>9. Z naszej wsp\u00f3lnoty parafialnej do wieczno\u015bci odesz\u0142a Ewa K\u0119dzia, lat 62. <em>Wieczny odpoczynek racz jej da\u0107, Panie<\/em>&#8230;<\/p>\n","protected":false},"excerpt":{"rendered":"<p>1. Dzi\u015b po Mszy \u015bw. o 11.30 spotkanie dla rodzic\u00f3w i dzieci przygotowuj\u0105cych si\u0119 do Pierwszej Komunii \u015awi\u0119tej. 2. We wtorek po Mszy wieczornej spotkanie z rozwa\u017caniem S\u0142owa Bo\u017cego. 3. W czwartek przypada miesi\u0119czne wspomnienie \u015bw. Jana Bosko. Po Mszy \u015bw. wieczornej adoracja Naj\u015bwi\u0119tszego Sakramentu. 4. W pi\u0105tek rozpoczyna si\u0119 [&hellip;]<\/p>\n","protected":false},"author":2,"featured_media":320,"comment_status":"open","ping_status":"open","sticky":false,"template":"","format":"standard","meta":{"footnotes":""},"categories":[2],"tags":[],"class_list":["post-480","post","type-post","status-publish","format-standard","has-post-thumbnail","hentry","category-aktualnosci"],"_links":{"self":[{"href":"https:\/\/wspomozycielka-lodz.pl\/index.php?rest_route=\/wp\/v2\/posts\/480","targetHints":{"allow":["GET"]}}],"collection":[{"href":"https:\/\/wspomozycielka-lodz.pl\/index.php?rest_route=\/wp\/v2\/posts"}],"about":[{"href":"https:\/\/wspomozycielka-lodz.pl\/index.php?rest_route=\/wp\/v2\/types\/post"}],"author":[{"embeddable":true,"href":"https:\/\/wspomozycielka-lodz.pl\/index.php?rest_route=\/wp\/v2\/users\/2"}],"replies":[{"embeddable":true,"href":"https:\/\/wspomozycielka-lodz.pl\/index.php?rest_route=%2Fwp%2Fv2%2Fcomments&post=480"}],"version-history":[{"count":1,"href":"https:\/\/wspomozycielka-lodz.pl\/index.php?rest_route=\/wp\/v2\/posts\/480\/revisions"}],"predecessor-version":[{"id":481,"href":"https:\/\/wspomozycielka-lodz.pl\/index.php?rest_route=\/wp\/v2\/posts\/480\/revisions\/481"}],"wp:featuredmedia":[{"embeddable":true,"href":"https:\/\/wspomozycielka-lodz.pl\/index.php?rest_route=\/wp\/v2\/media\/320"}],"wp:attachment":[{"href":"https:\/\/wspomozycielka-lodz.pl\/index.php?rest_route=%2Fwp%2Fv2%2Fmedia&parent=480"}],"wp:term":[{"taxonomy":"category","embeddable":true,"href":"https:\/\/wspomozycielka-lodz.pl\/index.php?rest_route=%2Fwp%2Fv2%2Fcategories&post=480"},{"taxonomy":"post_tag","embeddable":true,"href":"https:\/\/wspomozycielka-lodz.pl\/index.php?rest_route=%2Fwp%2Fv2%2Ftags&post=480"}],"curies":[{"name":"wp","href":"https:\/\/api.w.org\/{rel}","templated":true}]}}