{"id":477,"date":"2021-09-19T22:03:30","date_gmt":"2021-09-19T20:03:30","guid":{"rendered":"https:\/\/wspomozycielka-lodz.pl\/?p=477"},"modified":"2021-09-19T22:03:54","modified_gmt":"2021-09-19T20:03:54","slug":"ogloszenia-parafialne-19-09-2021-r","status":"publish","type":"post","link":"https:\/\/wspomozycielka-lodz.pl\/?p=477","title":{"rendered":"OG\u0141OSZENIA DUSZPASTERSKIE (19.09.2021 r.)"},"content":{"rendered":"\n<p>1. Trwamy w nowennie do Maryi Wspomo\u017cycielki codziennie o godz. 17.40. Zach\u0119camy do wsp\u00f3lnej modlitwy.<\/p>\n\n\n\n<p>2. We wtorek po Mszy wieczornej spotkanie z rozwa\u017caniem S\u0142owa Bo\u017cego.<\/p>\n\n\n\n<p>3. W czwartek po Mszy \u015bw. wieczornej adoracja Naj\u015bwi\u0119tszego Sakramentu. B\u0119dziemy si\u0119 szczeg\u00f3lnie modli\u0107 za chorych fizycznie, moralnie i duchowo.<\/p>\n\n\n\n<p>4. W pi\u0105tek o godz. 17.00 ho\u0142d Maryi Wspomo\u017cycielce. Po Mszy wieczornej spotkanie Sodalicji Maria\u0144skiej.<\/p>\n\n\n\n<p>5. W ko\u015bciele Matki Bo\u017cej Jasnog\u00f3rskiej rozpocz\u0119\u0142y si\u0119 rekolekcje ewangelizacyjne. Zach\u0119camy do udzia\u0142u w tych wydarzeniach. Szczeg\u00f3\u0142owy program rekolekcji znajduje si\u0119 w gablocie.<\/p>\n\n\n\n<p>6. Przypominamy, \u017ce w przysz\u0142\u0105 niedziel\u0119, 26 wrze\u015bnia, b\u0119dzie spotkanie dla rodzic\u00f3w i dzieci przygotowuj\u0105cych si\u0119 do I Komunii \u015aw. w 2022 roku. Zapraszamy na godz. 11.30.<\/p>\n\n\n\n<p>7. Dzi\u015b po Mszy \u015bw. przeprowadzana jest zbi\u00f3rka do puszek na potrzeby Stolicy Apostolskiej.<\/p>\n\n\n\n<p>8. Z naszej wsp\u00f3lnoty parafialnej do wieczno\u015bci odesz\u0142a Teresa Dudek, lat 74. <em>Wieczny odpoczynek racz jej da\u0107, Panie<\/em>&#8230;<\/p>\n","protected":false},"excerpt":{"rendered":"<p>1. Trwamy w nowennie do Maryi Wspomo\u017cycielki codziennie o godz. 17.40. Zach\u0119camy do wsp\u00f3lnej modlitwy. 2. We wtorek po Mszy wieczornej spotkanie z rozwa\u017caniem S\u0142owa Bo\u017cego. 3. W czwartek po Mszy \u015bw. wieczornej adoracja Naj\u015bwi\u0119tszego Sakramentu. B\u0119dziemy si\u0119 szczeg\u00f3lnie modli\u0107 za chorych fizycznie, moralnie i duchowo. 4. W pi\u0105tek o [&hellip;]<\/p>\n","protected":false},"author":2,"featured_media":320,"comment_status":"open","ping_status":"open","sticky":false,"template":"","format":"standard","meta":{"footnotes":""},"categories":[2],"tags":[],"class_list":["post-477","post","type-post","status-publish","format-standard","has-post-thumbnail","hentry","category-aktualnosci"],"_links":{"self":[{"href":"https:\/\/wspomozycielka-lodz.pl\/index.php?rest_route=\/wp\/v2\/posts\/477","targetHints":{"allow":["GET"]}}],"collection":[{"href":"https:\/\/wspomozycielka-lodz.pl\/index.php?rest_route=\/wp\/v2\/posts"}],"about":[{"href":"https:\/\/wspomozycielka-lodz.pl\/index.php?rest_route=\/wp\/v2\/types\/post"}],"author":[{"embeddable":true,"href":"https:\/\/wspomozycielka-lodz.pl\/index.php?rest_route=\/wp\/v2\/users\/2"}],"replies":[{"embeddable":true,"href":"https:\/\/wspomozycielka-lodz.pl\/index.php?rest_route=%2Fwp%2Fv2%2Fcomments&post=477"}],"version-history":[{"count":2,"href":"https:\/\/wspomozycielka-lodz.pl\/index.php?rest_route=\/wp\/v2\/posts\/477\/revisions"}],"predecessor-version":[{"id":479,"href":"https:\/\/wspomozycielka-lodz.pl\/index.php?rest_route=\/wp\/v2\/posts\/477\/revisions\/479"}],"wp:featuredmedia":[{"embeddable":true,"href":"https:\/\/wspomozycielka-lodz.pl\/index.php?rest_route=\/wp\/v2\/media\/320"}],"wp:attachment":[{"href":"https:\/\/wspomozycielka-lodz.pl\/index.php?rest_route=%2Fwp%2Fv2%2Fmedia&parent=477"}],"wp:term":[{"taxonomy":"category","embeddable":true,"href":"https:\/\/wspomozycielka-lodz.pl\/index.php?rest_route=%2Fwp%2Fv2%2Fcategories&post=477"},{"taxonomy":"post_tag","embeddable":true,"href":"https:\/\/wspomozycielka-lodz.pl\/index.php?rest_route=%2Fwp%2Fv2%2Ftags&post=477"}],"curies":[{"name":"wp","href":"https:\/\/api.w.org\/{rel}","templated":true}]}}