{"id":475,"date":"2021-09-19T22:01:31","date_gmt":"2021-09-19T20:01:31","guid":{"rendered":"https:\/\/wspomozycielka-lodz.pl\/?p=475"},"modified":"2021-09-19T22:01:32","modified_gmt":"2021-09-19T20:01:32","slug":"intencje-mszalne-19-25-09-2021","status":"publish","type":"post","link":"https:\/\/wspomozycielka-lodz.pl\/?p=475","title":{"rendered":"INTENCJE MSZALNE (19-25.09.2021)"},"content":{"rendered":"\n<p><strong>Niedziela<\/strong><\/p>\n\n\n\n<p>8.30&nbsp;&nbsp;&nbsp; W intencji przeb\u0142agalnej za grzechy Joanny, jej rodziny, krewnych i wszystkich przodk\u00f3w (17)<\/p>\n\n\n\n<p>10.00&nbsp; + Jan Staniaszek, gr. 19<\/p>\n\n\n\n<p>10.00&nbsp; + Jolanta \u0141uczak; Helena i Wies\u0142aw Witek; Janina i Janusz Arnold<\/p>\n\n\n\n<p>10.00&nbsp; + Stefania (f) i Antoni Jakubowscy oraz zmarli z rodziny<\/p>\n\n\n\n<p>11.30&nbsp; Za parafian<\/p>\n\n\n\n<p>11.30&nbsp; + Tadeusz Kami\u0144ski, gr. 14<\/p>\n\n\n\n<p>11.30&nbsp; O Bo\u017ce b\u0142ogos\u0142awie\u0144stwo i potrzebne \u0142aski dla Mateusza i jego rodziny<\/p>\n\n\n\n<p>18.00&nbsp; + Ryszard Mazurkiewicz, gr. 19<\/p>\n\n\n\n<p><strong>Poniedzia\u0142ek<\/strong><\/p>\n\n\n\n<p>7.30&nbsp;&nbsp;&nbsp; + Ryszard Mazurkiewicz, gr. 20<\/p>\n\n\n\n<p>7.30&nbsp;&nbsp;&nbsp; + Tadeusz Kami\u0144ski, gr. 15<\/p>\n\n\n\n<p>18.00&nbsp; W intencji przeb\u0142agalnej za grzechy Joanny, jej rodziny, krewnych i wszystkich przodk\u00f3w (18)<\/p>\n\n\n\n<p>18.00&nbsp; + Jan Staniaszek, gr. 20<\/p>\n\n\n\n<p>18.00&nbsp; + Stefania Nowak w 6 rocznic\u0119 przej\u015bciu do wieczno\u015bci<\/p>\n\n\n\n<p><strong>Wtorek<\/strong><\/p>\n\n\n\n<p>7.30&nbsp;&nbsp;&nbsp; + Ryszard Mazurkiewicz, gr. 21<\/p>\n\n\n\n<p>7.70&nbsp;&nbsp;&nbsp; + Tadeusz Kami\u0144ski, gr. 16<\/p>\n\n\n\n<p>7.30&nbsp;&nbsp;&nbsp; O przemian\u0119 \u017cycia i potrzebne \u0142aski dla cz\u0142onk\u00f3w z rodziny Sowi\u0144skich i Krzemi\u0144skich<\/p>\n\n\n\n<p>18.00&nbsp; W intencji przeb\u0142agalnej za grzechy Joanny, jej rodziny, krewnych i wszystkich przodk\u00f3w (19)<\/p>\n\n\n\n<p>18.00&nbsp; + Jan Staniaszek, gr. 21<\/p>\n\n\n\n<p>18.00&nbsp; O Bo\u017ce b\u0142ogos\u0142awie\u0144stwo w nowym roku szkolnym dla Julii i Heleny<\/p>\n\n\n\n<p><strong>\u015aroda<\/strong><\/p>\n\n\n\n<p>7.30&nbsp;&nbsp;&nbsp; + Ryszard Mazurkiewicz, gr. 22<\/p>\n\n\n\n<p>7.30&nbsp;&nbsp;&nbsp; + Tadeusz Kami\u0144ski, gr. 17<\/p>\n\n\n\n<p>18.00&nbsp; W intencji przeb\u0142agalnej za grzechy Joanny, jej rodziny, krewnych i wszystkich przodk\u00f3w (20)<\/p>\n\n\n\n<p>18.00&nbsp; + Jan Staniaszek, gr. 22<\/p>\n\n\n\n<p><strong>Czwartek<\/strong><\/p>\n\n\n\n<p>7.30&nbsp;&nbsp;&nbsp; + Ryszard Mazurkiewicz, gr. 23<\/p>\n\n\n\n<p>7.30&nbsp;&nbsp;&nbsp; + Anna, Antoni, Julian, Stanis\u0142aw Duda<\/p>\n\n\n\n<p>18.00&nbsp; W intencji przeb\u0142agalnej za grzechy Joanny, jej rodziny, krewnych i wszystkich przodk\u00f3w (21)<\/p>\n\n\n\n<p>18.00&nbsp; + Jan Staniaszek, gr. 23<\/p>\n\n\n\n<p>18.00&nbsp; + W\u0142adys\u0142aw<\/p>\n\n\n\n<p><strong>Pi\u0105tek<\/strong><\/p>\n\n\n\n<p>7.30&nbsp;&nbsp;&nbsp; + Ryszard Mazurkiewicz, gr. 24<\/p>\n\n\n\n<p>18.00&nbsp; W intencji cz\u0142onk\u00f3w Sodalicji Maria\u0144skiej: dla \u017cywych o Bo\u017ce b\u0142ogos\u0142awie\u0144stwo i dla zmar\u0142ych o wieczn\u0105 rado\u015b\u0107<\/p>\n\n\n\n<p>18.00&nbsp; Za dusze w czy\u015b\u0107cu cierpi\u0105ce<\/p>\n\n\n\n<p>18.00&nbsp; W intencji Bogu wiadomej<\/p>\n\n\n\n<p>18.00&nbsp; W intencji przeb\u0142agalnej za grzechy Joanny, jej rodziny, krewnych i wszystkich przodk\u00f3w (22)<\/p>\n\n\n\n<p>18.00&nbsp; + Jan Staniaszek, gr. 24<\/p>\n\n\n\n<p><strong>Sobota<\/strong><\/p>\n\n\n\n<p>7.30&nbsp;&nbsp;&nbsp; W intencji przeb\u0142agalnej za grzechy Joanny, jej rodziny, krewnych i wszystkich przodk\u00f3w (23)<\/p>\n\n\n\n<p>7.30&nbsp;&nbsp;&nbsp; + Ryszard Mazurkiewicz, gr. 25<\/p>\n\n\n\n<p>18.00&nbsp; O Bo\u017ce b\u0142ogos\u0142awie\u0144stwo, zdrowie, szcz\u0119\u015bcie, potrzebne \u0142aski dla Henryki, Stanis\u0142awa, Andrzeja Nasi\u0142owskich i babci Jadzi<\/p>\n\n\n\n<p>18.00&nbsp; + Jan Staniaszek, gr. 25<\/p>\n","protected":false},"excerpt":{"rendered":"<p>Niedziela 8.30&nbsp;&nbsp;&nbsp; W intencji przeb\u0142agalnej za grzechy Joanny, jej rodziny, krewnych i wszystkich przodk\u00f3w (17) 10.00&nbsp; + Jan Staniaszek, gr. 19 10.00&nbsp; + Jolanta \u0141uczak; Helena i Wies\u0142aw Witek; Janina i Janusz Arnold 10.00&nbsp; + Stefania (f) i Antoni Jakubowscy oraz zmarli z rodziny 11.30&nbsp; Za parafian 11.30&nbsp; + Tadeusz [&hellip;]<\/p>\n","protected":false},"author":2,"featured_media":321,"comment_status":"open","ping_status":"open","sticky":false,"template":"","format":"standard","meta":{"footnotes":""},"categories":[2],"tags":[],"class_list":["post-475","post","type-post","status-publish","format-standard","has-post-thumbnail","hentry","category-aktualnosci"],"_links":{"self":[{"href":"https:\/\/wspomozycielka-lodz.pl\/index.php?rest_route=\/wp\/v2\/posts\/475","targetHints":{"allow":["GET"]}}],"collection":[{"href":"https:\/\/wspomozycielka-lodz.pl\/index.php?rest_route=\/wp\/v2\/posts"}],"about":[{"href":"https:\/\/wspomozycielka-lodz.pl\/index.php?rest_route=\/wp\/v2\/types\/post"}],"author":[{"embeddable":true,"href":"https:\/\/wspomozycielka-lodz.pl\/index.php?rest_route=\/wp\/v2\/users\/2"}],"replies":[{"embeddable":true,"href":"https:\/\/wspomozycielka-lodz.pl\/index.php?rest_route=%2Fwp%2Fv2%2Fcomments&post=475"}],"version-history":[{"count":1,"href":"https:\/\/wspomozycielka-lodz.pl\/index.php?rest_route=\/wp\/v2\/posts\/475\/revisions"}],"predecessor-version":[{"id":476,"href":"https:\/\/wspomozycielka-lodz.pl\/index.php?rest_route=\/wp\/v2\/posts\/475\/revisions\/476"}],"wp:featuredmedia":[{"embeddable":true,"href":"https:\/\/wspomozycielka-lodz.pl\/index.php?rest_route=\/wp\/v2\/media\/321"}],"wp:attachment":[{"href":"https:\/\/wspomozycielka-lodz.pl\/index.php?rest_route=%2Fwp%2Fv2%2Fmedia&parent=475"}],"wp:term":[{"taxonomy":"category","embeddable":true,"href":"https:\/\/wspomozycielka-lodz.pl\/index.php?rest_route=%2Fwp%2Fv2%2Fcategories&post=475"},{"taxonomy":"post_tag","embeddable":true,"href":"https:\/\/wspomozycielka-lodz.pl\/index.php?rest_route=%2Fwp%2Fv2%2Ftags&post=475"}],"curies":[{"name":"wp","href":"https:\/\/api.w.org\/{rel}","templated":true}]}}