{"id":473,"date":"2021-09-15T15:40:01","date_gmt":"2021-09-15T13:40:01","guid":{"rendered":"https:\/\/wspomozycielka-lodz.pl\/?p=473"},"modified":"2021-09-15T15:40:01","modified_gmt":"2021-09-15T13:40:01","slug":"ogloszenia-duszpasterskie-12-09-2021","status":"publish","type":"post","link":"https:\/\/wspomozycielka-lodz.pl\/?p=473","title":{"rendered":"OG\u0141OSZENIA DUSZPASTERSKIE (12.09.2021)"},"content":{"rendered":"\n<p>1. Serdecznie podzi\u0119kowanie dla ks. Roberta Bednarskiego za g\u0142oszone dzi\u015b s\u0142owo, kt\u00f3re jest pomoc\u0105 w duchowym prze\u017cyciu dzisiejszej uroczysto\u015bci beatyfikacyjnej kard. Stefana Wyszy\u0144skiego i matki El\u017cbiety Czackiej. Niech nowi B\u0142ogos\u0142awieni b\u0119d\u0105 dla nas or\u0119downikami w niebie oraz wzorem wierno\u015bci i mi\u0142o\u015bci do Boga, Ojczyzny i drugiego cz\u0142owieka.<\/p>\n\n\n\n<p>2. We wtorek, 14 wrze\u015bnia, obchodzimy \u015bwi\u0119to Podwy\u017cszenia Krzy\u017ca \u015awi\u0119tego. Po Mszy wieczornej spotkanie z rozwa\u017caniem S\u0142owa Bo\u017cego.<\/p>\n\n\n\n<p>3. W \u015brod\u0119, 15 wrze\u015bnia, w dniu wspomnienia Matki Bo\u017cej Bolesnej, rozpoczniemy nowenn\u0119 do Maryi Wspomo\u017cycielki. Zach\u0119camy do przedstawiania Matce Bo\u017cej intencji modlitewnych. Nowe intencje na ten rok mo\u017cna wrzuca\u0107 do du\u017cej skarbony lub przynie\u015b\u0107 do zakrystii czy kancelarii. Warto zawierza\u0107 Bogu swoje pro\u015bby przez wstawiennictwo naszej niebieskiej Matki.<\/p>\n\n\n\n<p>4. W czwartek, po Mszy \u015bw. wieczornej, adoracja Naj\u015bwi\u0119tszego Sakramentu. B\u0119dziemy na niej szczeg\u00f3lnie Bogu oddawa\u0107 nasz\u0105 Ojczyzn\u0119.<\/p>\n\n\n\n<p>5. W sobot\u0119 obchodzi\u0107 b\u0119dziemy uroczysto\u015b\u0107 \u015bw. Stanis\u0142awa Kostki, patrona polskiej m\u0142odzie\u017cy oraz naszej warszawskiej inspektorii salezjan\u00f3w.<\/p>\n\n\n\n<p>6. Przypominamy i zach\u0119camy do udzia\u0142u w rekolekcjach ewangelizacyjnych, jakie b\u0119d\u0105 mia\u0142y miejsce w dniach od 19 do 22 wrze\u015bnia w stacyjnym ko\u015bciele jubileuszowym Matki Bo\u017cej Jasnog\u00f3rskiej. Szczeg\u00f3\u0142owy program rekolekcji znajduje si\u0119 w gablocie.<\/p>\n\n\n\n<p>7. Spotkania z rodzicami i dzie\u0107mi przygotowuj\u0105cymi si\u0119 do I Komunii \u015aw. w 2022 roku b\u0119d\u0105 w czwart\u0105 niedziel\u0119 miesi\u0105ca. Na pierwsze spotkanie zapraszamy w niedziel\u0119 26 wrze\u015bnia na godz. 11.30.<\/p>\n\n\n\n<p>8. Z naszej wsp\u00f3lnoty parafialnej do wieczno\u015bci odesz\u0142a Maria Machci\u0144ska, lat 81. <em>Wieczny odpoczynek racz jej da\u0107, Panie<\/em>&#8230;<\/p>\n","protected":false},"excerpt":{"rendered":"<p>1. Serdecznie podzi\u0119kowanie dla ks. Roberta Bednarskiego za g\u0142oszone dzi\u015b s\u0142owo, kt\u00f3re jest pomoc\u0105 w duchowym prze\u017cyciu dzisiejszej uroczysto\u015bci beatyfikacyjnej kard. Stefana Wyszy\u0144skiego i matki El\u017cbiety Czackiej. Niech nowi B\u0142ogos\u0142awieni b\u0119d\u0105 dla nas or\u0119downikami w niebie oraz wzorem wierno\u015bci i mi\u0142o\u015bci do Boga, Ojczyzny i drugiego cz\u0142owieka. 2. We wtorek, [&hellip;]<\/p>\n","protected":false},"author":2,"featured_media":320,"comment_status":"open","ping_status":"open","sticky":false,"template":"","format":"standard","meta":{"footnotes":""},"categories":[2],"tags":[],"class_list":["post-473","post","type-post","status-publish","format-standard","has-post-thumbnail","hentry","category-aktualnosci"],"_links":{"self":[{"href":"https:\/\/wspomozycielka-lodz.pl\/index.php?rest_route=\/wp\/v2\/posts\/473","targetHints":{"allow":["GET"]}}],"collection":[{"href":"https:\/\/wspomozycielka-lodz.pl\/index.php?rest_route=\/wp\/v2\/posts"}],"about":[{"href":"https:\/\/wspomozycielka-lodz.pl\/index.php?rest_route=\/wp\/v2\/types\/post"}],"author":[{"embeddable":true,"href":"https:\/\/wspomozycielka-lodz.pl\/index.php?rest_route=\/wp\/v2\/users\/2"}],"replies":[{"embeddable":true,"href":"https:\/\/wspomozycielka-lodz.pl\/index.php?rest_route=%2Fwp%2Fv2%2Fcomments&post=473"}],"version-history":[{"count":1,"href":"https:\/\/wspomozycielka-lodz.pl\/index.php?rest_route=\/wp\/v2\/posts\/473\/revisions"}],"predecessor-version":[{"id":474,"href":"https:\/\/wspomozycielka-lodz.pl\/index.php?rest_route=\/wp\/v2\/posts\/473\/revisions\/474"}],"wp:featuredmedia":[{"embeddable":true,"href":"https:\/\/wspomozycielka-lodz.pl\/index.php?rest_route=\/wp\/v2\/media\/320"}],"wp:attachment":[{"href":"https:\/\/wspomozycielka-lodz.pl\/index.php?rest_route=%2Fwp%2Fv2%2Fmedia&parent=473"}],"wp:term":[{"taxonomy":"category","embeddable":true,"href":"https:\/\/wspomozycielka-lodz.pl\/index.php?rest_route=%2Fwp%2Fv2%2Fcategories&post=473"},{"taxonomy":"post_tag","embeddable":true,"href":"https:\/\/wspomozycielka-lodz.pl\/index.php?rest_route=%2Fwp%2Fv2%2Ftags&post=473"}],"curies":[{"name":"wp","href":"https:\/\/api.w.org\/{rel}","templated":true}]}}