{"id":471,"date":"2021-09-05T20:18:05","date_gmt":"2021-09-05T18:18:05","guid":{"rendered":"https:\/\/wspomozycielka-lodz.pl\/?p=471"},"modified":"2021-09-05T20:18:06","modified_gmt":"2021-09-05T18:18:06","slug":"ogloszenia-duszpasterskie-5-09-2021-r","status":"publish","type":"post","link":"https:\/\/wspomozycielka-lodz.pl\/?p=471","title":{"rendered":"OG\u0141OSZENIA DUSZPASTERSKIE (5.09.2021 r.)"},"content":{"rendered":"\n<p>1. Zapraszamy na nowenn\u0119 przed beatyfikacj\u0105 kard. Stefana Wyszy\u0144skiego i matki El\u017cbiety Czackiej codziennie o godz. 17.40.<\/p>\n\n\n\n<p>2. We wtorek, 7 wrze\u015bnia, na Mszy wieczornej b\u0119dziemy si\u0119 modli\u0107 za zmar\u0142ych polecanych w wypominkach, a po Mszy \u015bw. spotkanie grupy biblijnej i rozwa\u017canie S\u0142owa Bo\u017cego. Zach\u0119camy wszystkich do tych spotka\u0144, kt\u00f3re maj\u0105 na celu poznawanie Pisma \u015bwi\u0119tego oraz dzielenie si\u0119 swoj\u0105 wiar\u0105.<\/p>\n\n\n\n<p>3. W \u015brod\u0119, 8 wrze\u015bnia, obchodzimy \u015bwi\u0119to Narodzenia NMP. W tym dniu nasi nowicjusze salezja\u0144scy b\u0119d\u0105 sk\u0142ada\u0107 swoje pierwsze \u015bluby zakonne w Kopcu ko\u0142o Cz\u0119stochowy. W\u015br\u00f3d nich jest Mateusz, kt\u00f3ry jest absolwentem naszej szko\u0142y na Wodnej. Pami\u0119tajmy o nich w naszych modlitwach.<\/p>\n\n\n\n<p>4. W \u015brod\u0119 wyj\u0105tkowo kancelaria parafialna b\u0119dzie nieczynna.<\/p>\n\n\n\n<p>5. Dzisiejsza niedziela, 5 wrze\u015bnia, zosta\u0142a og\u0142oszona w Polsce Dniem Solidarno\u015bci z Afga\u0144czykami. Z tej racji po Mszy \u015bw. b\u0119d\u0105 zbierane ofiary do puszki na pomoc cierpi\u0105cego ludu Afganistanu.<\/p>\n\n\n\n<p>6. W przysz\u0142\u0105 niedziel\u0119 po Mszy \u015bw. o 11.30 b\u0119dzie spotkanie Salezjan\u00f3w Wsp\u00f3\u0142pracownik\u00f3w.<\/p>\n\n\n\n<p>7. Przypominamy, \u017ce nieustannie dzie\u0144 i noc do \u015brody 8 wrze\u015bnia trwa Jerycho modlitewne w parafii Matki Bo\u017cej Fatimskiej.<\/p>\n\n\n\n<p>8. Zach\u0119camy do udzia\u0142u w rekolekcjach ewangelizacyjnych, jakie b\u0119d\u0105 mia\u0142y miejsce w dniach od 19 do 22 wrze\u015bnia w stacyjnym ko\u015bciele jubileuszowym Matki Bo\u017cej Jasnog\u00f3rskiej. Szczeg\u00f3\u0142owy program rekolekcji znajduje si\u0119 w gablocie.<\/p>\n\n\n\n<p>9. Spotkania z rodzicami i dzie\u0107mi przygotowuj\u0105cymi si\u0119 do I Komunii \u015aw. w 2022 roku b\u0119d\u0105 w czwart\u0105 niedziel\u0119 miesi\u0105ca. Na pierwsze spotkanie zapraszamy w niedziel\u0119 26 wrze\u015bnia na godz. 11.30.<\/p>\n\n\n\n<p>10. Og\u0142oszenie ks. Piotra, kierownika oratorium:<\/p>\n\n\n\n<p>&#8211; Nasze oratorium sk\u0142ada serdeczne podzi\u0119kowanie wszystkim ofiarodawcom z parafii, kt\u00f3rzy w czerwcu wsparli swoimi ofiarami wakacyjny wypoczynek dzieci i m\u0142odzie\u017cy: p\u00f3\u0142kolonie dla 60 os\u00f3b; kolonie na Mazurach dla 45 os\u00f3b i ob\u00f3z profilaktyczny w Domaniewicach dla 40 os\u00f3b. Wyrazy wdzi\u0119czno\u015bci kierujemy tak\u017ce do os\u00f3b prywatnych, kt\u00f3re przekaza\u0142y sw\u00f3j dar serca na dzia\u0142alno\u015b\u0107 oratoryjn\u0105. Za dofinansowanie wypoczynku dzi\u0119kujemy r\u00f3wnie\u017c w\u0142adzom lokalnym: Urz\u0119dowi Miasta oraz Kuratorium O\u015bwiaty w \u0141odzi.<\/p>\n\n\n\n<p>&#8211; Zach\u0119camy osoby m\u0142ode &#8211; graj\u0105ce na instrumentach i \u015bpiewaj\u0105ce &#8211; do w\u0142\u0105czenia si\u0119 w animacj\u0119 muzyczn\u0105 czwartkowych wieczornych mszy. Najbli\u017csza pr\u00f3ba w czwartek o godz. 17.15 na ch\u00f3rze. Bli\u017csze informacje u ks. Piotra Szlufika. &#8211; Zapraszamy na msze \u015bw. dla dzieci i rodzic\u00f3w w niedziele o 11.30. Ka\u017cdego tygodnia odb\u0119dzie si\u0119 losowanie nagr\u00f3d w naszym konkursie dla najm\u0142odszych. Natomiast m\u0142odzie\u017c zach\u0119camy do modlitwy na mszy \u015bw. w niedziele o 10.00, a po niej b\u0119dzie mo\u017cliwo\u015b\u0107 skorzystania z boiska lub kawiarenki oratoryjnej.<\/p>\n","protected":false},"excerpt":{"rendered":"<p>1. Zapraszamy na nowenn\u0119 przed beatyfikacj\u0105 kard. Stefana Wyszy\u0144skiego i matki El\u017cbiety Czackiej codziennie o godz. 17.40. 2. We wtorek, 7 wrze\u015bnia, na Mszy wieczornej b\u0119dziemy si\u0119 modli\u0107 za zmar\u0142ych polecanych w wypominkach, a po Mszy \u015bw. spotkanie grupy biblijnej i rozwa\u017canie S\u0142owa Bo\u017cego. Zach\u0119camy wszystkich do tych spotka\u0144, kt\u00f3re [&hellip;]<\/p>\n","protected":false},"author":2,"featured_media":320,"comment_status":"open","ping_status":"open","sticky":false,"template":"","format":"standard","meta":{"footnotes":""},"categories":[2],"tags":[],"class_list":["post-471","post","type-post","status-publish","format-standard","has-post-thumbnail","hentry","category-aktualnosci"],"_links":{"self":[{"href":"https:\/\/wspomozycielka-lodz.pl\/index.php?rest_route=\/wp\/v2\/posts\/471","targetHints":{"allow":["GET"]}}],"collection":[{"href":"https:\/\/wspomozycielka-lodz.pl\/index.php?rest_route=\/wp\/v2\/posts"}],"about":[{"href":"https:\/\/wspomozycielka-lodz.pl\/index.php?rest_route=\/wp\/v2\/types\/post"}],"author":[{"embeddable":true,"href":"https:\/\/wspomozycielka-lodz.pl\/index.php?rest_route=\/wp\/v2\/users\/2"}],"replies":[{"embeddable":true,"href":"https:\/\/wspomozycielka-lodz.pl\/index.php?rest_route=%2Fwp%2Fv2%2Fcomments&post=471"}],"version-history":[{"count":1,"href":"https:\/\/wspomozycielka-lodz.pl\/index.php?rest_route=\/wp\/v2\/posts\/471\/revisions"}],"predecessor-version":[{"id":472,"href":"https:\/\/wspomozycielka-lodz.pl\/index.php?rest_route=\/wp\/v2\/posts\/471\/revisions\/472"}],"wp:featuredmedia":[{"embeddable":true,"href":"https:\/\/wspomozycielka-lodz.pl\/index.php?rest_route=\/wp\/v2\/media\/320"}],"wp:attachment":[{"href":"https:\/\/wspomozycielka-lodz.pl\/index.php?rest_route=%2Fwp%2Fv2%2Fmedia&parent=471"}],"wp:term":[{"taxonomy":"category","embeddable":true,"href":"https:\/\/wspomozycielka-lodz.pl\/index.php?rest_route=%2Fwp%2Fv2%2Fcategories&post=471"},{"taxonomy":"post_tag","embeddable":true,"href":"https:\/\/wspomozycielka-lodz.pl\/index.php?rest_route=%2Fwp%2Fv2%2Ftags&post=471"}],"curies":[{"name":"wp","href":"https:\/\/api.w.org\/{rel}","templated":true}]}}