{"id":468,"date":"2021-09-05T20:16:41","date_gmt":"2021-09-05T18:16:41","guid":{"rendered":"https:\/\/wspomozycielka-lodz.pl\/?p=468"},"modified":"2021-09-05T20:16:56","modified_gmt":"2021-09-05T18:16:56","slug":"intencje-mszalne-5-11-09-2021-r","status":"publish","type":"post","link":"https:\/\/wspomozycielka-lodz.pl\/?p=468","title":{"rendered":"INTENCJE MSZALNE (5-11.09.2021)"},"content":{"rendered":"\n<p><\/p>\n\n\n\n<p><strong>Niedziela<\/strong><\/p>\n\n\n\n<p>8.30&nbsp;&nbsp;&nbsp; W intencji przeb\u0142agalnej za grzechy Joanny, jej rodziny, krewnych i wszystkich przodk\u00f3w (3)<\/p>\n\n\n\n<p>8.30&nbsp;&nbsp;&nbsp; Dzi\u0119kczynno-b\u0142agalna w intencji Micha\u0142a przez wstawiennictwo Matki Bo\u017cej i \u015bw. J\u00f3zefa z pro\u015bb\u0105 o Bo\u017ce b\u0142ogos\u0142awie\u0144stwo i wype\u0142nienie woli Bo\u017cej w \u017cyciu jego i rodziny (1)<\/p>\n\n\n\n<p>10.00&nbsp; W intencji Wies\u0142awy (f) i Stefana Polus z okazji 66 rocznicy \u015blubu oraz imienin<\/p>\n\n\n\n<p>10.00&nbsp; + Jan Staniaszek, gr. 5<\/p>\n\n\n\n<p>10.00&nbsp; + Leokadia i J\u00f3zef Witek oraz zmarli z rodziny Witk\u00f3w, B\u0142aszczyk\u00f3w i Kanior\u00f3w<\/p>\n\n\n\n<p>10.00&nbsp; + Stefania (f) i Stefan Drozdowscy; Stefania (f) i J\u00f3zef Grzesiak<\/p>\n\n\n\n<p>11.30&nbsp; W intencji wszystkich, kt\u00f3rzy pomagali zmar\u0142ej Marioli Marek<\/p>\n\n\n\n<p>11.30&nbsp; + Janina i Stanis\u0142aw Markowie; Alina i Czes\u0142aw Kubiccy<\/p>\n\n\n\n<p>11.30&nbsp; + Stefania (f) i Maks Pufal<\/p>\n\n\n\n<p>18.00&nbsp; + Ryszard Mazurkiewicz, gr. 5<\/p>\n\n\n\n<p>18.00&nbsp; + W\u0142adys\u0142awa (f), Feliks i Bogdan Madej; Halina Wojtas; Henryka (f) Karczemska<\/p>\n\n\n\n<p><strong>Poniedzia\u0142ek<\/strong><\/p>\n\n\n\n<p>7.30&nbsp;&nbsp;&nbsp; + Ryszard Mazurkiewicz, gr. 6<\/p>\n\n\n\n<p>7.30&nbsp;&nbsp;&nbsp; + Jan Staniaszek, gr. 6<\/p>\n\n\n\n<p>7.30&nbsp;&nbsp;&nbsp; + Tadeusz Kami\u0144ski, gr. 1<\/p>\n\n\n\n<p>7.30&nbsp;&nbsp;&nbsp; Dzi\u0119kczynno-b\u0142agalna w intencji Micha\u0142a przez wstawiennictwo Matki Bo\u017cej i \u015bw. J\u00f3zefa z pro\u015bb\u0105 o Bo\u017ce b\u0142ogos\u0142awie\u0144stwo i wype\u0142nienie woli Bo\u017cej w \u017cyciu jego i rodziny (2)<\/p>\n\n\n\n<p>18.00&nbsp; W intencji przeb\u0142agalnej za grzechy Joanny, jej rodziny, krewnych i wszystkich przodk\u00f3w (4)<\/p>\n\n\n\n<p>18.00&nbsp; Dzi\u0119kczynno-b\u0142agalna o zdrowie i potrzebne \u0142aski dla Ireny<\/p>\n\n\n\n<p><strong>Wtorek<\/strong><\/p>\n\n\n\n<p>7.30&nbsp;&nbsp;&nbsp; + Ryszard Mazurkiewicz, gr. 7<\/p>\n\n\n\n<p>7.30&nbsp;&nbsp;&nbsp; + Jan Staniaszek, gr. 7<\/p>\n\n\n\n<p>7.30&nbsp;&nbsp;&nbsp; + Tadeusz Kami\u0144ski, gr. 2<\/p>\n\n\n\n<p>7.30&nbsp;&nbsp;&nbsp; Dzi\u0119kczynno-b\u0142agalna w intencji Micha\u0142a przez wstawiennictwo Matki Bo\u017cej i \u015bw. J\u00f3zefa z pro\u015bb\u0105 o Bo\u017ce b\u0142ogos\u0142awie\u0144stwo i wype\u0142nienie woli Bo\u017cej w \u017cyciu jego i rodziny (3)<\/p>\n\n\n\n<p>18.00&nbsp; W intencji przeb\u0142agalnej za grzechy Joanny, jej rodziny, krewnych i wszystkich przodk\u00f3w (5)<\/p>\n\n\n\n<p>18.00&nbsp; Za zmar\u0142ych polecanych w wypominkach<\/p>\n\n\n\n<p>18.00&nbsp; Za zmar\u0142ych rodzic\u00f3w i rodze\u0144stwo oraz zmar\u0142ych z obydwu stron<\/p>\n\n\n\n<p>18.00&nbsp; + Marcin Podg\u00f3rski (1 rocz. \u015bm.)<\/p>\n\n\n\n<p><strong>\u015aroda<\/strong><\/p>\n\n\n\n<p>7.30&nbsp;&nbsp;&nbsp; + Ryszard Mazurkiewicz, gr. 8<\/p>\n\n\n\n<p>7.30&nbsp;&nbsp;&nbsp; + Jan Staniaszek, gr. 8<\/p>\n\n\n\n<p>7.30&nbsp;&nbsp;&nbsp; + Tadeusz Kami\u0144ski, gr. 3<\/p>\n\n\n\n<p>7.30&nbsp;&nbsp;&nbsp; Dzi\u0119kczynno-b\u0142agalna w intencji Micha\u0142a przez wstawiennictwo Matki Bo\u017cej i \u015bw. J\u00f3zefa z pro\u015bb\u0105 o Bo\u017ce b\u0142ogos\u0142awie\u0144stwo i wype\u0142nienie woli Bo\u017cej w \u017cyciu jego i rodziny (4)<\/p>\n\n\n\n<p>18.00&nbsp; W intencji przeb\u0142agalnej za grzechy Joanny, jej rodziny, krewnych i wszystkich przodk\u00f3w (6)<\/p>\n\n\n\n<p>18.00&nbsp; Za zmar\u0142ych dziadk\u00f3w: Mari\u0119, W\u0142adys\u0142awa, Ameli\u0119 i J\u00f3zefa<\/p>\n\n\n\n<p>18.00&nbsp; O Bo\u017ce b\u0142ogos\u0142awie\u0144stwo w pracy dla Mariusza i Darii oraz Maksymiliana i Karoliny, opiek\u0119 Matki Bo\u017cej i wstawiennictwo anio\u0142\u00f3w<\/p>\n\n\n\n<p><strong>Czwartek<\/strong><\/p>\n\n\n\n<p>7.30&nbsp;&nbsp;&nbsp; + Ryszard Mazurkiewicz, gr. 9<\/p>\n\n\n\n<p>7.30&nbsp;&nbsp;&nbsp; + Jan Staniaszek, gr. 9<\/p>\n\n\n\n<p>7.30&nbsp;&nbsp;&nbsp; + Tadeusz Kami\u0144ski, gr. 4<\/p>\n\n\n\n<p>7.30&nbsp;&nbsp;&nbsp; Dzi\u0119kczynno-b\u0142agalna w intencji Micha\u0142a przez wstawiennictwo Matki Bo\u017cej i \u015bw. J\u00f3zefa z pro\u015bb\u0105 o Bo\u017ce b\u0142ogos\u0142awie\u0144stwo i wype\u0142nienie woli Bo\u017cej w \u017cyciu jego i rodziny (5)<\/p>\n\n\n\n<p>18.00&nbsp; W intencji przeb\u0142agalnej za grzechy Joanny, jej rodziny, krewnych i wszystkich przodk\u00f3w (7)<\/p>\n\n\n\n<p>18.00&nbsp; + Barbara Grec (1 rocz. \u015bm.)<\/p>\n\n\n\n<p>18.00&nbsp; + Wies\u0142awa (f) Opasi\u0144ska<\/p>\n\n\n\n<p><strong>Pi\u0105tek<\/strong><\/p>\n\n\n\n<p>7.30&nbsp;&nbsp;&nbsp; + Ryszard Mazurkiewicz, gr. 10<\/p>\n\n\n\n<p>7.30&nbsp;&nbsp;&nbsp; + Jan Staniaszek, gr. 10<\/p>\n\n\n\n<p>7.30&nbsp;&nbsp;&nbsp; + Tadeusz Kami\u0144ski, gr. 5<\/p>\n\n\n\n<p>7.30&nbsp;&nbsp;&nbsp; Dzi\u0119kczynno-b\u0142agalna w intencji Micha\u0142a przez wstawiennictwo Matki Bo\u017cej i \u015bw. J\u00f3zefa z pro\u015bb\u0105 o Bo\u017ce b\u0142ogos\u0142awie\u0144stwo i wype\u0142nienie woli Bo\u017cej w \u017cyciu jego i rodziny (6)<\/p>\n\n\n\n<p>18.00&nbsp; W intencji przeb\u0142agalnej za grzechy Joanny, jej rodziny, krewnych i wszystkich przodk\u00f3w (8)<\/p>\n\n\n\n<p>18.00&nbsp; W intencji Ireny<\/p>\n\n\n\n<p><strong>Sobota<\/strong><\/p>\n\n\n\n<p>7.30&nbsp;&nbsp;&nbsp; W intencji przeb\u0142agalnej za grzechy Joanny, jej rodziny, krewnych i wszystkich przodk\u00f3w (9)<\/p>\n\n\n\n<p>7.30&nbsp;&nbsp;&nbsp; + Jan Staniaszek, gr. 11<\/p>\n\n\n\n<p>7.30&nbsp;&nbsp;&nbsp; + Tadeusz Kami\u0144ski, gr. 6<\/p>\n\n\n\n<p>7.30&nbsp;&nbsp;&nbsp; Dzi\u0119kczynno-b\u0142agalna w intencji Micha\u0142a przez wstawiennictwo Matki Bo\u017cej i \u015bw. J\u00f3zefa z pro\u015bb\u0105 o Bo\u017ce b\u0142ogos\u0142awie\u0144stwo i wype\u0142nienie woli Bo\u017cej w \u017cyciu jego i rodziny (7)<\/p>\n\n\n\n<p>7.30&nbsp;&nbsp;&nbsp; O \u015bwi\u0119te rodziny w naszej parafii i ojczy\u017anie przez wstawiennictwo Matki Bo\u017cej<\/p>\n\n\n\n<p>18.00&nbsp; + Ryszard Mazurkiewicz, gr. 11 18.00&nbsp; + Janina Traczykowska (25 rocz. \u015bm.), Henryk Traczykowski<\/p>\n\n\n\n<p><\/p>\n","protected":false},"excerpt":{"rendered":"<p>Niedziela 8.30&nbsp;&nbsp;&nbsp; W intencji przeb\u0142agalnej za grzechy Joanny, jej rodziny, krewnych i wszystkich przodk\u00f3w (3) 8.30&nbsp;&nbsp;&nbsp; Dzi\u0119kczynno-b\u0142agalna w intencji Micha\u0142a przez wstawiennictwo Matki Bo\u017cej i \u015bw. J\u00f3zefa z pro\u015bb\u0105 o Bo\u017ce b\u0142ogos\u0142awie\u0144stwo i wype\u0142nienie woli Bo\u017cej w \u017cyciu jego i rodziny (1) 10.00&nbsp; W intencji Wies\u0142awy (f) i Stefana Polus [&hellip;]<\/p>\n","protected":false},"author":2,"featured_media":321,"comment_status":"open","ping_status":"open","sticky":false,"template":"","format":"standard","meta":{"footnotes":""},"categories":[2],"tags":[],"class_list":["post-468","post","type-post","status-publish","format-standard","has-post-thumbnail","hentry","category-aktualnosci"],"_links":{"self":[{"href":"https:\/\/wspomozycielka-lodz.pl\/index.php?rest_route=\/wp\/v2\/posts\/468","targetHints":{"allow":["GET"]}}],"collection":[{"href":"https:\/\/wspomozycielka-lodz.pl\/index.php?rest_route=\/wp\/v2\/posts"}],"about":[{"href":"https:\/\/wspomozycielka-lodz.pl\/index.php?rest_route=\/wp\/v2\/types\/post"}],"author":[{"embeddable":true,"href":"https:\/\/wspomozycielka-lodz.pl\/index.php?rest_route=\/wp\/v2\/users\/2"}],"replies":[{"embeddable":true,"href":"https:\/\/wspomozycielka-lodz.pl\/index.php?rest_route=%2Fwp%2Fv2%2Fcomments&post=468"}],"version-history":[{"count":2,"href":"https:\/\/wspomozycielka-lodz.pl\/index.php?rest_route=\/wp\/v2\/posts\/468\/revisions"}],"predecessor-version":[{"id":470,"href":"https:\/\/wspomozycielka-lodz.pl\/index.php?rest_route=\/wp\/v2\/posts\/468\/revisions\/470"}],"wp:featuredmedia":[{"embeddable":true,"href":"https:\/\/wspomozycielka-lodz.pl\/index.php?rest_route=\/wp\/v2\/media\/321"}],"wp:attachment":[{"href":"https:\/\/wspomozycielka-lodz.pl\/index.php?rest_route=%2Fwp%2Fv2%2Fmedia&parent=468"}],"wp:term":[{"taxonomy":"category","embeddable":true,"href":"https:\/\/wspomozycielka-lodz.pl\/index.php?rest_route=%2Fwp%2Fv2%2Fcategories&post=468"},{"taxonomy":"post_tag","embeddable":true,"href":"https:\/\/wspomozycielka-lodz.pl\/index.php?rest_route=%2Fwp%2Fv2%2Ftags&post=468"}],"curies":[{"name":"wp","href":"https:\/\/api.w.org\/{rel}","templated":true}]}}