{"id":466,"date":"2021-08-28T23:59:19","date_gmt":"2021-08-28T21:59:19","guid":{"rendered":"https:\/\/wspomozycielka-lodz.pl\/?p=466"},"modified":"2021-08-28T23:59:20","modified_gmt":"2021-08-28T21:59:20","slug":"ogloszenia-duszpasterskie-29-08-2021-r","status":"publish","type":"post","link":"https:\/\/wspomozycielka-lodz.pl\/?p=466","title":{"rendered":"OG\u0141OSZENIA DUSZPASTERSKIE (29.08.2021 r.)"},"content":{"rendered":"\n<p>1. Ko\u0144czy si\u0119 ju\u017c czas wakacyjny, dlatego wracamy do regularnych nabo\u017ce\u0144stw i spotka\u0144. W tym tygodniu kancelaria parafialna b\u0119dzie ju\u017c czynna normalnie, czyli od wtorku do pi\u0105tku, w godz. 10-11.30 i 16-17.<\/p>\n\n\n\n<p>2. We wtorek, 31 sierpnia, wspomnienie miesi\u0119czne \u015bw. Jana Bosko.<\/p>\n\n\n\n<p>3. W \u015brod\u0119, 1 wrze\u015bnia, rozpoczynamy nowy rok szkolny i katechetyczny. W tym dniu modli\u0107 si\u0119 b\u0119dziemy za dzieci i m\u0142odzie\u017c z naszej parafii i ca\u0142ego naszego dzie\u0142a salezja\u0144skiego na Wodnej. Jest to r\u00f3wnie\u017c dzie\u0144 modlitw za Ojczyzn\u0119 z racji 82. rocznicy wybuchu II wojny \u015bwiatowej.<\/p>\n\n\n\n<p>4. W \u015brod\u0119, 1 wrze\u015bnia, o godz. 15.00 zostanie w naszym ko\u015bciele odprawiona uroczysta Msza \u015bw. z okazji rozpocz\u0119cia kolejnego roku pracy Salezja\u0144skich Szk\u00f3\u0142 Rzemios\u0142. Zapraszamy na t\u0119 Msz\u0119 \u015bw. nie tylko uczni\u00f3w technikum i ich rodzic\u00f3w, ale r\u00f3wnie\u017c by\u0142ych wychowank\u00f3w, przyjaci\u00f3\u0142 i wszystkich sympatyk\u00f3w tego odrodzonego przed rokiem salezja\u0144skiego dzie\u0142a. B\u0119dzie to te\u017c jeden z pierwszych akcent\u00f3w rozpoczynaj\u0105cego si\u0119 jubileuszu stulecia obecno\u015bci salezjan\u00f3w w \u0141odzi. Po Mszy \u015bw. spotkanie w auli szkolnej.<\/p>\n\n\n\n<p>5. R\u00f3wnie\u017c w t\u0119 pierwsz\u0105 \u015brod\u0119 miesi\u0105ca przed Msz\u0105 wieczorn\u0105 o godz. 17.40 b\u0119dziemy si\u0119 modli\u0107 litani\u0105 do \u015bw. J\u00f3zefa za ma\u0142\u017ce\u0144stwa i rodziny. Natomiast na Mszy wieczornej b\u0119dziemy poleca\u0107 przez wstawiennictwo \u015bw. J\u00f3zefa wszystkich Dobrodziej\u00f3w naszej parafii i ca\u0142ego dzie\u0142a salezja\u0144skiego na Wodnej.<\/p>\n\n\n\n<p>6. W pierwszy czwartek miesi\u0105ca, 2 wrze\u015bnia, na Mszy wieczornej modli\u0107 si\u0119 b\u0119dziemy za kap\u0142an\u00f3w pos\u0142uguj\u0105cych w naszej parafii i o nowe powo\u0142ania. Po Mszy \u015bw. b\u0119dzie adoracja Naj\u015bwi\u0119tszego Sakramentu.<\/p>\n\n\n\n<p>7. W pierwszy pi\u0105tek miesi\u0105ca, 3 wrze\u015bnia, od godz. 15.00 Godzina Mi\u0142osierdzia i adoracja Naj\u015bwi\u0119tszego Sakramentu. Po Mszy wieczornej spotkanie wsp\u00f3lnoty Stra\u017cy Honorowej NSPJ.<\/p>\n\n\n\n<p>8. R\u00f3wnie\u017c w pi\u0105tek, 3 wrze\u015bnia, rozpoczniemy nowenn\u0119 przed beatyfikacj\u0105 kard. Stefana Wyszy\u0144skiego i matki El\u017cbiety Czackiej. Nowenna b\u0119dzie codziennie o 17.40.<\/p>\n\n\n\n<p>9. Je\u015bli kto\u015b z chorych w parafii chcia\u0142by, aby w pierwszy pi\u0105tek miesi\u0105ca przyszed\u0142 ksi\u0105dz z Komuni\u0105 \u015bw., to prosz\u0119 o zg\u0142oszenie.<\/p>\n\n\n\n<p>10. W pierwsz\u0105 sobot\u0119 miesi\u0105ca, 4 wrze\u015bnia, po Mszy porannej nabo\u017ce\u0144stwo maryjne. O godz. 17.00 r\u00f3\u017caniec prowadzony przez wsp\u00f3lnot\u0119 \u017bywego R\u00f3\u017ca\u0144ca.<\/p>\n","protected":false},"excerpt":{"rendered":"<p>1. Ko\u0144czy si\u0119 ju\u017c czas wakacyjny, dlatego wracamy do regularnych nabo\u017ce\u0144stw i spotka\u0144. W tym tygodniu kancelaria parafialna b\u0119dzie ju\u017c czynna normalnie, czyli od wtorku do pi\u0105tku, w godz. 10-11.30 i 16-17. 2. We wtorek, 31 sierpnia, wspomnienie miesi\u0119czne \u015bw. Jana Bosko. 3. W \u015brod\u0119, 1 wrze\u015bnia, rozpoczynamy nowy rok [&hellip;]<\/p>\n","protected":false},"author":2,"featured_media":320,"comment_status":"open","ping_status":"open","sticky":false,"template":"","format":"standard","meta":{"footnotes":""},"categories":[2],"tags":[],"class_list":["post-466","post","type-post","status-publish","format-standard","has-post-thumbnail","hentry","category-aktualnosci"],"_links":{"self":[{"href":"https:\/\/wspomozycielka-lodz.pl\/index.php?rest_route=\/wp\/v2\/posts\/466","targetHints":{"allow":["GET"]}}],"collection":[{"href":"https:\/\/wspomozycielka-lodz.pl\/index.php?rest_route=\/wp\/v2\/posts"}],"about":[{"href":"https:\/\/wspomozycielka-lodz.pl\/index.php?rest_route=\/wp\/v2\/types\/post"}],"author":[{"embeddable":true,"href":"https:\/\/wspomozycielka-lodz.pl\/index.php?rest_route=\/wp\/v2\/users\/2"}],"replies":[{"embeddable":true,"href":"https:\/\/wspomozycielka-lodz.pl\/index.php?rest_route=%2Fwp%2Fv2%2Fcomments&post=466"}],"version-history":[{"count":1,"href":"https:\/\/wspomozycielka-lodz.pl\/index.php?rest_route=\/wp\/v2\/posts\/466\/revisions"}],"predecessor-version":[{"id":467,"href":"https:\/\/wspomozycielka-lodz.pl\/index.php?rest_route=\/wp\/v2\/posts\/466\/revisions\/467"}],"wp:featuredmedia":[{"embeddable":true,"href":"https:\/\/wspomozycielka-lodz.pl\/index.php?rest_route=\/wp\/v2\/media\/320"}],"wp:attachment":[{"href":"https:\/\/wspomozycielka-lodz.pl\/index.php?rest_route=%2Fwp%2Fv2%2Fmedia&parent=466"}],"wp:term":[{"taxonomy":"category","embeddable":true,"href":"https:\/\/wspomozycielka-lodz.pl\/index.php?rest_route=%2Fwp%2Fv2%2Fcategories&post=466"},{"taxonomy":"post_tag","embeddable":true,"href":"https:\/\/wspomozycielka-lodz.pl\/index.php?rest_route=%2Fwp%2Fv2%2Ftags&post=466"}],"curies":[{"name":"wp","href":"https:\/\/api.w.org\/{rel}","templated":true}]}}