{"id":464,"date":"2021-08-28T23:57:44","date_gmt":"2021-08-28T21:57:44","guid":{"rendered":"https:\/\/wspomozycielka-lodz.pl\/?p=464"},"modified":"2021-08-28T23:57:45","modified_gmt":"2021-08-28T21:57:45","slug":"intencje-mszalne-29-08-4-09-2021","status":"publish","type":"post","link":"https:\/\/wspomozycielka-lodz.pl\/?p=464","title":{"rendered":"INTENCJE MSZALNE (29.08-4.09.2021)"},"content":{"rendered":"\n<p><strong>Niedziela<\/strong><\/p>\n\n\n\n<p>8.30&nbsp;&nbsp; W intencji przeb\u0142agalnej za grzechy Joanny, jej rodziny, krewnych i wszystkich przodk\u00f3w (26)<\/p>\n\n\n\n<p>8.30&nbsp;&nbsp; Za dusze w czy\u015b\u0107cu cierpi\u0105ce, a przez ich wstawiennictwo o \u015bwi\u0119te powo\u0142ania kap\u0142a\u0144skie i zakonne (7)<\/p>\n\n\n\n<p>8.30&nbsp;&nbsp; W intencji przeb\u0142agalnej za grzechy na\u0142ogowe w rodzinie (7)<\/p>\n\n\n\n<p>8.30&nbsp;&nbsp; Za dusze w czy\u015b\u0107cu cierpi\u0105ce<\/p>\n\n\n\n<p>10.00&nbsp; O zdrowie i potrzebne \u0142aski dla mamy przez wstawiennictwo Matki Bo\u017cej<\/p>\n\n\n\n<p>10.00&nbsp; + Marcin Podg\u00f3rski, gr. 29<\/p>\n\n\n\n<p>10.00&nbsp; + Maria i Bernard Arnold i zmarli z rodziny Arnold\u00f3w i Weso\u0142owskich<\/p>\n\n\n\n<p>11.30&nbsp; O Bo\u017ce b\u0142ogos\u0142awie\u0144stwo dla Ma\u0142gorzaty i Tomasza w 17 rocznic\u0119 \u015blubu oraz dla ich rodziny<\/p>\n\n\n\n<p>11.30&nbsp; + Bronis\u0142awa (f) Chmielewska; Bronis\u0142aw Tejchman<\/p>\n\n\n\n<p>18.00&nbsp; + Marzena Sieja, gr. 29<\/p>\n\n\n\n<p><strong>Poniedzia\u0142ek<\/strong><\/p>\n\n\n\n<p>7.30&nbsp;&nbsp; Dzi\u0119kczynno-b\u0142agalna w kolejn\u0105 rocznic\u0119 chrztu Janiny<\/p>\n\n\n\n<p>7.30&nbsp;&nbsp; + Marzena Sieja, gr. 30<\/p>\n\n\n\n<p>7.30&nbsp;&nbsp; Za dusze w czy\u015b\u0107cu cierpi\u0105ce, a przez ich wstawiennictwo o \u015bwi\u0119te powo\u0142ania kap\u0142a\u0144skie i zakonne (8)<\/p>\n\n\n\n<p>7.30&nbsp;&nbsp; W intencji przeb\u0142agalnej za grzechy na\u0142ogowe w rodzinie (8)<\/p>\n\n\n\n<p>18.00&nbsp; W intencji przeb\u0142agalnej za grzechy Joanny, jej rodziny, krewnych i wszystkich przodk\u00f3w (27)<\/p>\n\n\n\n<p>18.00&nbsp; + Marcin Podg\u00f3rski, gr. 30<\/p>\n\n\n\n<p>18.00&nbsp; + Aniela Dominowska<\/p>\n\n\n\n<p><strong>Wtorek<\/strong><\/p>\n\n\n\n<p>7.30&nbsp;&nbsp; Za dusze w czy\u015b\u0107cu cierpi\u0105ce, a przez ich wstawiennictwo o \u015bwi\u0119te powo\u0142ania kap\u0142a\u0144skie i zakonne (9)<\/p>\n\n\n\n<p>7.30&nbsp;&nbsp; Za dusze w czy\u015b\u0107cu cierpi\u0105ce<\/p>\n\n\n\n<p>18.00&nbsp; W intencji przeb\u0142agalnej za grzechy Joanny, jej rodziny, krewnych i wszystkich przodk\u00f3w (28)<\/p>\n\n\n\n<p>18.00&nbsp; W intencji przeb\u0142agalnej za grzechy na\u0142ogowe w rodzinie (9)<\/p>\n\n\n\n<p>18.00&nbsp; + Andrzej-Mieczys\u0142aw Maciaszek w 16 rocz. \u015bm., z pro\u015bb\u0105 o Bo\u017ce mi\u0142osierdzie dla jego duszy, oraz za \u015bp. dziadk\u00f3w z rodziny Jab\u0142o\u0144skich, Szczeci\u0144skich, Maciaszk\u00f3w<\/p>\n\n\n\n<p><strong>\u015aroda<\/strong><\/p>\n\n\n\n<p>7.30&nbsp;&nbsp; + Ryszard Mazurkiewicz, gr. 1<\/p>\n\n\n\n<p>18.00&nbsp; W intencji Dobrodziej\u00f3w parafii i dzie\u0142a salezja\u0144skiego na Wodnej<\/p>\n\n\n\n<p>18.00&nbsp; O Bo\u017ce b\u0142ogos\u0142awie\u0144stwo dla Stasia w ca\u0142ym roku szkolnym<\/p>\n\n\n\n<p>18.00&nbsp; W intencji przeb\u0142agalnej za grzechy Joanny, jej rodziny, krewnych i wszystkich przodk\u00f3w (29)<\/p>\n\n\n\n<p>18.00&nbsp; + Jan Staniaszek, gr. 1<\/p>\n\n\n\n<p>18.00&nbsp; + Bronis\u0142awa (f), W\u0142adys\u0142aw Waszkiewicz; Mieczys\u0142aw B\u0105czek; dusze w czy\u015b\u0107cu cierpi\u0105ce<\/p>\n\n\n\n<p><strong>Czwartek<\/strong><\/p>\n\n\n\n<p>7.30&nbsp;&nbsp; + Ryszard Mazurkiewicz, gr. 2<\/p>\n\n\n\n<p>7.30&nbsp;&nbsp; Za dusze w czy\u015b\u0107cu cierpi\u0105ce<\/p>\n\n\n\n<p>18.00&nbsp; W intencji kap\u0142an\u00f3w pos\u0142uguj\u0105cych w naszej parafii i o nowe powo\u0142ania kap\u0142a\u0144skie, zakonne i misyjne<\/p>\n\n\n\n<p>18.00&nbsp; W intencji przeb\u0142agalnej za grzechy Joanny, jej rodziny, krewnych i wszystkich przodk\u00f3w (30)<\/p>\n\n\n\n<p>18.00&nbsp; + Jan Staniaszek, gr. 2<\/p>\n\n\n\n<p><strong>Pi\u0105tek<\/strong><\/p>\n\n\n\n<p>7.30&nbsp;&nbsp; Dzi\u0119kczynno-b\u0142agalna do Naj\u015bwi\u0119tszego Serca Pana Jezusa<\/p>\n\n\n\n<p>7.30&nbsp;&nbsp; + Wac\u0142aw i Wac\u0142awa (f) Sanik<\/p>\n\n\n\n<p>7.30&nbsp;&nbsp; + Ryszard Mazurkiewicz, gr. 3<\/p>\n\n\n\n<p>18.00&nbsp; O wzrost duchowy i liczebny cz\u0142onk\u00f3w Stra\u017cy Honorowej NSJ oraz o zdrowie i potrzebne \u0142aski dla ksi\u0119dza opiekuna<\/p>\n\n\n\n<p>18.00&nbsp; W intencji przeb\u0142agalnej za grzechy Joanny, jej rodziny, krewnych i wszystkich przodk\u00f3w (1)<\/p>\n\n\n\n<p>18.00&nbsp; O uwolnienie Krystyny i Tomasza od przekle\u0144stw rzuconych na nich oraz uwolnienie ich od wszelkiego z\u0142a<\/p>\n\n\n\n<p>18.00&nbsp; W intencji Marty i Marcina z okazji 10 rocznicy \u015blubu o Bo\u017ce b\u0142ogos\u0142awie\u0144stwo, opiek\u0119 Maryi i anio\u0142\u00f3w<\/p>\n\n\n\n<p>18.00&nbsp; + Jan Staniaszek, gr. 3<\/p>\n\n\n\n<p><strong>Sobota<\/strong><\/p>\n\n\n\n<p>7.30&nbsp;&nbsp; W intencji przeb\u0142agalnej za grzechy Joanny, jej rodziny, krewnych i wszystkich przodk\u00f3w (2)<\/p>\n\n\n\n<p>7.30&nbsp;&nbsp; W intencji zmar\u0142ych i \u017cyj\u0105cych cz\u0142onk\u00f3w \u017bywej R\u00f3\u017cy<\/p>\n\n\n\n<p>7.30&nbsp;&nbsp; Wynagradzaj\u0105ca Niepokalanemu Sercu Maryi i Naj\u015bwi\u0119tszemu Sercu Jezusa za zniewagi, jakich doznaj\u0105 od przeciwnik\u00f3w Ko\u015bcio\u0142a \u015bwi\u0119tego<\/p>\n\n\n\n<p>7.30&nbsp;&nbsp; + Ryszard Mazurkiewicz, gr. 4<\/p>\n\n\n\n<p>18.30&nbsp; Wynagradzaj\u0105ca Niepokalanemu Sercu Maryi za grzechy rodziny i o dalsz\u0105 opiek\u0119 Matki Bo\u017cej 18.00&nbsp; + Jan Staniaszek, gr. 4<\/p>\n","protected":false},"excerpt":{"rendered":"<p>Niedziela 8.30&nbsp;&nbsp; W intencji przeb\u0142agalnej za grzechy Joanny, jej rodziny, krewnych i wszystkich przodk\u00f3w (26) 8.30&nbsp;&nbsp; Za dusze w czy\u015b\u0107cu cierpi\u0105ce, a przez ich wstawiennictwo o \u015bwi\u0119te powo\u0142ania kap\u0142a\u0144skie i zakonne (7) 8.30&nbsp;&nbsp; W intencji przeb\u0142agalnej za grzechy na\u0142ogowe w rodzinie (7) 8.30&nbsp;&nbsp; Za dusze w czy\u015b\u0107cu cierpi\u0105ce 10.00&nbsp; O [&hellip;]<\/p>\n","protected":false},"author":2,"featured_media":321,"comment_status":"open","ping_status":"open","sticky":false,"template":"","format":"standard","meta":{"footnotes":""},"categories":[2],"tags":[],"class_list":["post-464","post","type-post","status-publish","format-standard","has-post-thumbnail","hentry","category-aktualnosci"],"_links":{"self":[{"href":"https:\/\/wspomozycielka-lodz.pl\/index.php?rest_route=\/wp\/v2\/posts\/464","targetHints":{"allow":["GET"]}}],"collection":[{"href":"https:\/\/wspomozycielka-lodz.pl\/index.php?rest_route=\/wp\/v2\/posts"}],"about":[{"href":"https:\/\/wspomozycielka-lodz.pl\/index.php?rest_route=\/wp\/v2\/types\/post"}],"author":[{"embeddable":true,"href":"https:\/\/wspomozycielka-lodz.pl\/index.php?rest_route=\/wp\/v2\/users\/2"}],"replies":[{"embeddable":true,"href":"https:\/\/wspomozycielka-lodz.pl\/index.php?rest_route=%2Fwp%2Fv2%2Fcomments&post=464"}],"version-history":[{"count":1,"href":"https:\/\/wspomozycielka-lodz.pl\/index.php?rest_route=\/wp\/v2\/posts\/464\/revisions"}],"predecessor-version":[{"id":465,"href":"https:\/\/wspomozycielka-lodz.pl\/index.php?rest_route=\/wp\/v2\/posts\/464\/revisions\/465"}],"wp:featuredmedia":[{"embeddable":true,"href":"https:\/\/wspomozycielka-lodz.pl\/index.php?rest_route=\/wp\/v2\/media\/321"}],"wp:attachment":[{"href":"https:\/\/wspomozycielka-lodz.pl\/index.php?rest_route=%2Fwp%2Fv2%2Fmedia&parent=464"}],"wp:term":[{"taxonomy":"category","embeddable":true,"href":"https:\/\/wspomozycielka-lodz.pl\/index.php?rest_route=%2Fwp%2Fv2%2Fcategories&post=464"},{"taxonomy":"post_tag","embeddable":true,"href":"https:\/\/wspomozycielka-lodz.pl\/index.php?rest_route=%2Fwp%2Fv2%2Ftags&post=464"}],"curies":[{"name":"wp","href":"https:\/\/api.w.org\/{rel}","templated":true}]}}