{"id":462,"date":"2021-08-22T21:55:48","date_gmt":"2021-08-22T19:55:48","guid":{"rendered":"https:\/\/wspomozycielka-lodz.pl\/?p=462"},"modified":"2021-08-22T21:55:48","modified_gmt":"2021-08-22T19:55:48","slug":"ogloszenia-duszpasterskie-22-08-2021-r","status":"publish","type":"post","link":"https:\/\/wspomozycielka-lodz.pl\/?p=462","title":{"rendered":"OG\u0141OSZENIA DUSZPASTERSKIE (22.08.2021 r.)"},"content":{"rendered":"\n<p><\/p>\n\n\n\n<p>1. Pragn\u0119 powita\u0107 ks. Piotra Boczul\u0119, kt\u00f3ry przyby\u0142 do naszej wsp\u00f3lnoty salezja\u0144skiej na Wodnej. Ks. Piotr b\u0119dzie g\u0142\u00f3wnie pracowa\u0142 z Zespole Szk\u00f3\u0142 Salezja\u0144skich jako nauczyciel j\u0119zyka niemieckiego.<\/p>\n\n\n\n<p>2. W \u015brod\u0119 imieniny obchodzi ks. Ludwik Kali\u0144ski. Na Mszy \u015bw. wieczornej modli\u0107 si\u0119 b\u0119dziemy za Solenizanta.<\/p>\n\n\n\n<p>3. W czwartek obchodzimy uroczysto\u015b\u0107 Naj\u015bwi\u0119tszej Maryi Panny Cz\u0119stochowskiej.<\/p>\n\n\n\n<p>4. Zach\u0119camy do nabywania i czytania prasy katolickiej, kt\u00f3r\u0105 mo\u017cemy znale\u017a\u0107 w naszym sklepiku parafialnym. Mo\u017cna r\u00f3wnie\u017c naby\u0107 ksi\u0105\u017cki i inne artyku\u0142y religijne. S\u0105 ju\u017c te\u017c dost\u0119pne kalendarze misyjne na przysz\u0142y rok. 5. Z naszej wsp\u00f3lnoty parafialnej do wieczno\u015bci odszed\u0142: Krzysztof Browarny, lat 67. <em>Wieczny odpoczynek racz mu da\u0107, Panie<\/em>&#8230;.<\/p>\n","protected":false},"excerpt":{"rendered":"<p>1. Pragn\u0119 powita\u0107 ks. Piotra Boczul\u0119, kt\u00f3ry przyby\u0142 do naszej wsp\u00f3lnoty salezja\u0144skiej na Wodnej. Ks. Piotr b\u0119dzie g\u0142\u00f3wnie pracowa\u0142 z Zespole Szk\u00f3\u0142 Salezja\u0144skich jako nauczyciel j\u0119zyka niemieckiego. 2. W \u015brod\u0119 imieniny obchodzi ks. Ludwik Kali\u0144ski. Na Mszy \u015bw. wieczornej modli\u0107 si\u0119 b\u0119dziemy za Solenizanta. 3. W czwartek obchodzimy uroczysto\u015b\u0107 Naj\u015bwi\u0119tszej [&hellip;]<\/p>\n","protected":false},"author":2,"featured_media":320,"comment_status":"open","ping_status":"open","sticky":false,"template":"","format":"standard","meta":{"footnotes":""},"categories":[2],"tags":[],"class_list":["post-462","post","type-post","status-publish","format-standard","has-post-thumbnail","hentry","category-aktualnosci"],"_links":{"self":[{"href":"https:\/\/wspomozycielka-lodz.pl\/index.php?rest_route=\/wp\/v2\/posts\/462","targetHints":{"allow":["GET"]}}],"collection":[{"href":"https:\/\/wspomozycielka-lodz.pl\/index.php?rest_route=\/wp\/v2\/posts"}],"about":[{"href":"https:\/\/wspomozycielka-lodz.pl\/index.php?rest_route=\/wp\/v2\/types\/post"}],"author":[{"embeddable":true,"href":"https:\/\/wspomozycielka-lodz.pl\/index.php?rest_route=\/wp\/v2\/users\/2"}],"replies":[{"embeddable":true,"href":"https:\/\/wspomozycielka-lodz.pl\/index.php?rest_route=%2Fwp%2Fv2%2Fcomments&post=462"}],"version-history":[{"count":1,"href":"https:\/\/wspomozycielka-lodz.pl\/index.php?rest_route=\/wp\/v2\/posts\/462\/revisions"}],"predecessor-version":[{"id":463,"href":"https:\/\/wspomozycielka-lodz.pl\/index.php?rest_route=\/wp\/v2\/posts\/462\/revisions\/463"}],"wp:featuredmedia":[{"embeddable":true,"href":"https:\/\/wspomozycielka-lodz.pl\/index.php?rest_route=\/wp\/v2\/media\/320"}],"wp:attachment":[{"href":"https:\/\/wspomozycielka-lodz.pl\/index.php?rest_route=%2Fwp%2Fv2%2Fmedia&parent=462"}],"wp:term":[{"taxonomy":"category","embeddable":true,"href":"https:\/\/wspomozycielka-lodz.pl\/index.php?rest_route=%2Fwp%2Fv2%2Fcategories&post=462"},{"taxonomy":"post_tag","embeddable":true,"href":"https:\/\/wspomozycielka-lodz.pl\/index.php?rest_route=%2Fwp%2Fv2%2Ftags&post=462"}],"curies":[{"name":"wp","href":"https:\/\/api.w.org\/{rel}","templated":true}]}}