{"id":460,"date":"2021-08-22T21:53:06","date_gmt":"2021-08-22T19:53:06","guid":{"rendered":"https:\/\/wspomozycielka-lodz.pl\/?p=460"},"modified":"2021-08-22T21:53:06","modified_gmt":"2021-08-22T19:53:06","slug":"intencje-mszalne-22-28-08-2021","status":"publish","type":"post","link":"https:\/\/wspomozycielka-lodz.pl\/?p=460","title":{"rendered":"INTENCJE MSZALNE (22-28.08.2021)"},"content":{"rendered":"\n<p><\/p>\n\n\n\n<p><strong>Niedziela<\/strong><\/p>\n\n\n\n<p>8.30&nbsp;&nbsp; W intencji przeb\u0142agalnej za grzechy Joanny, jej rodziny, krewnych i wszystkich przodk\u00f3w (19)<\/p>\n\n\n\n<p>8.30&nbsp;&nbsp; Dzi\u0119kczynno-b\u0142agalna w intencji Gra\u017cyny i jej rodziny<\/p>\n\n\n\n<p>10.00&nbsp; + Marcin Podg\u00f3rski, gr. 22<\/p>\n\n\n\n<p>11.30&nbsp; + Jan Staniaszek (4 rocz. \u015bm.)<\/p>\n\n\n\n<p>11.30&nbsp; + Zofia i Adam G\u0142owaccy; Boles\u0142aw Chobot<\/p>\n\n\n\n<p>11.30&nbsp; + Stanis\u0142aw, Wanda i Longin Micha\u0142owscy; Maria Mioduszewska; Antoni i Serafina<\/p>\n\n\n\n<p>18.00&nbsp; W intencji ks. Dominka Salma z okazji 25. rocznicy profesji zakonnej<\/p>\n\n\n\n<p>18.00&nbsp; Za parafian<\/p>\n\n\n\n<p><strong>Poniedzia\u0142ek<\/strong><\/p>\n\n\n\n<p>7.30&nbsp;&nbsp; + Marzena Sieja, gr. 23<\/p>\n\n\n\n<p>7.30&nbsp;&nbsp; Za dusze w czy\u015b\u0107cu cierpi\u0105ce, a przez ich wstawiennictwo o \u015bwi\u0119te powo\u0142ania kap\u0142a\u0144skie i zakonne (1)<\/p>\n\n\n\n<p>7.30&nbsp;&nbsp; W intencji przeb\u0142agalnej za grzechy na\u0142ogowe w rodzinie (1)<\/p>\n\n\n\n<p>18.00&nbsp; W intencji przeb\u0142agalnej za grzechy Joanny, jej rodziny, krewnych i wszystkich przodk\u00f3w (20)<\/p>\n\n\n\n<p>18.00&nbsp; + Marcin Podg\u00f3rski, gr. 23<\/p>\n\n\n\n<p><strong>Wtorek<\/strong><\/p>\n\n\n\n<p>7.30&nbsp;&nbsp; + Marzena Sieja, gr. 24<\/p>\n\n\n\n<p>7.30&nbsp;&nbsp; Za dusze w czy\u015b\u0107cu cierpi\u0105ce, a przez ich wstawiennictwo o \u015bwi\u0119te powo\u0142ania kap\u0142a\u0144skie i zakonne (2)<\/p>\n\n\n\n<p>7.30&nbsp;&nbsp; W intencji przeb\u0142agalnej za grzechy na\u0142ogowe w rodzinie (2)<\/p>\n\n\n\n<p>18.00&nbsp; W intencji przeb\u0142agalnej za grzechy Joanny, jej rodziny, krewnych i wszystkich przodk\u00f3w (21)<\/p>\n\n\n\n<p>18.00&nbsp; + Marcin Podg\u00f3rski, gr. 24<\/p>\n\n\n\n<p>18.00&nbsp; Za dusze w czy\u015b\u0107cu cierpi\u0105ce<\/p>\n\n\n\n<p><strong>\u015aroda<\/strong><\/p>\n\n\n\n<p>7.30&nbsp;&nbsp; + Marzena Sieja, gr. 24<\/p>\n\n\n\n<p>7.30&nbsp;&nbsp; Za dusze w czy\u015b\u0107cu cierpi\u0105ce, a przez ich wstawiennictwo o \u015bwi\u0119te powo\u0142ania kap\u0142a\u0144skie i zakonne (3)<\/p>\n\n\n\n<p>18.00&nbsp; O Bo\u017ce b\u0142ogos\u0142awie\u0144stwo dla ks. Ludwika Kali\u0144skiego z okazji imienin<\/p>\n\n\n\n<p>18.00&nbsp; W intencji przeb\u0142agalnej za grzechy Joanny, jej rodziny, krewnych i wszystkich przodk\u00f3w (22)<\/p>\n\n\n\n<p>18.00&nbsp; W intencji przeb\u0142agalnej za grzechy na\u0142ogowe w rodzinie (3)<\/p>\n\n\n\n<p>18.00&nbsp; + Marcin Podg\u00f3rski, gr. 25<\/p>\n\n\n\n<p>18.00&nbsp; + Genowefa Widerkiewicz<\/p>\n\n\n\n<p><strong>Czwartek<\/strong><\/p>\n\n\n\n<p>7.30&nbsp;&nbsp; + Bogumi\u0142a (f) Karpi\u0144ska<\/p>\n\n\n\n<p>7.30&nbsp;&nbsp; + Marzena Sieja, gr. 26<\/p>\n\n\n\n<p>7.30&nbsp;&nbsp; Za dusze w czy\u015b\u0107cu cierpi\u0105ce, a przez ich wstawiennictwo o \u015bwi\u0119te powo\u0142ania kap\u0142a\u0144skie i zakonne (4)<\/p>\n\n\n\n<p>7.30&nbsp;&nbsp; W intencji przeb\u0142agalnej za grzechy na\u0142ogowe w rodzinie (4)<\/p>\n\n\n\n<p>18.00&nbsp; W intencji przeb\u0142agalnej za grzechy Joanny, jej rodziny, krewnych i wszystkich przodk\u00f3w (23)<\/p>\n\n\n\n<p>18.00&nbsp; + Marcin Podg\u00f3rski, gr. 26<\/p>\n\n\n\n<p>18.00&nbsp; + J\u00f3zef Wr\u00f3bel i rodzice; Marianna i Feliks, Jan i dusze w czy\u015b\u0107cu cierpi\u0105ce<\/p>\n\n\n\n<p><strong>Pi\u0105tek<\/strong><\/p>\n\n\n\n<p>7.30&nbsp;&nbsp; + Marzena Sieja, gr. 27<\/p>\n\n\n\n<p>7.30&nbsp;&nbsp; Za dusze w czy\u015b\u0107cu cierpi\u0105ce, a przez ich wstawiennictwo o \u015bwi\u0119te powo\u0142ania kap\u0142a\u0144skie i zakonne (5)<\/p>\n\n\n\n<p>7.30&nbsp;&nbsp; Za dusze w czy\u015b\u0107cu cierpi\u0105ce<\/p>\n\n\n\n<p>18.00&nbsp; W intencji przeb\u0142agalnej za grzechy Joanny, jej rodziny, krewnych i wszystkich przodk\u00f3w (24)<\/p>\n\n\n\n<p>18.00&nbsp; W intencji przeb\u0142agalnej za grzechy na\u0142ogowe w rodzinie (5)<\/p>\n\n\n\n<p>18.00&nbsp; + Marcin Podg\u00f3rski, gr. 27<\/p>\n\n\n\n<p><strong>Sobota<\/strong><\/p>\n\n\n\n<p>7.30&nbsp;&nbsp; W intencji przeb\u0142agalnej za grzechy Joanny, jej rodziny, krewnych i wszystkich przodk\u00f3w (25)<\/p>\n\n\n\n<p>7.30&nbsp;&nbsp; Za dusze w czy\u015b\u0107cu cierpi\u0105ce, a przez ich wstawiennictwo o \u015bwi\u0119te powo\u0142ania kap\u0142a\u0144skie i zakonne (6)<\/p>\n\n\n\n<p>7.30&nbsp;&nbsp; W intencji przeb\u0142agalnej za grzechy na\u0142ogowe w rodzinie (6)<\/p>\n\n\n\n<p>7.30&nbsp;&nbsp; + Marzena Sieja, gr. 28<\/p>\n\n\n\n<p>18.00&nbsp; O Bo\u017ce b\u0142ogos\u0142awie\u0144stwo, zdrowie, szcz\u0119\u015bcie, potrzebne \u0142aski dla Henryki, Stanis\u0142awa, Andrzeja Nasi\u0142owskich i babci Jadzi 18.00&nbsp; + Marcin Podg\u00f3rski, gr. 28<\/p>\n","protected":false},"excerpt":{"rendered":"<p>Niedziela 8.30&nbsp;&nbsp; W intencji przeb\u0142agalnej za grzechy Joanny, jej rodziny, krewnych i wszystkich przodk\u00f3w (19) 8.30&nbsp;&nbsp; Dzi\u0119kczynno-b\u0142agalna w intencji Gra\u017cyny i jej rodziny 10.00&nbsp; + Marcin Podg\u00f3rski, gr. 22 11.30&nbsp; + Jan Staniaszek (4 rocz. \u015bm.) 11.30&nbsp; + Zofia i Adam G\u0142owaccy; Boles\u0142aw Chobot 11.30&nbsp; + Stanis\u0142aw, Wanda i Longin [&hellip;]<\/p>\n","protected":false},"author":2,"featured_media":321,"comment_status":"open","ping_status":"open","sticky":false,"template":"","format":"standard","meta":{"footnotes":""},"categories":[2],"tags":[],"class_list":["post-460","post","type-post","status-publish","format-standard","has-post-thumbnail","hentry","category-aktualnosci"],"_links":{"self":[{"href":"https:\/\/wspomozycielka-lodz.pl\/index.php?rest_route=\/wp\/v2\/posts\/460","targetHints":{"allow":["GET"]}}],"collection":[{"href":"https:\/\/wspomozycielka-lodz.pl\/index.php?rest_route=\/wp\/v2\/posts"}],"about":[{"href":"https:\/\/wspomozycielka-lodz.pl\/index.php?rest_route=\/wp\/v2\/types\/post"}],"author":[{"embeddable":true,"href":"https:\/\/wspomozycielka-lodz.pl\/index.php?rest_route=\/wp\/v2\/users\/2"}],"replies":[{"embeddable":true,"href":"https:\/\/wspomozycielka-lodz.pl\/index.php?rest_route=%2Fwp%2Fv2%2Fcomments&post=460"}],"version-history":[{"count":1,"href":"https:\/\/wspomozycielka-lodz.pl\/index.php?rest_route=\/wp\/v2\/posts\/460\/revisions"}],"predecessor-version":[{"id":461,"href":"https:\/\/wspomozycielka-lodz.pl\/index.php?rest_route=\/wp\/v2\/posts\/460\/revisions\/461"}],"wp:featuredmedia":[{"embeddable":true,"href":"https:\/\/wspomozycielka-lodz.pl\/index.php?rest_route=\/wp\/v2\/media\/321"}],"wp:attachment":[{"href":"https:\/\/wspomozycielka-lodz.pl\/index.php?rest_route=%2Fwp%2Fv2%2Fmedia&parent=460"}],"wp:term":[{"taxonomy":"category","embeddable":true,"href":"https:\/\/wspomozycielka-lodz.pl\/index.php?rest_route=%2Fwp%2Fv2%2Fcategories&post=460"},{"taxonomy":"post_tag","embeddable":true,"href":"https:\/\/wspomozycielka-lodz.pl\/index.php?rest_route=%2Fwp%2Fv2%2Ftags&post=460"}],"curies":[{"name":"wp","href":"https:\/\/api.w.org\/{rel}","templated":true}]}}