{"id":457,"date":"2021-08-15T16:54:22","date_gmt":"2021-08-15T14:54:22","guid":{"rendered":"https:\/\/wspomozycielka-lodz.pl\/?p=457"},"modified":"2021-08-15T16:54:39","modified_gmt":"2021-08-15T14:54:39","slug":"ogloszenia-duszpasterskie-wniebowziecie-nmp-15-08-2021-r","status":"publish","type":"post","link":"https:\/\/wspomozycielka-lodz.pl\/?p=457","title":{"rendered":"OG\u0141OSZENIA DUSZPASTERSKIE (Wniebowzi\u0119cie NMP &#8211; 15.08.2021)"},"content":{"rendered":"\n<p>1. Dzi\u015b na zako\u0144czenie Mszy \u015bw. b\u0142ogos\u0142awimy przyniesione kwiaty i zio\u0142a.<\/p>\n\n\n\n<p>2. Na stoliku obok skarbony znajduj\u0105 si\u0119 legitymacje i formularz zapis\u00f3w Pielgrzym\u00f3w Duchowych wspieraj\u0105cych 96. Piesz\u0105 Pielgrzymk\u0119 \u0141\u00f3dzk\u0105 na Jasn\u0105 G\u00f3r\u0119.<\/p>\n\n\n\n<p>3. W zwi\u0105zku z rocznic\u0105 eksplozji, kt\u00f3ra mia\u0142a miejsce w Bejrucie w 2020 roku, na pro\u015bb\u0119 Ksi\u0119dza Arcybiskupa zbierali\u015bmy ofiary na pomoc dla chrze\u015bcijan Libanu. W naszej parafii zebrali\u015bmy 950 z\u0142. Za wszystkie te ofiary serdecznie dzi\u0119kuj\u0119.<\/p>\n\n\n\n<p>4. Chc\u0119 r\u00f3wnie\u017c podzi\u0119kowa\u0107 Fundacji Nauki i Wychowania na r\u0119ce ks. Stanis\u0142awa Hajkowskiego, prezesa Fundacji, za ofiarowanie parafii \u017car\u00f3wek sufitowych o warto\u015bci 2011,04 z\u0142.<\/p>\n\n\n\n<p>5. W przysz\u0142\u0105 niedziel\u0119, 22 sierpnia o godz. 18.00, nasz wsp\u00f3\u0142brat ks. Dominik Salm, kt\u00f3ry pracuje we Francji, b\u0119dzie celebrowa\u0142 Msz\u0119 \u015bw. jubileuszow\u0105 25-lecia profesji zakonnej.<\/p>\n\n\n\n<p>6. Ksi\u0105dz Arcybiskup zapowiedzia\u0142 szereg inicjatyw, do kt\u00f3rych pragnie nas zaprosi\u0107 we wrze\u015bniu. Otworzy je 7-dobowa modlitwa, zwana \u201eJerycho\u201d: od 1 do 8 wrze\u015bnia, przez 7 dni i 7 nocy, nieustannie b\u0119dziemy trwa\u0107 na adoracji Jezusa w Naj\u015bwi\u0119tszym Sakramencie &#8211; w kilku ko\u015bcio\u0142ach naszej diecezji, w \u0141odzi &#8211; w ko\u015bciele Matki Bo\u017cej Fatimskiej. W dniach 9-11 wrze\u015bnia b\u0119dzie mia\u0142 miejsce w \u0141odzi VI Og\u00f3lnopolski Kongres Nowej Ewangelizacji pod has\u0142em \u201eMiasto &#8211; Rewitalizacja\u201d. Pierwszy dzie\u0144 Kongresu (9 wrze\u015bnia) jest dedykowany ksi\u0119\u017com. Dwa kolejne dni Kongresu s\u0105 otwarte dla wszystkich (trzeba si\u0119 jednak na nie zapisa\u0107 &#8211; wszystkie informacje dost\u0119pne s\u0105 na stronach internetowych). Wa\u017cn\u0105 cz\u0119\u015bci\u0105 Kongresu b\u0119d\u0105 rekolekcje, kt\u00f3re poprowadz\u0105 Wsp\u00f3lnoty Jerozolimskie. To wydarzenie b\u0119dzie mia\u0142o miejsce w ko\u015bciele oo. Jezuit\u00f3w w \u0141odzi. Wieczorem 11-go wrze\u015bnia na stadionie \u201eOr\u0142a\u201d b\u0119dzie mia\u0142o miejsce centralne wydarzenie ewangelizacyjne, zatytu\u0142owane: \u201eDekalog. Ku do\u015bwiadczeniu wolno\u015bci\u201d (wst\u0119p na to wydarzenie jest wolny i otwarty). W niedziel\u0119, 12-go wrze\u015bnia w Warszawie odb\u0119dzie si\u0119 beatyfikacja kard. Stefana Wyszy\u0144skiego i matki El\u017cbiety Czackiej. Wieczorem tego dnia Ks. Arcybiskup zaprasza wszystkich na wsp\u00f3ln\u0105 Eucharysti\u0119 na stadionie \u201eOr\u0142a\u201d. B\u0119dzie to Eucharystia dzi\u0119kczynna za nowych b\u0142ogos\u0142awionych. Nast\u0119pnego dnia przed po\u0142udniem &#8211; na tym samym stadionie &#8211; wydarzy si\u0119 \u201eArena M\u0142odych\u201d (zatytu\u0142owana \u201eReset\u201d). Od 19 do 22 wrze\u015bnia, we wszystkich Ko\u015bcio\u0142ach Jubileuszowych naszej Archidiecezji b\u0119d\u0105 mia\u0142y miejsce Rekolekcje Ewangelizacyjne dla Wszystkich w Ko\u015bcio\u0142ach Jubileuszowych (w naszym dekanacie to ko\u015bci\u00f3\u0142 MB Jasnog\u00f3rskiej). 7. Kto chcia\u0142by modli\u0107 si\u0119 za \u0141\u00f3d\u017a na rowerach, niech si\u0119 czuje zaproszony na \u0141\u00f3dzkie Jerycho Rowerowe, w sobot\u0119, 4 wrze\u015bnia. Mo\u017cna do\u0142\u0105czy\u0107 w jednym z siedmiu ko\u015bcio\u0142\u00f3w. Szczeg\u00f3\u0142y na stronie lodzkiejerycho.pl. Abp Grzegorz Ry\u015b te\u017c ma wzi\u0105\u0107 udzia\u0142<\/p>\n","protected":false},"excerpt":{"rendered":"<p>1. Dzi\u015b na zako\u0144czenie Mszy \u015bw. b\u0142ogos\u0142awimy przyniesione kwiaty i zio\u0142a. 2. Na stoliku obok skarbony znajduj\u0105 si\u0119 legitymacje i formularz zapis\u00f3w Pielgrzym\u00f3w Duchowych wspieraj\u0105cych 96. Piesz\u0105 Pielgrzymk\u0119 \u0141\u00f3dzk\u0105 na Jasn\u0105 G\u00f3r\u0119. 3. W zwi\u0105zku z rocznic\u0105 eksplozji, kt\u00f3ra mia\u0142a miejsce w Bejrucie w 2020 roku, na pro\u015bb\u0119 Ksi\u0119dza Arcybiskupa [&hellip;]<\/p>\n","protected":false},"author":2,"featured_media":320,"comment_status":"open","ping_status":"open","sticky":false,"template":"","format":"standard","meta":{"footnotes":""},"categories":[2],"tags":[],"class_list":["post-457","post","type-post","status-publish","format-standard","has-post-thumbnail","hentry","category-aktualnosci"],"_links":{"self":[{"href":"https:\/\/wspomozycielka-lodz.pl\/index.php?rest_route=\/wp\/v2\/posts\/457","targetHints":{"allow":["GET"]}}],"collection":[{"href":"https:\/\/wspomozycielka-lodz.pl\/index.php?rest_route=\/wp\/v2\/posts"}],"about":[{"href":"https:\/\/wspomozycielka-lodz.pl\/index.php?rest_route=\/wp\/v2\/types\/post"}],"author":[{"embeddable":true,"href":"https:\/\/wspomozycielka-lodz.pl\/index.php?rest_route=\/wp\/v2\/users\/2"}],"replies":[{"embeddable":true,"href":"https:\/\/wspomozycielka-lodz.pl\/index.php?rest_route=%2Fwp%2Fv2%2Fcomments&post=457"}],"version-history":[{"count":2,"href":"https:\/\/wspomozycielka-lodz.pl\/index.php?rest_route=\/wp\/v2\/posts\/457\/revisions"}],"predecessor-version":[{"id":459,"href":"https:\/\/wspomozycielka-lodz.pl\/index.php?rest_route=\/wp\/v2\/posts\/457\/revisions\/459"}],"wp:featuredmedia":[{"embeddable":true,"href":"https:\/\/wspomozycielka-lodz.pl\/index.php?rest_route=\/wp\/v2\/media\/320"}],"wp:attachment":[{"href":"https:\/\/wspomozycielka-lodz.pl\/index.php?rest_route=%2Fwp%2Fv2%2Fmedia&parent=457"}],"wp:term":[{"taxonomy":"category","embeddable":true,"href":"https:\/\/wspomozycielka-lodz.pl\/index.php?rest_route=%2Fwp%2Fv2%2Fcategories&post=457"},{"taxonomy":"post_tag","embeddable":true,"href":"https:\/\/wspomozycielka-lodz.pl\/index.php?rest_route=%2Fwp%2Fv2%2Ftags&post=457"}],"curies":[{"name":"wp","href":"https:\/\/api.w.org\/{rel}","templated":true}]}}