{"id":455,"date":"2021-08-15T16:50:51","date_gmt":"2021-08-15T14:50:51","guid":{"rendered":"https:\/\/wspomozycielka-lodz.pl\/?p=455"},"modified":"2021-08-15T16:51:15","modified_gmt":"2021-08-15T14:51:15","slug":"intencje-mszalne-15-21-08-2021-r","status":"publish","type":"post","link":"https:\/\/wspomozycielka-lodz.pl\/?p=455","title":{"rendered":"INTENCJE MSZALNE (15-21.08.2021 r.)"},"content":{"rendered":"\n<p><\/p>\n\n\n\n<p><strong>Niedziela<\/strong><\/p>\n\n\n\n<p>8.30&nbsp;&nbsp; W intencji przeb\u0142agalnej za grzechy Joanny, jej rodziny, krewnych i wszystkich przodk\u00f3w (12)<\/p>\n\n\n\n<p>8.30&nbsp;&nbsp; Dzi\u0119kczynno-b\u0142agalna w intencji Micha\u0142a przez wstawiennictwo Matki Bo\u017cej i \u015bw. J\u00f3zefa z pro\u015bb\u0105 o Bo\u017ce b\u0142ogos\u0142awie\u0144stwo i wype\u0142nienie woli Bo\u017cej w \u017cyciu jego i rodziny (8)<\/p>\n\n\n\n<p>8.30&nbsp;&nbsp; + Henryka (f), Genowefa, Stefan, Stanis\u0142aw, Marek Sobirajscy; Zofia Mami\u0144ska; Danuta Kaczmarek; dusze w czy\u015b\u0107cu cierpi\u0105ce<\/p>\n\n\n\n<p>10.00&nbsp; O zdrowie dla Marii (\u017cony) i \u017cycie wieczne dla Marii (matki)<\/p>\n\n\n\n<p>10.00&nbsp; + Marcin Podg\u00f3rski, gr. 15<\/p>\n\n\n\n<p>11.30&nbsp; W intencji Marii o Bo\u017ce b\u0142ogos\u0142awie\u0144stwo i opiek\u0119 Maryi z okazji imienin O Bo\u017ce b\u0142ogos\u0142awie\u0144stwo dla Marii z okazji imienin i urodzin<\/p>\n\n\n\n<p>11.30&nbsp; + Eugeniusz Stasio (4 rocz. \u015bm.)<\/p>\n\n\n\n<p>18.00&nbsp; + Miros\u0142aw Janicki (1 rocz. \u015bm.)<\/p>\n\n\n\n<p><strong>Poniedzia\u0142ek<\/strong><\/p>\n\n\n\n<p>7.30&nbsp;&nbsp; Dzi\u0119kczynno-b\u0142agalna w intencji Micha\u0142a przez wstawiennictwo Matki Bo\u017cej i \u015bw. J\u00f3zefa z pro\u015bb\u0105 o Bo\u017ce b\u0142ogos\u0142awie\u0144stwo i wype\u0142nienie woli Bo\u017cej w \u017cyciu jego i rodziny (9)<\/p>\n\n\n\n<p>18.00&nbsp; W intencji przeb\u0142agalnej za grzechy Joanny, jej rodziny, krewnych i wszystkich przodk\u00f3w (13)<\/p>\n\n\n\n<p>18.00&nbsp; + Marcin Podg\u00f3rski, gr. 16<\/p>\n\n\n\n<p>18.00&nbsp; Za dusze w czy\u015b\u0107cu cierpi\u0105ce<\/p>\n\n\n\n<p><strong>Wtorek<\/strong><\/p>\n\n\n\n<p>7.30&nbsp;&nbsp; + Zofia, Jan, Tadeusz, Bogus\u0142awa (f) Kulinowie; Helena Cyrol<\/p>\n\n\n\n<p>18.00&nbsp; W intencji przeb\u0142agalnej za grzechy Joanny, jej rodziny, krewnych i wszystkich przodk\u00f3w (14)<\/p>\n\n\n\n<p>18.00&nbsp; + Marcin Podg\u00f3rski, gr. 17<\/p>\n\n\n\n<p><strong>\u015aroda<\/strong><\/p>\n\n\n\n<p>7.30&nbsp;&nbsp; + Wac\u0142aw i Wac\u0142awa (f) Sanik<\/p>\n\n\n\n<p>7.30&nbsp;&nbsp; + Marzena Sieja, gr. 18<\/p>\n\n\n\n<p>18.00&nbsp; W intencji przeb\u0142agalnej za grzechy Joanny, jej rodziny, krewnych i wszystkich przodk\u00f3w (15)<\/p>\n\n\n\n<p>18.00&nbsp; + Marcin Podg\u00f3rski, gr. 18)<\/p>\n\n\n\n<p><strong>Czwartek<\/strong><\/p>\n\n\n\n<p>7.30&nbsp;&nbsp; + Bogumi\u0142a (f) Karpi\u0144ska<\/p>\n\n\n\n<p>7.30&nbsp;&nbsp; + Marzena Sieja, gr. 19<\/p>\n\n\n\n<p>18.00&nbsp; W intencji przeb\u0142agalnej za grzechy Joanny, jej rodziny, krewnych i wszystkich przodk\u00f3w (16)<\/p>\n\n\n\n<p>18.00&nbsp; + Marcin Podg\u00f3rski, gr. 19<\/p>\n\n\n\n<p>18.00&nbsp; + Daniela (f), Gra\u017cyna, Konstancja, Jadwiga, Jan, Stanis\u0142aw Szkudlarek; Maria i Tomasz Paprota<\/p>\n\n\n\n<p><strong>Pi\u0105tek<\/strong><\/p>\n\n\n\n<p>7.30&nbsp;&nbsp; + Marzena Sieja, gr. 20<\/p>\n\n\n\n<p>18.00&nbsp; O Bo\u017ce b\u0142ogos\u0142awie\u0144stwo, zdrowie, dary Ducha \u015awi\u0119tego i opiek\u0119 Matki Bo\u017cej dla Antosia, Marysi, Agnieszki i Mariusza Niemirk\u00f3w oraz Henryka i Krystyny<\/p>\n\n\n\n<p>18.00&nbsp; W intencji przeb\u0142agalnej za grzechy Joanny, jej rodziny, krewnych i wszystkich przodk\u00f3w (17)<\/p>\n\n\n\n<p>18.00&nbsp; + Marcin Podg\u00f3rski, gr. 20<\/p>\n\n\n\n<p><strong>Sobota<\/strong><\/p>\n\n\n\n<p>7.30&nbsp;&nbsp; W intencji przeb\u0142agalnej za grzechy Joanny, jej rodziny, krewnych i wszystkich przodk\u00f3w (18)<\/p>\n\n\n\n<p>7.30&nbsp;&nbsp; O zdrowie dla rodziny Bugnackich: Reginy i Mariana oraz ich dzieci, wnuk\u00f3w i prawnuk\u00f3w<\/p>\n\n\n\n<p>7.30&nbsp;&nbsp; + Marzena Sieja, gr. 21<\/p>\n\n\n\n<p>18.00&nbsp; O szcz\u0119\u015bliw\u0105 operacj\u0119 i zdrowie dla Moniki Markiewicz 18.00&nbsp; + Marcin Podg\u00f3rski, gr. 21<\/p>\n","protected":false},"excerpt":{"rendered":"<p>Niedziela 8.30&nbsp;&nbsp; W intencji przeb\u0142agalnej za grzechy Joanny, jej rodziny, krewnych i wszystkich przodk\u00f3w (12) 8.30&nbsp;&nbsp; Dzi\u0119kczynno-b\u0142agalna w intencji Micha\u0142a przez wstawiennictwo Matki Bo\u017cej i \u015bw. J\u00f3zefa z pro\u015bb\u0105 o Bo\u017ce b\u0142ogos\u0142awie\u0144stwo i wype\u0142nienie woli Bo\u017cej w \u017cyciu jego i rodziny (8) 8.30&nbsp;&nbsp; + Henryka (f), Genowefa, Stefan, Stanis\u0142aw, Marek [&hellip;]<\/p>\n","protected":false},"author":2,"featured_media":321,"comment_status":"open","ping_status":"open","sticky":false,"template":"","format":"standard","meta":{"footnotes":""},"categories":[2],"tags":[],"class_list":["post-455","post","type-post","status-publish","format-standard","has-post-thumbnail","hentry","category-aktualnosci"],"_links":{"self":[{"href":"https:\/\/wspomozycielka-lodz.pl\/index.php?rest_route=\/wp\/v2\/posts\/455","targetHints":{"allow":["GET"]}}],"collection":[{"href":"https:\/\/wspomozycielka-lodz.pl\/index.php?rest_route=\/wp\/v2\/posts"}],"about":[{"href":"https:\/\/wspomozycielka-lodz.pl\/index.php?rest_route=\/wp\/v2\/types\/post"}],"author":[{"embeddable":true,"href":"https:\/\/wspomozycielka-lodz.pl\/index.php?rest_route=\/wp\/v2\/users\/2"}],"replies":[{"embeddable":true,"href":"https:\/\/wspomozycielka-lodz.pl\/index.php?rest_route=%2Fwp%2Fv2%2Fcomments&post=455"}],"version-history":[{"count":1,"href":"https:\/\/wspomozycielka-lodz.pl\/index.php?rest_route=\/wp\/v2\/posts\/455\/revisions"}],"predecessor-version":[{"id":456,"href":"https:\/\/wspomozycielka-lodz.pl\/index.php?rest_route=\/wp\/v2\/posts\/455\/revisions\/456"}],"wp:featuredmedia":[{"embeddable":true,"href":"https:\/\/wspomozycielka-lodz.pl\/index.php?rest_route=\/wp\/v2\/media\/321"}],"wp:attachment":[{"href":"https:\/\/wspomozycielka-lodz.pl\/index.php?rest_route=%2Fwp%2Fv2%2Fmedia&parent=455"}],"wp:term":[{"taxonomy":"category","embeddable":true,"href":"https:\/\/wspomozycielka-lodz.pl\/index.php?rest_route=%2Fwp%2Fv2%2Fcategories&post=455"},{"taxonomy":"post_tag","embeddable":true,"href":"https:\/\/wspomozycielka-lodz.pl\/index.php?rest_route=%2Fwp%2Fv2%2Ftags&post=455"}],"curies":[{"name":"wp","href":"https:\/\/api.w.org\/{rel}","templated":true}]}}