{"id":449,"date":"2021-08-08T17:29:25","date_gmt":"2021-08-08T15:29:25","guid":{"rendered":"https:\/\/wspomozycielka-lodz.pl\/?p=449"},"modified":"2021-08-08T22:19:50","modified_gmt":"2021-08-08T20:19:50","slug":"ogloszenia-duszpasterskie-8-08-2021-r","status":"publish","type":"post","link":"https:\/\/wspomozycielka-lodz.pl\/?p=449","title":{"rendered":"OG\u0141OSZENIA DUSZPASTERSKIE (8.08.2021 r.)"},"content":{"rendered":"\n<p><\/p>\n\n\n\n<p>1. W przysz\u0142\u0105 niedziel\u0119 b\u0119dziemy \u015bwi\u0119towa\u0107 uroczysto\u015b\u0107 Wniebowzi\u0119cia Naj\u015bwi\u0119tszej Maryi Panny, zwan\u0105 w polskiej tradycji \u015bwi\u0119tem Matki Bo\u017cej Zielnej. Na ka\u017cdej Mszy \u015bw. pob\u0142ogos\u0142awimy kwiaty i zio\u0142a. <\/p>\n\n\n\n<p>2. Przypominamy, \u017ce w okresie wakacyjnym kancelaria parafialna jest czynna we wtorki i czwartki, od 10 do 11 i od 16 do 17.<\/p>\n","protected":false},"excerpt":{"rendered":"<p>1. W przysz\u0142\u0105 niedziel\u0119 b\u0119dziemy \u015bwi\u0119towa\u0107 uroczysto\u015b\u0107 Wniebowzi\u0119cia Naj\u015bwi\u0119tszej Maryi Panny, zwan\u0105 w polskiej tradycji \u015bwi\u0119tem Matki Bo\u017cej Zielnej. Na ka\u017cdej Mszy \u015bw. pob\u0142ogos\u0142awimy kwiaty i zio\u0142a. 2. Przypominamy, \u017ce w okresie wakacyjnym kancelaria parafialna jest czynna we wtorki i czwartki, od 10 do 11 i od 16 do 17.<\/p>\n","protected":false},"author":2,"featured_media":320,"comment_status":"open","ping_status":"open","sticky":false,"template":"","format":"standard","meta":{"footnotes":""},"categories":[2],"tags":[],"class_list":["post-449","post","type-post","status-publish","format-standard","has-post-thumbnail","hentry","category-aktualnosci"],"_links":{"self":[{"href":"https:\/\/wspomozycielka-lodz.pl\/index.php?rest_route=\/wp\/v2\/posts\/449","targetHints":{"allow":["GET"]}}],"collection":[{"href":"https:\/\/wspomozycielka-lodz.pl\/index.php?rest_route=\/wp\/v2\/posts"}],"about":[{"href":"https:\/\/wspomozycielka-lodz.pl\/index.php?rest_route=\/wp\/v2\/types\/post"}],"author":[{"embeddable":true,"href":"https:\/\/wspomozycielka-lodz.pl\/index.php?rest_route=\/wp\/v2\/users\/2"}],"replies":[{"embeddable":true,"href":"https:\/\/wspomozycielka-lodz.pl\/index.php?rest_route=%2Fwp%2Fv2%2Fcomments&post=449"}],"version-history":[{"count":1,"href":"https:\/\/wspomozycielka-lodz.pl\/index.php?rest_route=\/wp\/v2\/posts\/449\/revisions"}],"predecessor-version":[{"id":450,"href":"https:\/\/wspomozycielka-lodz.pl\/index.php?rest_route=\/wp\/v2\/posts\/449\/revisions\/450"}],"wp:featuredmedia":[{"embeddable":true,"href":"https:\/\/wspomozycielka-lodz.pl\/index.php?rest_route=\/wp\/v2\/media\/320"}],"wp:attachment":[{"href":"https:\/\/wspomozycielka-lodz.pl\/index.php?rest_route=%2Fwp%2Fv2%2Fmedia&parent=449"}],"wp:term":[{"taxonomy":"category","embeddable":true,"href":"https:\/\/wspomozycielka-lodz.pl\/index.php?rest_route=%2Fwp%2Fv2%2Fcategories&post=449"},{"taxonomy":"post_tag","embeddable":true,"href":"https:\/\/wspomozycielka-lodz.pl\/index.php?rest_route=%2Fwp%2Fv2%2Ftags&post=449"}],"curies":[{"name":"wp","href":"https:\/\/api.w.org\/{rel}","templated":true}]}}