{"id":447,"date":"2021-08-08T17:25:47","date_gmt":"2021-08-08T15:25:47","guid":{"rendered":"https:\/\/wspomozycielka-lodz.pl\/?p=447"},"modified":"2021-08-08T22:20:08","modified_gmt":"2021-08-08T20:20:08","slug":"intencje-mszalne-1-7-08-2021-r","status":"publish","type":"post","link":"https:\/\/wspomozycielka-lodz.pl\/?p=447","title":{"rendered":"INTENCJE MSZALNE                        (1-7.08.2021)"},"content":{"rendered":"\n<p><\/p>\n\n\n\n<p><strong>Niedziela<\/strong><\/p>\n\n\n\n<p>8.30&nbsp;&nbsp; W intencji przeb\u0142agalnej za grzechy Joanny, jej rodziny, krewnych i wszystkich przodk\u00f3w (28)<\/p>\n\n\n\n<p>10.00&nbsp; + Marcin Podg\u00f3rski, gr. 1<\/p>\n\n\n\n<p>10.00&nbsp; + Jacek J\u0119drzejewski<\/p>\n\n\n\n<p>11.30&nbsp; W intencji Andrzeja w 7 rocznic\u0119 urodzin<\/p>\n\n\n\n<p>11.30&nbsp; W intencji Szymona w 2 rocznic\u0119 urodzin<\/p>\n\n\n\n<p>11.30&nbsp; + Mariola Marek<\/p>\n\n\n\n<p>18.00&nbsp; Za parafian<\/p>\n\n\n\n<p><strong>Poniedzia\u0142ek<\/strong><\/p>\n\n\n\n<p>7.30&nbsp;&nbsp; + Marzena Sieja, gr. 2<\/p>\n\n\n\n<p>18.00&nbsp; W intencji przeb\u0142agalnej za grzechy Joanny, jej rodziny, krewnych i wszystkich przodk\u00f3w (29)<\/p>\n\n\n\n<p>18.00&nbsp; + Marcin Podg\u00f3rski, gr. 2<\/p>\n\n\n\n<p>18.00&nbsp; + Jerzy (38 rocz. \u015bm.)<\/p>\n\n\n\n<p><strong>Wtorek<\/strong><\/p>\n\n\n\n<p>7.30&nbsp;&nbsp; + Wac\u0142aw i Wac\u0142awa (f) Sanik<\/p>\n\n\n\n<p>18.00&nbsp; Za zmar\u0142ych polecanych w wypominkach<\/p>\n\n\n\n<p>18.00&nbsp; W intencji przeb\u0142agalnej za grzechy Joanny, jej rodziny, krewnych i wszystkich przodk\u00f3w (30)<\/p>\n\n\n\n<p>18.00&nbsp; + Marcin Podg\u00f3rski, gr. 3<\/p>\n\n\n\n<p><strong>\u015aroda<\/strong><\/p>\n\n\n\n<p>7.30&nbsp;&nbsp; + Marzena Sieja, gr. 4<\/p>\n\n\n\n<p>18.00&nbsp; W intencji przeb\u0142agalnej za grzechy Joanny, jej rodziny, krewnych i wszystkich przodk\u00f3w (1)<\/p>\n\n\n\n<p>18.00&nbsp; + Marcin Podg\u00f3rski, gr. 4<\/p>\n\n\n\n<p>18.00&nbsp; + Zbigniew Stolarczyk (4 rocz. \u015bm.), Zuzanna Stolarczyk (17 rocz. \u015bm.)<\/p>\n\n\n\n<p><strong>Czwartek<\/strong><\/p>\n\n\n\n<p>7.30&nbsp;&nbsp; + Marzena Sieja, gr. 5<\/p>\n\n\n\n<p>18.00&nbsp; Dzi\u0119kczynno-b\u0142agalna w int. Iwony i Paw\u0142a w 43 rocznic\u0119 \u015blubu<\/p>\n\n\n\n<p>18.00&nbsp; W intencji przeb\u0142agalnej za grzechy Joanny, jej rodziny, krewnych i wszystkich przodk\u00f3w (2)<\/p>\n\n\n\n<p>18.00&nbsp; + Marcin Podg\u00f3rski, gr. 5<\/p>\n\n\n\n<p><strong>Pi\u0105tek<\/strong><\/p>\n\n\n\n<p>7.30&nbsp;&nbsp; Dzi\u0119kczynno-b\u0142agalna do Naj\u015bwi\u0119tszego Serca Pana Jezusa<\/p>\n\n\n\n<p>18.00&nbsp; O wzrost duchowy i liczebny cz\u0142onk\u00f3w Stra\u017cy Honorowej NSJ oraz o zdrowie i potrzebne \u0142aski dla ksi\u0119dza opiekuna<\/p>\n\n\n\n<p>18.00&nbsp; W intencji przeb\u0142agalnej za grzechy Joanny, jej rodziny, krewnych i wszystkich przodk\u00f3w (3)<\/p>\n\n\n\n<p>18.00&nbsp; O uwolnienie Krystyny i Tomasza od przekle\u0144stw rzuconych na nich oraz uwolnienie od wszelkiego z\u0142a<\/p>\n\n\n\n<p>18.00&nbsp; + Marcin Podg\u00f3rski, gr. 6<\/p>\n\n\n\n<p><strong>Sobota<\/strong><\/p>\n\n\n\n<p>7.30&nbsp;&nbsp; W intencji przeb\u0142agalnej za grzechy Joanny, jej rodziny, krewnych i wszystkich przodk\u00f3w (4)<\/p>\n\n\n\n<p>7.30&nbsp;&nbsp; W intencji zawierzenia rodziny Bogu za przyczyn\u0105 Matki Bo\u017cej<\/p>\n\n\n\n<p>18.00&nbsp; Wynagradzaj\u0105ca Niepokalanemu Sercu Maryi za grzechy rodziny i o dalsz\u0105 opiek\u0119 Matki Bo\u017cej<\/p>\n\n\n\n<p>18.00&nbsp; + Marcin Podg\u00f3rski, gr. 7<\/p>\n","protected":false},"excerpt":{"rendered":"<p>Niedziela 8.30&nbsp;&nbsp; W intencji przeb\u0142agalnej za grzechy Joanny, jej rodziny, krewnych i wszystkich przodk\u00f3w (28) 10.00&nbsp; + Marcin Podg\u00f3rski, gr. 1 10.00&nbsp; + Jacek J\u0119drzejewski 11.30&nbsp; W intencji Andrzeja w 7 rocznic\u0119 urodzin 11.30&nbsp; W intencji Szymona w 2 rocznic\u0119 urodzin 11.30&nbsp; + Mariola Marek 18.00&nbsp; Za parafian Poniedzia\u0142ek 7.30&nbsp;&nbsp; [&hellip;]<\/p>\n","protected":false},"author":2,"featured_media":321,"comment_status":"open","ping_status":"open","sticky":false,"template":"","format":"standard","meta":{"footnotes":""},"categories":[2],"tags":[],"class_list":["post-447","post","type-post","status-publish","format-standard","has-post-thumbnail","hentry","category-aktualnosci"],"_links":{"self":[{"href":"https:\/\/wspomozycielka-lodz.pl\/index.php?rest_route=\/wp\/v2\/posts\/447","targetHints":{"allow":["GET"]}}],"collection":[{"href":"https:\/\/wspomozycielka-lodz.pl\/index.php?rest_route=\/wp\/v2\/posts"}],"about":[{"href":"https:\/\/wspomozycielka-lodz.pl\/index.php?rest_route=\/wp\/v2\/types\/post"}],"author":[{"embeddable":true,"href":"https:\/\/wspomozycielka-lodz.pl\/index.php?rest_route=\/wp\/v2\/users\/2"}],"replies":[{"embeddable":true,"href":"https:\/\/wspomozycielka-lodz.pl\/index.php?rest_route=%2Fwp%2Fv2%2Fcomments&post=447"}],"version-history":[{"count":2,"href":"https:\/\/wspomozycielka-lodz.pl\/index.php?rest_route=\/wp\/v2\/posts\/447\/revisions"}],"predecessor-version":[{"id":454,"href":"https:\/\/wspomozycielka-lodz.pl\/index.php?rest_route=\/wp\/v2\/posts\/447\/revisions\/454"}],"wp:featuredmedia":[{"embeddable":true,"href":"https:\/\/wspomozycielka-lodz.pl\/index.php?rest_route=\/wp\/v2\/media\/321"}],"wp:attachment":[{"href":"https:\/\/wspomozycielka-lodz.pl\/index.php?rest_route=%2Fwp%2Fv2%2Fmedia&parent=447"}],"wp:term":[{"taxonomy":"category","embeddable":true,"href":"https:\/\/wspomozycielka-lodz.pl\/index.php?rest_route=%2Fwp%2Fv2%2Fcategories&post=447"},{"taxonomy":"post_tag","embeddable":true,"href":"https:\/\/wspomozycielka-lodz.pl\/index.php?rest_route=%2Fwp%2Fv2%2Ftags&post=447"}],"curies":[{"name":"wp","href":"https:\/\/api.w.org\/{rel}","templated":true}]}}