{"id":445,"date":"2021-08-08T17:24:00","date_gmt":"2021-08-08T15:24:00","guid":{"rendered":"https:\/\/wspomozycielka-lodz.pl\/?p=445"},"modified":"2021-08-08T22:21:16","modified_gmt":"2021-08-08T20:21:16","slug":"ogloszenia-duszpasterskie-1-08-2021-r","status":"publish","type":"post","link":"https:\/\/wspomozycielka-lodz.pl\/?p=445","title":{"rendered":"OG\u0141OSZENIA DUSZPASTERSKIE (1.08.2021 r.)"},"content":{"rendered":"\n<p><\/p>\n\n\n\n<p>1. Zgodnie z zapowiedzi\u0105 Ksi\u0119dza Arcybiskupa, dzi\u015b we wszystkich ko\u015bcio\u0142ach i kaplicach archidiecezji \u0142\u00f3dzkiej przeprowadzana jest zbi\u00f3rka do puszek na pomoc dla chrze\u015bcijan Libanu. <\/p>\n\n\n\n<p>2. W tym tygodniu wyj\u0105tkowo kancelaria parafialna b\u0119dzie czynna we wtorek i pi\u0105tek (zamiast czwartku).<\/p>\n","protected":false},"excerpt":{"rendered":"<p>1. Zgodnie z zapowiedzi\u0105 Ksi\u0119dza Arcybiskupa, dzi\u015b we wszystkich ko\u015bcio\u0142ach i kaplicach archidiecezji \u0142\u00f3dzkiej przeprowadzana jest zbi\u00f3rka do puszek na pomoc dla chrze\u015bcijan Libanu. 2. W tym tygodniu wyj\u0105tkowo kancelaria parafialna b\u0119dzie czynna we wtorek i pi\u0105tek (zamiast czwartku).<\/p>\n","protected":false},"author":2,"featured_media":320,"comment_status":"open","ping_status":"open","sticky":false,"template":"","format":"standard","meta":{"footnotes":""},"categories":[2],"tags":[],"class_list":["post-445","post","type-post","status-publish","format-standard","has-post-thumbnail","hentry","category-aktualnosci"],"_links":{"self":[{"href":"https:\/\/wspomozycielka-lodz.pl\/index.php?rest_route=\/wp\/v2\/posts\/445","targetHints":{"allow":["GET"]}}],"collection":[{"href":"https:\/\/wspomozycielka-lodz.pl\/index.php?rest_route=\/wp\/v2\/posts"}],"about":[{"href":"https:\/\/wspomozycielka-lodz.pl\/index.php?rest_route=\/wp\/v2\/types\/post"}],"author":[{"embeddable":true,"href":"https:\/\/wspomozycielka-lodz.pl\/index.php?rest_route=\/wp\/v2\/users\/2"}],"replies":[{"embeddable":true,"href":"https:\/\/wspomozycielka-lodz.pl\/index.php?rest_route=%2Fwp%2Fv2%2Fcomments&post=445"}],"version-history":[{"count":1,"href":"https:\/\/wspomozycielka-lodz.pl\/index.php?rest_route=\/wp\/v2\/posts\/445\/revisions"}],"predecessor-version":[{"id":446,"href":"https:\/\/wspomozycielka-lodz.pl\/index.php?rest_route=\/wp\/v2\/posts\/445\/revisions\/446"}],"wp:featuredmedia":[{"embeddable":true,"href":"https:\/\/wspomozycielka-lodz.pl\/index.php?rest_route=\/wp\/v2\/media\/320"}],"wp:attachment":[{"href":"https:\/\/wspomozycielka-lodz.pl\/index.php?rest_route=%2Fwp%2Fv2%2Fmedia&parent=445"}],"wp:term":[{"taxonomy":"category","embeddable":true,"href":"https:\/\/wspomozycielka-lodz.pl\/index.php?rest_route=%2Fwp%2Fv2%2Fcategories&post=445"},{"taxonomy":"post_tag","embeddable":true,"href":"https:\/\/wspomozycielka-lodz.pl\/index.php?rest_route=%2Fwp%2Fv2%2Ftags&post=445"}],"curies":[{"name":"wp","href":"https:\/\/api.w.org\/{rel}","templated":true}]}}