{"id":429,"date":"2021-07-25T19:18:14","date_gmt":"2021-07-25T17:18:14","guid":{"rendered":"https:\/\/wspomozycielka-lodz.pl\/?p=429"},"modified":"2021-07-25T19:18:15","modified_gmt":"2021-07-25T17:18:15","slug":"ogloszenia-duszpasterskie-25-07-2021-r","status":"publish","type":"post","link":"https:\/\/wspomozycielka-lodz.pl\/?p=429","title":{"rendered":"OG\u0141OSZENIA DUSZPASTERSKIE (25.07.2021 r)"},"content":{"rendered":"\n<p>1. W tym roku opuszcza nasz\u0105 salezja\u0144sk\u0105 wsp\u00f3lnot\u0119 kl. Bwalya, kt\u00f3ry pochodzi z Zambii. Na pewno zd\u0105\u017cyli\u015bmy si\u0119 ju\u017c przyzwyczai\u0107 do jego obecno\u015bci, szczeg\u00f3lnie dzieci w Oratorium. Bwalya od sierpnia b\u0119dzie pracowa\u0142 w bursie salezja\u0144skiej dla m\u0142odzie\u017cy w Warszawie. Dzi\u0119kuj\u0119 mu za wszelkie dobro i \u017cycz\u0119 Bo\u017cego b\u0142ogos\u0142awie\u0144stwa na dalsz\u0105 prac\u0119 salezja\u0144sk\u0105.<\/p>\n\n\n\n<p>2. Dzi\u015b we wszystkich ko\u015bcio\u0142ach i kaplicach archidiecezji \u0142\u00f3dzkiej przeprowadzana jest zbi\u00f3rka do puszek na wsparcie dzia\u0142alno\u015bci charytatywnej Caritas Archidiecezji \u0141\u00f3dzkiej.<\/p>\n\n\n\n<p>3. Z naszej wsp\u00f3lnoty parafialnej do wieczno\u015bci odesz\u0142a: Krystyna Bartczak, lat 53. <em>Wieczny odpoczynek racz jej da\u0107, Panie<\/em>&#8230;<\/p>\n","protected":false},"excerpt":{"rendered":"<p>1. W tym roku opuszcza nasz\u0105 salezja\u0144sk\u0105 wsp\u00f3lnot\u0119 kl. Bwalya, kt\u00f3ry pochodzi z Zambii. Na pewno zd\u0105\u017cyli\u015bmy si\u0119 ju\u017c przyzwyczai\u0107 do jego obecno\u015bci, szczeg\u00f3lnie dzieci w Oratorium. Bwalya od sierpnia b\u0119dzie pracowa\u0142 w bursie salezja\u0144skiej dla m\u0142odzie\u017cy w Warszawie. Dzi\u0119kuj\u0119 mu za wszelkie dobro i \u017cycz\u0119 Bo\u017cego b\u0142ogos\u0142awie\u0144stwa na dalsz\u0105 [&hellip;]<\/p>\n","protected":false},"author":1,"featured_media":320,"comment_status":"open","ping_status":"open","sticky":false,"template":"","format":"standard","meta":{"footnotes":""},"categories":[2],"tags":[],"class_list":["post-429","post","type-post","status-publish","format-standard","has-post-thumbnail","hentry","category-aktualnosci"],"_links":{"self":[{"href":"https:\/\/wspomozycielka-lodz.pl\/index.php?rest_route=\/wp\/v2\/posts\/429","targetHints":{"allow":["GET"]}}],"collection":[{"href":"https:\/\/wspomozycielka-lodz.pl\/index.php?rest_route=\/wp\/v2\/posts"}],"about":[{"href":"https:\/\/wspomozycielka-lodz.pl\/index.php?rest_route=\/wp\/v2\/types\/post"}],"author":[{"embeddable":true,"href":"https:\/\/wspomozycielka-lodz.pl\/index.php?rest_route=\/wp\/v2\/users\/1"}],"replies":[{"embeddable":true,"href":"https:\/\/wspomozycielka-lodz.pl\/index.php?rest_route=%2Fwp%2Fv2%2Fcomments&post=429"}],"version-history":[{"count":1,"href":"https:\/\/wspomozycielka-lodz.pl\/index.php?rest_route=\/wp\/v2\/posts\/429\/revisions"}],"predecessor-version":[{"id":430,"href":"https:\/\/wspomozycielka-lodz.pl\/index.php?rest_route=\/wp\/v2\/posts\/429\/revisions\/430"}],"wp:featuredmedia":[{"embeddable":true,"href":"https:\/\/wspomozycielka-lodz.pl\/index.php?rest_route=\/wp\/v2\/media\/320"}],"wp:attachment":[{"href":"https:\/\/wspomozycielka-lodz.pl\/index.php?rest_route=%2Fwp%2Fv2%2Fmedia&parent=429"}],"wp:term":[{"taxonomy":"category","embeddable":true,"href":"https:\/\/wspomozycielka-lodz.pl\/index.php?rest_route=%2Fwp%2Fv2%2Fcategories&post=429"},{"taxonomy":"post_tag","embeddable":true,"href":"https:\/\/wspomozycielka-lodz.pl\/index.php?rest_route=%2Fwp%2Fv2%2Ftags&post=429"}],"curies":[{"name":"wp","href":"https:\/\/api.w.org\/{rel}","templated":true}]}}