{"id":396,"date":"2021-07-19T20:41:38","date_gmt":"2021-07-19T18:41:38","guid":{"rendered":"https:\/\/wspomozycielka-lodz.pl\/?p=396"},"modified":"2021-07-19T20:46:00","modified_gmt":"2021-07-19T18:46:00","slug":"szesnasta-niedziela-zwykla-18-07-2021","status":"publish","type":"post","link":"https:\/\/wspomozycielka-lodz.pl\/?p=396","title":{"rendered":"OG\u0141OSZENIA DUSZPASTERSKIE (18.07.2021)"},"content":{"rendered":"\n<p><\/p>\n\n\n\n<p>1. Komunikaty Kurii \u0141\u00f3dzkiej:<\/p>\n\n\n\n<ul class=\"wp-block-list\"><li>Zapraszamy do udzia\u0142u w pieszych pielgrzymkach, kt\u00f3re wyrusz\u0105 z wielu miejsc naszej archidiecezji na Jasn\u0105 G\u00f3r\u0119. Has\u0142o tegorocznego pielgrzymowania brzmi: <em>Jezus Nadziej\u0105 Ko\u015bcio\u0142a \u0141\u00f3dzkiego<\/em>. 96. \u0141\u00f3dzka Piesza Pielgrzymka na Jasn\u0105 G\u00f3r\u0119 wyruszy 21 sierpnia z Sanktuarium MB Zwyci\u0119skiej. W pielgrzymce mo\u017ce wzi\u0105\u0107 udzia\u0142 300 pielgrzym\u00f3w niezaszczepionych oraz bez limitu osoby zaszczepione pe\u0142nym cyklem szczepie\u0144 przeciwko COVID-19. Zapisy odb\u0119d\u0105 si\u0119 w dniach od 16 do 20 sierpnia w godz. od 10.00 do 12.00 oraz od 17.00 do 20.00 w dolnym ko\u015bciele parafii p.w. MB Zwyci\u0119skiej w \u0141odzi. Ze wzgl\u0119du na weryfikacj\u0119 szczepie\u0144, w tym roku zapisy odb\u0119d\u0105 si\u0119 tylko w jednym miejscu. W formie on-line b\u0119d\u0105 mog\u0142y zapisa\u0107 si\u0119 jedynie osoby, kt\u00f3re przesz\u0142y szczepienie. Szczeg\u00f3ln\u0105 form\u0105 pielgrzymowania b\u0119dzie pielgrzymowanie duchowe. Do tej grupy b\u0119dzie mo\u017cna zapisa\u0107 si\u0119 w ka\u017cdej parafii. Informujemy, \u017ce pielgrzymi mog\u0105 przyj\u0105\u0107 szczepionk\u0119 jednodawkow\u0105 \u2013 Johnson&amp;Johnson w niedziel\u0119 1 sierpnia w godz. od 10.00 do 18.00 w Centrum S\u0142u\u017cby Rodzinie (ul. Broniewskiego 1a). Szczepienia jednodawkowe s\u0105 dla os\u00f3b pe\u0142noletnich.<\/li><li>W ramach rekrutacji uzupe\u0142niaj\u0105cej do szk\u00f3\u0142 \u015brednich, salezjanie zapraszaj\u0105 absolwent\u00f3w klas \u00f3smych do podj\u0119cia nauki w Technikum Salezja\u0144skich Szk\u00f3\u0142 Rzemios\u0142 w \u0141odzi przy ul. Wodnej 34 w zawodach: technik mechatronik oraz technik informatyk. Nauka jest nieodp\u0142atna. Dla uczni\u00f3w spoza \u0141odzi mo\u017cliwe jest zakwaterowanie w bursie. Szczeg\u00f3\u0142owe informacje na stronie: www.szkolyrzemiosl.edu.pl oraz pod nr. tel.: 42 671 84 80.<\/li><\/ul>\n\n\n\n<p>2. W przysz\u0142\u0105 niedziel\u0119 za racji wspomnienia \u015bw. Krzysztofa po mszach \u015bwi\u0119tych pob\u0142ogos\u0142awimy pojazdy mechaniczne i b\u0119dziemy si\u0119 modli\u0107 o ich roztropne wykorzystywanie.&nbsp; Pojazdy prosimy ustawi\u0107 wzd\u0142u\u017c ul. Wodnej.<\/p>\n\n\n\n<p>3. Sk\u0142adam serdeczne podzi\u0119kowania za wszelkie ofiary, szczeg\u00f3lnie zwi\u0105zane z inwestycjami w naszej \u015bwi\u0105tyni parafialnej.<\/p>\n","protected":false},"excerpt":{"rendered":"<p>1. Komunikaty Kurii \u0141\u00f3dzkiej: Zapraszamy do udzia\u0142u w pieszych pielgrzymkach, kt\u00f3re wyrusz\u0105 z wielu miejsc naszej archidiecezji na Jasn\u0105 G\u00f3r\u0119. Has\u0142o tegorocznego pielgrzymowania brzmi: Jezus Nadziej\u0105 Ko\u015bcio\u0142a \u0141\u00f3dzkiego. 96. \u0141\u00f3dzka Piesza Pielgrzymka na Jasn\u0105 G\u00f3r\u0119 wyruszy 21 sierpnia z Sanktuarium MB Zwyci\u0119skiej. W pielgrzymce mo\u017ce wzi\u0105\u0107 udzia\u0142 300 pielgrzym\u00f3w niezaszczepionych [&hellip;]<\/p>\n","protected":false},"author":2,"featured_media":321,"comment_status":"open","ping_status":"open","sticky":false,"template":"","format":"standard","meta":{"footnotes":""},"categories":[2],"tags":[],"class_list":["post-396","post","type-post","status-publish","format-standard","has-post-thumbnail","hentry","category-aktualnosci"],"_links":{"self":[{"href":"https:\/\/wspomozycielka-lodz.pl\/index.php?rest_route=\/wp\/v2\/posts\/396","targetHints":{"allow":["GET"]}}],"collection":[{"href":"https:\/\/wspomozycielka-lodz.pl\/index.php?rest_route=\/wp\/v2\/posts"}],"about":[{"href":"https:\/\/wspomozycielka-lodz.pl\/index.php?rest_route=\/wp\/v2\/types\/post"}],"author":[{"embeddable":true,"href":"https:\/\/wspomozycielka-lodz.pl\/index.php?rest_route=\/wp\/v2\/users\/2"}],"replies":[{"embeddable":true,"href":"https:\/\/wspomozycielka-lodz.pl\/index.php?rest_route=%2Fwp%2Fv2%2Fcomments&post=396"}],"version-history":[{"count":2,"href":"https:\/\/wspomozycielka-lodz.pl\/index.php?rest_route=\/wp\/v2\/posts\/396\/revisions"}],"predecessor-version":[{"id":398,"href":"https:\/\/wspomozycielka-lodz.pl\/index.php?rest_route=\/wp\/v2\/posts\/396\/revisions\/398"}],"wp:featuredmedia":[{"embeddable":true,"href":"https:\/\/wspomozycielka-lodz.pl\/index.php?rest_route=\/wp\/v2\/media\/321"}],"wp:attachment":[{"href":"https:\/\/wspomozycielka-lodz.pl\/index.php?rest_route=%2Fwp%2Fv2%2Fmedia&parent=396"}],"wp:term":[{"taxonomy":"category","embeddable":true,"href":"https:\/\/wspomozycielka-lodz.pl\/index.php?rest_route=%2Fwp%2Fv2%2Fcategories&post=396"},{"taxonomy":"post_tag","embeddable":true,"href":"https:\/\/wspomozycielka-lodz.pl\/index.php?rest_route=%2Fwp%2Fv2%2Ftags&post=396"}],"curies":[{"name":"wp","href":"https:\/\/api.w.org\/{rel}","templated":true}]}}