{"id":394,"date":"2021-07-19T20:40:12","date_gmt":"2021-07-19T18:40:12","guid":{"rendered":"https:\/\/wspomozycielka-lodz.pl\/?p=394"},"modified":"2021-07-19T20:40:13","modified_gmt":"2021-07-19T18:40:13","slug":"intencje-mszalne-18-24-07-2021","status":"publish","type":"post","link":"https:\/\/wspomozycielka-lodz.pl\/?p=394","title":{"rendered":"INTENCJE MSZALNE (18-24.07.2021)"},"content":{"rendered":"\n<p><\/p>\n\n\n\n<p><strong>Niedziela<\/strong><\/p>\n\n\n\n<p>8.30&nbsp;&nbsp;&nbsp; W intencji przeb\u0142agalnej za grzechy Joanny, jej rodziny, krewnych i wszystkich przodk\u00f3w (14)<\/p>\n\n\n\n<p>8.30&nbsp;&nbsp;&nbsp; + Wac\u0142aw i Wac\u0142awa (f) Sanik<\/p>\n\n\n\n<p>10.00&nbsp; Za parafian<\/p>\n\n\n\n<p>10.00&nbsp; + Teresa Biesik, gr. 18<\/p>\n\n\n\n<p>10.00&nbsp; + Stefan Bugajski, gr. 18<\/p>\n\n\n\n<p>11.30&nbsp; W intencji Mariusza i Darii w 2 rocznic\u0119 \u015blubu<\/p>\n\n\n\n<p>11.30&nbsp; O Bo\u017ce b\u0142ogos\u0142awie\u0144stwo dla Rafa\u0142a w 16 rocznic\u0119 urodzin oraz dla Micha\u0142ka w 5 rocznic\u0119 urodzin<\/p>\n\n\n\n<p>11.30&nbsp; + Zofia Nowakowska (2 rocz. \u015bm.)<\/p>\n\n\n\n<p>11.30&nbsp; + Teresa-Karolina Ku\u0107min<\/p>\n\n\n\n<p>18.00&nbsp; + Mariola Marek, gr. 18<\/p>\n\n\n\n<p><strong>Poniedzia\u0142ek<\/strong><\/p>\n\n\n\n<p>7.30&nbsp;&nbsp;&nbsp; + Teresa Biesik, gr. 19<\/p>\n\n\n\n<p>7.30&nbsp;&nbsp;&nbsp; + Stefan Bugajski, gr. 19<\/p>\n\n\n\n<p>18.00&nbsp; W intencji przeb\u0142agalnej za grzechy Joanny, jej rodziny, krewnych i wszystkich przodk\u00f3w (15)<\/p>\n\n\n\n<p>18.00&nbsp; + Mariola Marek, gr. 19<\/p>\n\n\n\n<p><strong>Wtorek<\/strong><\/p>\n\n\n\n<p>7.30&nbsp;&nbsp;&nbsp; Za zmar\u0142ych rodzic\u00f3w, rodze\u0144stwo oraz zmar\u0142ych z obydwu stron<\/p>\n\n\n\n<p>7.30&nbsp;&nbsp;&nbsp; + Teresa Biesik, gr. 20<\/p>\n\n\n\n<p>7.30&nbsp;&nbsp;&nbsp; + Stefan Bugajski, gr. 20<\/p>\n\n\n\n<p>18.00&nbsp; W intencji przeb\u0142agalnej za grzechy Joanny, jej rodziny, krewnych i wszystkich przodk\u00f3w (16)<\/p>\n\n\n\n<p>18.00&nbsp; + Wanda (11 rocz. \u015bm.)<\/p>\n\n\n\n<p>18.00&nbsp; + Mariola Marek, gr. 20<\/p>\n\n\n\n<p><strong>\u015aroda<\/strong><\/p>\n\n\n\n<p>7.30&nbsp;&nbsp;&nbsp; Za rodzin\u0119 Oryszewskich w intencji Bogu wiadomej<\/p>\n\n\n\n<p>7.30&nbsp;&nbsp;&nbsp; + Teresa Biesik, gr. 21<\/p>\n\n\n\n<p>7.30&nbsp;&nbsp;&nbsp; + Stefan Bugajski, gr. 21<\/p>\n\n\n\n<p>18.00&nbsp; W intencji przeb\u0142agalnej za grzechy Joanny, jej rodziny, krewnych i wszystkich przodk\u00f3w (17)<\/p>\n\n\n\n<p>18.00&nbsp; + Mariola Marek, gr. 21<\/p>\n\n\n\n<p><strong>Czwartek<\/strong><\/p>\n\n\n\n<p>7.30&nbsp;&nbsp;&nbsp; + Teresa Biesik, gr. 22<\/p>\n\n\n\n<p>7.30&nbsp;&nbsp;&nbsp; + Stefan Bugajski, gr. 22<\/p>\n\n\n\n<p>18.00&nbsp; W intencji przeb\u0142agalnej za grzechy Joanny, jej rodziny, krewnych i wszystkich przodk\u00f3w (18)<\/p>\n\n\n\n<p>18.00&nbsp; + Mariola Marek, gr. 22<\/p>\n\n\n\n<p><strong>Pi\u0105tek<\/strong><\/p>\n\n\n\n<p>7.30&nbsp;&nbsp;&nbsp; + Teresa Biesik, gr. 23<\/p>\n\n\n\n<p>7.30&nbsp;&nbsp;&nbsp; + Stefan Bugajski, gr. 23<\/p>\n\n\n\n<p>18.00&nbsp; W intencji przeb\u0142agalnej za grzechy Joanny, jej rodziny, krewnych i wszystkich przodk\u00f3w (19)<\/p>\n\n\n\n<p>18.00&nbsp; + Mariola Marek, gr. 23<\/p>\n\n\n\n<p><strong>Sobota<\/strong><\/p>\n\n\n\n<p>7.30&nbsp;&nbsp;&nbsp; W intencji przeb\u0142agalnej za grzechy Joanny, jej rodziny, krewnych i wszystkich przodk\u00f3w (20)<\/p>\n\n\n\n<p>7.30&nbsp;&nbsp;&nbsp; + Teresa Biesik, gr. 24<\/p>\n\n\n\n<p>7.30&nbsp;&nbsp;&nbsp; Za dusze w czy\u015b\u0107cu cierpi\u0105ce<\/p>\n\n\n\n<p>7.30&nbsp;&nbsp;&nbsp; + Stefan Bugajski, gr. 24<\/p>\n\n\n\n<p>18.00&nbsp; O Bo\u017ce b\u0142ogos\u0142awie\u0144stwo, zdrowie, szcz\u0119\u015bcie, potrzebne \u0142aski dla Henryki, Stanis\u0142awa, Andrzeja Nasi\u0142owskich i babci Jadzi 18.00&nbsp; + Mariola Marek, gr. 24<\/p>\n\n\n\n<p><\/p>\n","protected":false},"excerpt":{"rendered":"<p>Niedziela 8.30&nbsp;&nbsp;&nbsp; W intencji przeb\u0142agalnej za grzechy Joanny, jej rodziny, krewnych i wszystkich przodk\u00f3w (14) 8.30&nbsp;&nbsp;&nbsp; + Wac\u0142aw i Wac\u0142awa (f) Sanik 10.00&nbsp; Za parafian 10.00&nbsp; + Teresa Biesik, gr. 18 10.00&nbsp; + Stefan Bugajski, gr. 18 11.30&nbsp; W intencji Mariusza i Darii w 2 rocznic\u0119 \u015blubu 11.30&nbsp; O Bo\u017ce [&hellip;]<\/p>\n","protected":false},"author":2,"featured_media":320,"comment_status":"closed","ping_status":"closed","sticky":false,"template":"","format":"standard","meta":{"footnotes":""},"categories":[2],"tags":[],"class_list":["post-394","post","type-post","status-publish","format-standard","has-post-thumbnail","hentry","category-aktualnosci"],"_links":{"self":[{"href":"https:\/\/wspomozycielka-lodz.pl\/index.php?rest_route=\/wp\/v2\/posts\/394","targetHints":{"allow":["GET"]}}],"collection":[{"href":"https:\/\/wspomozycielka-lodz.pl\/index.php?rest_route=\/wp\/v2\/posts"}],"about":[{"href":"https:\/\/wspomozycielka-lodz.pl\/index.php?rest_route=\/wp\/v2\/types\/post"}],"author":[{"embeddable":true,"href":"https:\/\/wspomozycielka-lodz.pl\/index.php?rest_route=\/wp\/v2\/users\/2"}],"replies":[{"embeddable":true,"href":"https:\/\/wspomozycielka-lodz.pl\/index.php?rest_route=%2Fwp%2Fv2%2Fcomments&post=394"}],"version-history":[{"count":1,"href":"https:\/\/wspomozycielka-lodz.pl\/index.php?rest_route=\/wp\/v2\/posts\/394\/revisions"}],"predecessor-version":[{"id":395,"href":"https:\/\/wspomozycielka-lodz.pl\/index.php?rest_route=\/wp\/v2\/posts\/394\/revisions\/395"}],"wp:featuredmedia":[{"embeddable":true,"href":"https:\/\/wspomozycielka-lodz.pl\/index.php?rest_route=\/wp\/v2\/media\/320"}],"wp:attachment":[{"href":"https:\/\/wspomozycielka-lodz.pl\/index.php?rest_route=%2Fwp%2Fv2%2Fmedia&parent=394"}],"wp:term":[{"taxonomy":"category","embeddable":true,"href":"https:\/\/wspomozycielka-lodz.pl\/index.php?rest_route=%2Fwp%2Fv2%2Fcategories&post=394"},{"taxonomy":"post_tag","embeddable":true,"href":"https:\/\/wspomozycielka-lodz.pl\/index.php?rest_route=%2Fwp%2Fv2%2Ftags&post=394"}],"curies":[{"name":"wp","href":"https:\/\/api.w.org\/{rel}","templated":true}]}}