{"id":391,"date":"2021-07-16T21:19:51","date_gmt":"2021-07-16T19:19:51","guid":{"rendered":"https:\/\/wspomozycielka-lodz.pl\/?p=391"},"modified":"2021-07-16T21:22:42","modified_gmt":"2021-07-16T19:22:42","slug":"intencje-mszalne-3","status":"publish","type":"post","link":"https:\/\/wspomozycielka-lodz.pl\/?p=391","title":{"rendered":"INTENCJE MSZALNE (11-17.07.2021)"},"content":{"rendered":"\n<p><strong>Niedziela<\/strong><\/p>\n\n\n\n<p>8.30&nbsp;&nbsp;&nbsp; W intencji przeb\u0142agalnej za grzechy Joanny, jej rodziny, krewnych i wszystkich przodk\u00f3w (7)<\/p>\n\n\n\n<p>8.30&nbsp;&nbsp;&nbsp; Dzi\u0119kczynno-b\u0142agalna w intencji Micha\u0142a przez wstawiennictwo Matki Bo\u017cej i \u015bw. J\u00f3zefa z pro\u015bb\u0105 o Bo\u017ce b\u0142ogos\u0142awie\u0144stwo i wype\u0142nienie woli Bo\u017cej w \u017cyciu jego i rodziny (8)<\/p>\n\n\n\n<p>8.30&nbsp;&nbsp;&nbsp; + Teresa Biesik, gr. 11<\/p>\n\n\n\n<p>10.00&nbsp; + J\u00f3zefa (f) i J\u00f3zef Jele\u0144, Gra\u017cyna i Wojciech Stasiak<\/p>\n\n\n\n<p>10.00&nbsp; + Miros\u0142aw Michowiak w rocznic\u0119 \u015bmierci<\/p>\n\n\n\n<p>10.00&nbsp; Za parafian<\/p>\n\n\n\n<p>11.30&nbsp; + Urszula Czapelka przez r\u0119ce Matki Naj\u015bwi\u0119tszej o wieczne zbawienie<\/p>\n\n\n\n<p>11.30&nbsp; + Boles\u0142aw Chobot, Zofia i Adam G\u0142owaccy<\/p>\n\n\n\n<p>11.30&nbsp; + Stefan Bugajski, gr. 11<\/p>\n\n\n\n<p>18.00&nbsp; + Mariola Marek, gr. 11<\/p>\n\n\n\n<p><strong>Poniedzia\u0142ek<\/strong><\/p>\n\n\n\n<p>7.30&nbsp;&nbsp;&nbsp; Dzi\u0119kczynno-b\u0142agalna w intencji Micha\u0142a przez wstawiennictwo Matki Bo\u017cej i \u015bw. J\u00f3zefa z pro\u015bb\u0105 o Bo\u017ce b\u0142ogos\u0142awie\u0144stwo i wype\u0142nienie woli Bo\u017cej w \u017cyciu jego i rodziny (9)<\/p>\n\n\n\n<p>7.30&nbsp;&nbsp;&nbsp; + Teresa Biesik, gr. 12<\/p>\n\n\n\n<p>7.30&nbsp;&nbsp;&nbsp; + Stefan Bugajski, gr. 12<\/p>\n\n\n\n<p>18.00&nbsp; W intencji przeb\u0142agalnej za grzechy Joanny, jej rodziny, krewnych i wszystkich przodk\u00f3w (8)<\/p>\n\n\n\n<p>18.00&nbsp; + Krzysztof Lewko<\/p>\n\n\n\n<p>18.00&nbsp; + Mariola Marek, gr. 12<\/p>\n\n\n\n<p><strong>Wtorek<\/strong><\/p>\n\n\n\n<p>7.30&nbsp;&nbsp;&nbsp; + Jadwiga Kamas<\/p>\n\n\n\n<p>7.30&nbsp;&nbsp;&nbsp; + Teresa Biesik, gr. 13<\/p>\n\n\n\n<p>7.30&nbsp;&nbsp;&nbsp; + Stefan Bugajski, gr. 13<\/p>\n\n\n\n<p>18.00&nbsp; W intencji przeb\u0142agalnej za grzechy Joanny, jej rodziny, krewnych i wszystkich przodk\u00f3w (9)<\/p>\n\n\n\n<p>18.00&nbsp; + Mariola Marek, gr. 13<\/p>\n\n\n\n<p>18.00&nbsp; + Krzysztof Lewko i dusze w czy\u015b\u0107cu cierpi\u0105ce<\/p>\n\n\n\n<p><strong>\u015aroda<\/strong><\/p>\n\n\n\n<p>7.30&nbsp;&nbsp;&nbsp; Za zmar\u0142ych rodzic\u00f3w, rodze\u0144stwo i zmar\u0142ych z obydwu stron<\/p>\n\n\n\n<p>7.30&nbsp;&nbsp;&nbsp; + Teresa Biesik, gr. 14<\/p>\n\n\n\n<p>7.30&nbsp;&nbsp;&nbsp; + Stefan Bugajski, gr. 14<\/p>\n\n\n\n<p>18.00&nbsp; W intencji przeb\u0142agalnej za grzechy Joanny, jej rodziny, krewnych i wszystkich przodk\u00f3w (10)<\/p>\n\n\n\n<p>18.00&nbsp; O powr\u00f3t do zdrowia dla Katarzyny<\/p>\n\n\n\n<p>18.00&nbsp; + Mariola Marek, gr. 14<\/p>\n\n\n\n<p><strong>Czwartek<\/strong><\/p>\n\n\n\n<p>7.30&nbsp;&nbsp;&nbsp; + Teresa Biesik, gr. 15<\/p>\n\n\n\n<p>7.30&nbsp;&nbsp;&nbsp; + Stefan Bugajski, gr. 15<\/p>\n\n\n\n<p>18.00&nbsp; W intencji przeb\u0142agalnej za grzechy Joanny, jej rodziny, krewnych i wszystkich przodk\u00f3w (11)<\/p>\n\n\n\n<p>18.00&nbsp; + Mariola Marek, gr. 15<\/p>\n\n\n\n<p>18.00&nbsp; + Czes\u0142awa (f)<\/p>\n\n\n\n<p><strong>Pi\u0105tek<\/strong><\/p>\n\n\n\n<p>7.30&nbsp;&nbsp;&nbsp; Za zmar\u0142ych rodzic\u00f3w, rodze\u0144stwo i zmar\u0142ych z obydwu stron<\/p>\n\n\n\n<p>7.30&nbsp;&nbsp;&nbsp; + Teresa Biesik, gr. 16<\/p>\n\n\n\n<p>7.30&nbsp;&nbsp;&nbsp; + Stefan Bugajski, gr. 16<\/p>\n\n\n\n<p>18.00&nbsp; W intencji przeb\u0142agalnej za grzechy Joanny, jej rodziny, krewnych i wszystkich przodk\u00f3w (12)<\/p>\n\n\n\n<p>18.00&nbsp; O Bo\u017ce b\u0142ogos\u0142awie\u0144stwo, zdrowie, dary Ducha \u015awi\u0119tego i opiek\u0119 Matki Bo\u017cej dla Antosia, Marysi, Agnieszki i Mariusza Niemirk\u00f3w oraz Henryka i Krystyny<\/p>\n\n\n\n<p>18.00&nbsp; + Mariola Marek, gr. 16<\/p>\n\n\n\n<p><strong>Sobota<\/strong><\/p>\n\n\n\n<p>7.30&nbsp;&nbsp;&nbsp; W intencji przeb\u0142agalnej za grzechy Joanny, jej rodziny, krewnych i wszystkich przodk\u00f3w (13)<\/p>\n\n\n\n<p>7.30&nbsp;&nbsp;&nbsp; Dzi\u0119kczynno-b\u0142agalna w intencji Paw\u0142a i jego rodziny<\/p>\n\n\n\n<p>7.30&nbsp;&nbsp;&nbsp; + Teresa Biesik, gr. 17<\/p>\n\n\n\n<p>7.30&nbsp;&nbsp;&nbsp; + Stefan Bugajski, gr. 17 18.00&nbsp; + Mariola Marek, gr. 17<\/p>\n","protected":false},"excerpt":{"rendered":"<p>Niedziela 8.30&nbsp;&nbsp;&nbsp; W intencji przeb\u0142agalnej za grzechy Joanny, jej rodziny, krewnych i wszystkich przodk\u00f3w (7) 8.30&nbsp;&nbsp;&nbsp; Dzi\u0119kczynno-b\u0142agalna w intencji Micha\u0142a przez wstawiennictwo Matki Bo\u017cej i \u015bw. J\u00f3zefa z pro\u015bb\u0105 o Bo\u017ce b\u0142ogos\u0142awie\u0144stwo i wype\u0142nienie woli Bo\u017cej w \u017cyciu jego i rodziny (8) 8.30&nbsp;&nbsp;&nbsp; + Teresa Biesik, gr. 11 10.00&nbsp; + [&hellip;]<\/p>\n","protected":false},"author":2,"featured_media":320,"comment_status":"open","ping_status":"open","sticky":false,"template":"","format":"standard","meta":{"footnotes":""},"categories":[2],"tags":[],"class_list":["post-391","post","type-post","status-publish","format-standard","has-post-thumbnail","hentry","category-aktualnosci"],"_links":{"self":[{"href":"https:\/\/wspomozycielka-lodz.pl\/index.php?rest_route=\/wp\/v2\/posts\/391","targetHints":{"allow":["GET"]}}],"collection":[{"href":"https:\/\/wspomozycielka-lodz.pl\/index.php?rest_route=\/wp\/v2\/posts"}],"about":[{"href":"https:\/\/wspomozycielka-lodz.pl\/index.php?rest_route=\/wp\/v2\/types\/post"}],"author":[{"embeddable":true,"href":"https:\/\/wspomozycielka-lodz.pl\/index.php?rest_route=\/wp\/v2\/users\/2"}],"replies":[{"embeddable":true,"href":"https:\/\/wspomozycielka-lodz.pl\/index.php?rest_route=%2Fwp%2Fv2%2Fcomments&post=391"}],"version-history":[{"count":2,"href":"https:\/\/wspomozycielka-lodz.pl\/index.php?rest_route=\/wp\/v2\/posts\/391\/revisions"}],"predecessor-version":[{"id":393,"href":"https:\/\/wspomozycielka-lodz.pl\/index.php?rest_route=\/wp\/v2\/posts\/391\/revisions\/393"}],"wp:featuredmedia":[{"embeddable":true,"href":"https:\/\/wspomozycielka-lodz.pl\/index.php?rest_route=\/wp\/v2\/media\/320"}],"wp:attachment":[{"href":"https:\/\/wspomozycielka-lodz.pl\/index.php?rest_route=%2Fwp%2Fv2%2Fmedia&parent=391"}],"wp:term":[{"taxonomy":"category","embeddable":true,"href":"https:\/\/wspomozycielka-lodz.pl\/index.php?rest_route=%2Fwp%2Fv2%2Fcategories&post=391"},{"taxonomy":"post_tag","embeddable":true,"href":"https:\/\/wspomozycielka-lodz.pl\/index.php?rest_route=%2Fwp%2Fv2%2Ftags&post=391"}],"curies":[{"name":"wp","href":"https:\/\/api.w.org\/{rel}","templated":true}]}}