{"id":386,"date":"2021-07-05T00:02:05","date_gmt":"2021-07-04T22:02:05","guid":{"rendered":"https:\/\/wspomozycielka-lodz.pl\/?p=386"},"modified":"2021-07-05T00:02:06","modified_gmt":"2021-07-04T22:02:06","slug":"intencje-mszalne-04-10-07-2021-r","status":"publish","type":"post","link":"https:\/\/wspomozycielka-lodz.pl\/?p=386","title":{"rendered":"INTENCJE MSZALNE (04-10.07.2021 r.)"},"content":{"rendered":"\n<p><strong>Niedziela<\/strong><\/p>\n\n\n\n<p>8.30&nbsp;&nbsp;&nbsp; W intencji przeb\u0142agalnej za grzechy Joanny, jej rodziny, krewnych i wszystkich przodk\u00f3w (30)<\/p>\n\n\n\n<p>8.30&nbsp;&nbsp;&nbsp; Dzi\u0119kczynno-b\u0142agalna w intencji Micha\u0142a przez wstawiennictwo Matki Bo\u017cej i \u015bw. J\u00f3zefa z pro\u015bb\u0105 o Bo\u017ce b\u0142ogos\u0142awie\u0144stwo i wype\u0142nienie woli Bo\u017cej w \u017cyciu jego i rodziny (1)<\/p>\n\n\n\n<p>8.30&nbsp;&nbsp;&nbsp; + Teresa Biesik, gr. 4<\/p>\n\n\n\n<p>8.30&nbsp;&nbsp;&nbsp; + Stefan Bugajski, gr. 4<\/p>\n\n\n\n<p>10.00&nbsp; + Danuta Chmielewska, Longin Chmielewski<\/p>\n\n\n\n<p>10.00&nbsp; + Pawe\u0142 Nowak o \u0142ask\u0119 nieba<\/p>\n\n\n\n<p>10.00&nbsp; + Tadeusz W\u0119glewski<\/p>\n\n\n\n<p>11.30&nbsp; W intencji Moniki w 4 rocznic\u0119 urodzin<\/p>\n\n\n\n<p>11.30&nbsp; + Mariola Marek<\/p>\n\n\n\n<p>11.30&nbsp; + Zenon Peak<\/p>\n\n\n\n<p>18.00&nbsp; + Mariola Marek, gr. 4<\/p>\n\n\n\n<p><strong>Poniedzia\u0142ek<\/strong><\/p>\n\n\n\n<p>7.30&nbsp;&nbsp;&nbsp; Dzi\u0119kczynno-b\u0142agalna w intencji Micha\u0142a przez wstawiennictwo Matki Bo\u017cej i \u015bw. J\u00f3zefa z pro\u015bb\u0105 o Bo\u017ce b\u0142ogos\u0142awie\u0144stwo i wype\u0142nienie woli Bo\u017cej w \u017cyciu jego i rodziny (2)<\/p>\n\n\n\n<p>7.30&nbsp;&nbsp;&nbsp; + Teresa Biesik, gr. 5<\/p>\n\n\n\n<p>7.30&nbsp;&nbsp;&nbsp; + Jadwiga Kamas<\/p>\n\n\n\n<p>7.30&nbsp;&nbsp;&nbsp; + Stefan Bugajski, gr. 5<\/p>\n\n\n\n<p>18.00&nbsp; W intencji przeb\u0142agalnej za grzechy Joanny, jej rodziny, krewnych i wszystkich przodk\u00f3w (1)<\/p>\n\n\n\n<p>18.00&nbsp; Dzi\u0119kczynna za szcz\u0119\u015bliw\u0105 operacj\u0119 Marka i o b\u0142ogos\u0142awie\u0144stwo w jego rodzinie<\/p>\n\n\n\n<p>18.00&nbsp; + Mariola Marek, gr. 5<\/p>\n\n\n\n<p><strong>Wtorek<\/strong><\/p>\n\n\n\n<p>7.30&nbsp;&nbsp;&nbsp; Dzi\u0119kczynno-b\u0142agalna w intencji Micha\u0142a przez wstawiennictwo Matki Bo\u017cej i \u015bw. J\u00f3zefa z pro\u015bb\u0105 o Bo\u017ce b\u0142ogos\u0142awie\u0144stwo i wype\u0142nienie woli Bo\u017cej w \u017cyciu jego i rodziny (3)<\/p>\n\n\n\n<p>7.30&nbsp;&nbsp;&nbsp; + Teresa Biesik, gr. 6<\/p>\n\n\n\n<p>7.30&nbsp;&nbsp;&nbsp; + Stefan Bugajski, gr. 6<\/p>\n\n\n\n<p>18.00&nbsp; W intencji przeb\u0142agalnej za grzechy Joanny, jej rodziny, krewnych i wszystkich przodk\u00f3w (2)<\/p>\n\n\n\n<p>18.00&nbsp; Za zmar\u0142ych polecanych w wypominkach<\/p>\n\n\n\n<p>18.00&nbsp; + Mariola Marek, gr. 6<\/p>\n\n\n\n<p><strong>\u015aroda<\/strong><\/p>\n\n\n\n<p>7.30&nbsp;&nbsp;&nbsp; Dzi\u0119kczynno-b\u0142agalna w intencji Micha\u0142a przez wstawiennictwo Matki Bo\u017cej i \u015bw. J\u00f3zefa z pro\u015bb\u0105 o Bo\u017ce b\u0142ogos\u0142awie\u0144stwo i wype\u0142nienie woli Bo\u017cej w \u017cyciu jego i rodziny (4)<\/p>\n\n\n\n<p>7.30&nbsp;&nbsp;&nbsp; + Teresa Biesik, gr. 7<\/p>\n\n\n\n<p>7.30&nbsp;&nbsp;&nbsp; + Bronis\u0142awa Gacia<\/p>\n\n\n\n<p>7.30&nbsp;&nbsp;&nbsp; + Stefan Bugajski, gr. 7<\/p>\n\n\n\n<p>18.00&nbsp; W intencji przeb\u0142agalnej za grzechy Joanny, jej rodziny, krewnych i wszystkich przodk\u00f3w (3)<\/p>\n\n\n\n<p>18.00&nbsp; + Mariola Marek, gr. 7<\/p>\n\n\n\n<p>18.00&nbsp; + Bogumi\u0142a Karpi\u0144ska<\/p>\n\n\n\n<p><strong>Czwartek<\/strong><\/p>\n\n\n\n<p>7.30&nbsp;&nbsp;&nbsp; Dzi\u0119kczynno-b\u0142agalna w intencji Micha\u0142a przez wstawiennictwo Matki Bo\u017cej i \u015bw. J\u00f3zefa z pro\u015bb\u0105 o Bo\u017ce b\u0142ogos\u0142awie\u0144stwo i wype\u0142nienie woli Bo\u017cej w \u017cyciu jego i rodziny (5)<\/p>\n\n\n\n<p>7.30&nbsp;&nbsp;&nbsp; + Teresa Biesik, gr. 8<\/p>\n\n\n\n<p>7.30&nbsp;&nbsp;&nbsp; + Stefan Bugajski, gr. 8<\/p>\n\n\n\n<p>18.00&nbsp; W intencji przeb\u0142agalnej za grzechy Joanny, jej rodziny, krewnych i wszystkich przodk\u00f3w (4)<\/p>\n\n\n\n<p>18.00&nbsp; + Mariola Marek, gr. 8<\/p>\n\n\n\n<p>18.00&nbsp; + J\u00f3zef Wr\u00f3bel, rodzice Marianna i Feliks, dusze w czy\u015b\u0107cu cierpi\u0105ce<\/p>\n\n\n\n<p><strong>Pi\u0105tek<\/strong><\/p>\n\n\n\n<p>7.30&nbsp;&nbsp;&nbsp; Dzi\u0119kczynno-b\u0142agalna w intencji Micha\u0142a przez wstawiennictwo Matki Bo\u017cej i \u015bw. J\u00f3zefa z pro\u015bb\u0105 o Bo\u017ce b\u0142ogos\u0142awie\u0144stwo i wype\u0142nienie woli Bo\u017cej w \u017cyciu jego i rodziny (6)<\/p>\n\n\n\n<p>7.30&nbsp;&nbsp;&nbsp; + Teresa Biesik, gr. 9<\/p>\n\n\n\n<p>7.30&nbsp;&nbsp;&nbsp; O intronizacj\u0119 Serca Jezusowego w rodzinach, w ojczy\u017anie i w ka\u017cdym sercu oraz o beatyfikacj\u0119 S\u0142u\u017cebnicy Bo\u017cej Rozalii Celak\u00f3wny<\/p>\n\n\n\n<p>7.30&nbsp;&nbsp;&nbsp; + Stefan Bugajski, gr. 9<\/p>\n\n\n\n<p>18.00&nbsp; W intencji przeb\u0142agalnej za grzechy Joanny, jej rodziny, krewnych i wszystkich przodk\u00f3w (5)<\/p>\n\n\n\n<p>18.00&nbsp; + Mariola Marek, gr. 9<\/p>\n\n\n\n<p><strong>Sobota<\/strong><\/p>\n\n\n\n<p>7.30&nbsp;&nbsp;&nbsp; Dzi\u0119kczynno-b\u0142agalna w intencji Micha\u0142a przez wstawiennictwo Matki Bo\u017cej i \u015bw. J\u00f3zefa z pro\u015bb\u0105 o Bo\u017ce b\u0142ogos\u0142awie\u0144stwo i wype\u0142nienie woli Bo\u017cej w \u017cyciu jego i rodziny (7)<\/p>\n\n\n\n<p>7.30&nbsp;&nbsp;&nbsp; W intencji przeb\u0142agalnej za grzechy Joanny, jej rodziny, krewnych i wszystkich przodk\u00f3w (6)<\/p>\n\n\n\n<p>7.30&nbsp;&nbsp;&nbsp; + Teresa Biesik, gr. 10<\/p>\n\n\n\n<p>7.30&nbsp;&nbsp;&nbsp; + Stefan Bugajski, gr. 10<\/p>\n\n\n\n<p>18.00&nbsp; + Mariola Marek, gr. 10<\/p>\n\n\n\n<p>18.00&nbsp; + Jaros\u0142aw J\u0119drasik (9 rocz. \u015bm.)<\/p>\n","protected":false},"excerpt":{"rendered":"<p>Niedziela 8.30&nbsp;&nbsp;&nbsp; W intencji przeb\u0142agalnej za grzechy Joanny, jej rodziny, krewnych i wszystkich przodk\u00f3w (30) 8.30&nbsp;&nbsp;&nbsp; Dzi\u0119kczynno-b\u0142agalna w intencji Micha\u0142a przez wstawiennictwo Matki Bo\u017cej i \u015bw. J\u00f3zefa z pro\u015bb\u0105 o Bo\u017ce b\u0142ogos\u0142awie\u0144stwo i wype\u0142nienie woli Bo\u017cej w \u017cyciu jego i rodziny (1) 8.30&nbsp;&nbsp;&nbsp; + Teresa Biesik, gr. 4 8.30&nbsp;&nbsp;&nbsp; + [&hellip;]<\/p>\n","protected":false},"author":1,"featured_media":320,"comment_status":"open","ping_status":"open","sticky":false,"template":"","format":"standard","meta":{"footnotes":""},"categories":[2],"tags":[],"class_list":["post-386","post","type-post","status-publish","format-standard","has-post-thumbnail","hentry","category-aktualnosci"],"_links":{"self":[{"href":"https:\/\/wspomozycielka-lodz.pl\/index.php?rest_route=\/wp\/v2\/posts\/386","targetHints":{"allow":["GET"]}}],"collection":[{"href":"https:\/\/wspomozycielka-lodz.pl\/index.php?rest_route=\/wp\/v2\/posts"}],"about":[{"href":"https:\/\/wspomozycielka-lodz.pl\/index.php?rest_route=\/wp\/v2\/types\/post"}],"author":[{"embeddable":true,"href":"https:\/\/wspomozycielka-lodz.pl\/index.php?rest_route=\/wp\/v2\/users\/1"}],"replies":[{"embeddable":true,"href":"https:\/\/wspomozycielka-lodz.pl\/index.php?rest_route=%2Fwp%2Fv2%2Fcomments&post=386"}],"version-history":[{"count":1,"href":"https:\/\/wspomozycielka-lodz.pl\/index.php?rest_route=\/wp\/v2\/posts\/386\/revisions"}],"predecessor-version":[{"id":387,"href":"https:\/\/wspomozycielka-lodz.pl\/index.php?rest_route=\/wp\/v2\/posts\/386\/revisions\/387"}],"wp:featuredmedia":[{"embeddable":true,"href":"https:\/\/wspomozycielka-lodz.pl\/index.php?rest_route=\/wp\/v2\/media\/320"}],"wp:attachment":[{"href":"https:\/\/wspomozycielka-lodz.pl\/index.php?rest_route=%2Fwp%2Fv2%2Fmedia&parent=386"}],"wp:term":[{"taxonomy":"category","embeddable":true,"href":"https:\/\/wspomozycielka-lodz.pl\/index.php?rest_route=%2Fwp%2Fv2%2Fcategories&post=386"},{"taxonomy":"post_tag","embeddable":true,"href":"https:\/\/wspomozycielka-lodz.pl\/index.php?rest_route=%2Fwp%2Fv2%2Ftags&post=386"}],"curies":[{"name":"wp","href":"https:\/\/api.w.org\/{rel}","templated":true}]}}