{"id":384,"date":"2021-07-05T00:01:11","date_gmt":"2021-07-04T22:01:11","guid":{"rendered":"https:\/\/wspomozycielka-lodz.pl\/?p=384"},"modified":"2021-07-05T00:01:12","modified_gmt":"2021-07-04T22:01:12","slug":"ogloszenia-duszpasterskie-04-07-2021-r","status":"publish","type":"post","link":"https:\/\/wspomozycielka-lodz.pl\/?p=384","title":{"rendered":"OG\u0141OSZENIA DUSZPASTERSKIE (04.07.2021 r.)"},"content":{"rendered":"\n<p>1. Przypominamy, \u017ce w okresie wakacyjnym kancelaria parafialna jest otwarta we wtorki i czwartki w godz. 10-11 i 16-17. W pilnych sprawach prosz\u0119 si\u0119 kontaktowa\u0107 telefonicznie lub przez portierni\u0119.<\/p>\n\n\n\n<p>2. Z naszej wsp\u00f3lnoty parafialnej do wieczno\u015bci odesz\u0142a: Bogumi\u0142a Karpi\u0144ska, lat 57. <em>Wieczny odpoczynek racz jej da\u0107, Panie<\/em>&#8230;.<\/p>\n","protected":false},"excerpt":{"rendered":"<p>1. Przypominamy, \u017ce w okresie wakacyjnym kancelaria parafialna jest otwarta we wtorki i czwartki w godz. 10-11 i 16-17. W pilnych sprawach prosz\u0119 si\u0119 kontaktowa\u0107 telefonicznie lub przez portierni\u0119. 2. Z naszej wsp\u00f3lnoty parafialnej do wieczno\u015bci odesz\u0142a: Bogumi\u0142a Karpi\u0144ska, lat 57. Wieczny odpoczynek racz jej da\u0107, Panie&#8230;.<\/p>\n","protected":false},"author":1,"featured_media":321,"comment_status":"open","ping_status":"open","sticky":false,"template":"","format":"standard","meta":{"footnotes":""},"categories":[2],"tags":[],"class_list":["post-384","post","type-post","status-publish","format-standard","has-post-thumbnail","hentry","category-aktualnosci"],"_links":{"self":[{"href":"https:\/\/wspomozycielka-lodz.pl\/index.php?rest_route=\/wp\/v2\/posts\/384","targetHints":{"allow":["GET"]}}],"collection":[{"href":"https:\/\/wspomozycielka-lodz.pl\/index.php?rest_route=\/wp\/v2\/posts"}],"about":[{"href":"https:\/\/wspomozycielka-lodz.pl\/index.php?rest_route=\/wp\/v2\/types\/post"}],"author":[{"embeddable":true,"href":"https:\/\/wspomozycielka-lodz.pl\/index.php?rest_route=\/wp\/v2\/users\/1"}],"replies":[{"embeddable":true,"href":"https:\/\/wspomozycielka-lodz.pl\/index.php?rest_route=%2Fwp%2Fv2%2Fcomments&post=384"}],"version-history":[{"count":1,"href":"https:\/\/wspomozycielka-lodz.pl\/index.php?rest_route=\/wp\/v2\/posts\/384\/revisions"}],"predecessor-version":[{"id":385,"href":"https:\/\/wspomozycielka-lodz.pl\/index.php?rest_route=\/wp\/v2\/posts\/384\/revisions\/385"}],"wp:featuredmedia":[{"embeddable":true,"href":"https:\/\/wspomozycielka-lodz.pl\/index.php?rest_route=\/wp\/v2\/media\/321"}],"wp:attachment":[{"href":"https:\/\/wspomozycielka-lodz.pl\/index.php?rest_route=%2Fwp%2Fv2%2Fmedia&parent=384"}],"wp:term":[{"taxonomy":"category","embeddable":true,"href":"https:\/\/wspomozycielka-lodz.pl\/index.php?rest_route=%2Fwp%2Fv2%2Fcategories&post=384"},{"taxonomy":"post_tag","embeddable":true,"href":"https:\/\/wspomozycielka-lodz.pl\/index.php?rest_route=%2Fwp%2Fv2%2Ftags&post=384"}],"curies":[{"name":"wp","href":"https:\/\/api.w.org\/{rel}","templated":true}]}}