{"id":381,"date":"2021-06-30T12:28:13","date_gmt":"2021-06-30T10:28:13","guid":{"rendered":"https:\/\/wspomozycielka-lodz.pl\/?p=381"},"modified":"2021-06-30T12:28:14","modified_gmt":"2021-06-30T10:28:14","slug":"ogloszenia-duszpasterskie-27-06-2021-r","status":"publish","type":"post","link":"https:\/\/wspomozycielka-lodz.pl\/?p=381","title":{"rendered":"OG\u0141OSZENIA DUSZPASTERSKIE (27.06.2021 r.)"},"content":{"rendered":"\n<p>1. Nabo\u017ce\u0144stwa czerwcowe ku czci Serca Jezusowego do \u015brody o godz. 17.30.<\/p>\n\n\n\n<p>2. We wtorek obchodzimy uroczysto\u015b\u0107 \u015awi\u0119tych Aposto\u0142\u00f3w Piotra i Paw\u0142a. W naszej wsp\u00f3lnocie salezja\u0144skiej swoje imieniny obchodz\u0105: ks. Piotr Szlufik, ks. Pawe\u0142 Szczepa\u0144ski i ks. Piotr Przesmycki. Na Mszy wieczornej b\u0119dziemy si\u0119 modli\u0107 za Solenizant\u00f3w.<\/p>\n\n\n\n<p>3. Rozpoczynaj\u0105 si\u0119 dni wakacyjne. Przez ten czas nie b\u0119dzie spotka\u0144 grup parafialnych, nowenn i czwartkowych adoracji. Powr\u00f3cimy do tych praktyk po wakacjach. R\u00f3wnie\u017c od przysz\u0142ego tygodnia kancelaria parafialna b\u0119dzie funkcjonowa\u0107 w trybie wakacyjnym, czyli b\u0119dzie otwarta we wtorki i czwartki w godz. 10-11 i 16-17. W pilnych sprawach prosz\u0119 si\u0119 kontaktowa\u0107 telefonicznie lub przez portierni\u0119.<\/p>\n\n\n\n<p>4. Serdecznie dzi\u0119kuj\u0119 ks. Tadeuszowi Furdynie za ozdobienie balkon\u00f3w ko\u015bcio\u0142a scenami ewangelicznymi.<\/p>\n\n\n\n<p>5. Z naszej wsp\u00f3lnoty parafialnej do wieczno\u015bci odesz\u0142a: Helena Janeczek, lat 100. <em>Wieczny odpoczynek racz jej da\u0107, Panie<\/em>&#8230;.<\/p>\n","protected":false},"excerpt":{"rendered":"<p>1. Nabo\u017ce\u0144stwa czerwcowe ku czci Serca Jezusowego do \u015brody o godz. 17.30. 2. We wtorek obchodzimy uroczysto\u015b\u0107 \u015awi\u0119tych Aposto\u0142\u00f3w Piotra i Paw\u0142a. W naszej wsp\u00f3lnocie salezja\u0144skiej swoje imieniny obchodz\u0105: ks. Piotr Szlufik, ks. Pawe\u0142 Szczepa\u0144ski i ks. Piotr Przesmycki. Na Mszy wieczornej b\u0119dziemy si\u0119 modli\u0107 za Solenizant\u00f3w. 3. Rozpoczynaj\u0105 si\u0119 [&hellip;]<\/p>\n","protected":false},"author":1,"featured_media":321,"comment_status":"open","ping_status":"open","sticky":false,"template":"","format":"standard","meta":{"footnotes":""},"categories":[2],"tags":[],"class_list":["post-381","post","type-post","status-publish","format-standard","has-post-thumbnail","hentry","category-aktualnosci"],"_links":{"self":[{"href":"https:\/\/wspomozycielka-lodz.pl\/index.php?rest_route=\/wp\/v2\/posts\/381","targetHints":{"allow":["GET"]}}],"collection":[{"href":"https:\/\/wspomozycielka-lodz.pl\/index.php?rest_route=\/wp\/v2\/posts"}],"about":[{"href":"https:\/\/wspomozycielka-lodz.pl\/index.php?rest_route=\/wp\/v2\/types\/post"}],"author":[{"embeddable":true,"href":"https:\/\/wspomozycielka-lodz.pl\/index.php?rest_route=\/wp\/v2\/users\/1"}],"replies":[{"embeddable":true,"href":"https:\/\/wspomozycielka-lodz.pl\/index.php?rest_route=%2Fwp%2Fv2%2Fcomments&post=381"}],"version-history":[{"count":1,"href":"https:\/\/wspomozycielka-lodz.pl\/index.php?rest_route=\/wp\/v2\/posts\/381\/revisions"}],"predecessor-version":[{"id":382,"href":"https:\/\/wspomozycielka-lodz.pl\/index.php?rest_route=\/wp\/v2\/posts\/381\/revisions\/382"}],"wp:featuredmedia":[{"embeddable":true,"href":"https:\/\/wspomozycielka-lodz.pl\/index.php?rest_route=\/wp\/v2\/media\/321"}],"wp:attachment":[{"href":"https:\/\/wspomozycielka-lodz.pl\/index.php?rest_route=%2Fwp%2Fv2%2Fmedia&parent=381"}],"wp:term":[{"taxonomy":"category","embeddable":true,"href":"https:\/\/wspomozycielka-lodz.pl\/index.php?rest_route=%2Fwp%2Fv2%2Fcategories&post=381"},{"taxonomy":"post_tag","embeddable":true,"href":"https:\/\/wspomozycielka-lodz.pl\/index.php?rest_route=%2Fwp%2Fv2%2Ftags&post=381"}],"curies":[{"name":"wp","href":"https:\/\/api.w.org\/{rel}","templated":true}]}}