{"id":358,"date":"2021-05-23T11:44:39","date_gmt":"2021-05-23T09:44:39","guid":{"rendered":"https:\/\/wspomozycielka-lodz.pl\/?p=358"},"modified":"2021-05-23T11:44:40","modified_gmt":"2021-05-23T09:44:40","slug":"intencje-mszalne-23-29-05-2021-r","status":"publish","type":"post","link":"https:\/\/wspomozycielka-lodz.pl\/?p=358","title":{"rendered":"INTENCJE MSZALNE (23-29.05.2021 r.)"},"content":{"rendered":"\n<p><strong>Niedziela<\/strong><\/p>\n\n\n\n<p>8.30&nbsp;&nbsp;&nbsp; O Bo\u017ce b\u0142ogos\u0142awie\u0144stwo, opiek\u0119 Matki Naj\u015bwi\u0119tszej i \u017cycie zgodne z Ewangeli\u0105 dla rodziny<\/p>\n\n\n\n<p>8.30&nbsp;&nbsp;&nbsp; W intencji przeb\u0142agalnej za grzechy Joanny, jej rodziny, krewnych i wszystkich przodk\u00f3w (18)<\/p>\n\n\n\n<p>8.30&nbsp;&nbsp;&nbsp; Dzi\u0119kczynno-b\u0142agalna w intencji Micha\u0142a przez wstawiennictwo Matki Bo\u017cej i \u015bw. J\u00f3zefa z pro\u015bb\u0105 o Bo\u017ce b\u0142ogos\u0142awie\u0144stwo i wype\u0142nienie woli Bo\u017cej w \u017cyciu jego i rodziny (8)<\/p>\n\n\n\n<p>10.00&nbsp; Za parafian<\/p>\n\n\n\n<p>10.00&nbsp; Dzi\u0119kczynno-b\u0142agalna za Jadwig\u0119 (1)<\/p>\n\n\n\n<p>10.00&nbsp; + J\u00f3zef Bartoszek<\/p>\n\n\n\n<p>10.00&nbsp; + Helena i Jan St\u0119pniak<\/p>\n\n\n\n<p>11.30&nbsp; W intencji dzieci przyst\u0119puj\u0105cych do I Komunii \u015awi\u0119tej i ich rodzin<\/p>\n\n\n\n<p>18.00&nbsp; O potrzebne dary i Bo\u017ce wsparcie dla Joanny<\/p>\n\n\n\n<p>18.00&nbsp; + Tomasz Rubciak, gr. 28<\/p>\n\n\n\n<p><strong>Poniedzia\u0142ek<\/strong><\/p>\n\n\n\n<p>7.30&nbsp;&nbsp;&nbsp; O zdrowie i potrzebne \u0142aski dla Anny<\/p>\n\n\n\n<p>7.30&nbsp;&nbsp;&nbsp; Dzi\u0119kczynno-b\u0142agalna za Jadwig\u0119 (2)<\/p>\n\n\n\n<p>7.30&nbsp;&nbsp;&nbsp; Dzi\u0119kczynno-b\u0142agalna w intencji Micha\u0142a przez wstawiennictwo Matki Bo\u017cej i \u015bw. J\u00f3zefa z pro\u015bb\u0105 o Bo\u017ce b\u0142ogos\u0142awie\u0144stwo i wype\u0142nienie woli Bo\u017cej w \u017cyciu jego i rodziny (9)<\/p>\n\n\n\n<p>18.00&nbsp; W intencji cz\u0142onk\u00f3w Sodalicji Maria\u0144skiej: dla \u017cywych o Bo\u017ce b\u0142ogos\u0142awie\u0144stwo i dla zmar\u0142ych o wieczn\u0105 rado\u015b\u0107<\/p>\n\n\n\n<p>18.00&nbsp; W intencji rodziny o nawr\u00f3cenie i wszelkie potrzebne \u0142aski<\/p>\n\n\n\n<p>18.00&nbsp; W intencji przeb\u0142agalnej za grzechy Joanny, jej rodziny, krewnych i wszystkich przodk\u00f3w (19)<\/p>\n\n\n\n<p>18.00&nbsp; + Tomasz Rubciak, gr. 29<\/p>\n\n\n\n<p><strong>Wtorek<\/strong><\/p>\n\n\n\n<p>7.30&nbsp;&nbsp;&nbsp; + Tomasz Lenc<\/p>\n\n\n\n<p>7.30&nbsp;&nbsp;&nbsp; + Janusz Fendryk<\/p>\n\n\n\n<p>7.30&nbsp;&nbsp;&nbsp; Dzi\u0119kczynno-b\u0142agalna w intencji Micha\u0142a przez wstawiennictwo Matki Bo\u017cej i \u015bw. J\u00f3zefa z pro\u015bb\u0105 o Bo\u017ce b\u0142ogos\u0142awie\u0144stwo i wype\u0142nienie woli Bo\u017cej w \u017cyciu jego i rodziny (10)<\/p>\n\n\n\n<p>18.00&nbsp; W intencji przeb\u0142agalnej za grzechy Joanny, jej rodziny, krewnych i wszystkich przodk\u00f3w (20)<\/p>\n\n\n\n<p>18.00&nbsp; + Tomasz Rubciak, gr. 30<\/p>\n\n\n\n<p>18.00&nbsp; + Gra\u017cyna Tomalczyk<\/p>\n\n\n\n<p><strong>\u015aroda<\/strong><\/p>\n\n\n\n<p>7.30&nbsp;&nbsp;&nbsp; + Wac\u0142aw Krzykowski<\/p>\n\n\n\n<p>7.30&nbsp;&nbsp;&nbsp; Dzi\u0119kczynno-b\u0142agalna za Jadwig\u0119 (3)<\/p>\n\n\n\n<p>7.30&nbsp;&nbsp;&nbsp; Dzi\u0119kczynno-b\u0142agalna w intencji Micha\u0142a przez wstawiennictwo Matki Bo\u017cej i \u015bw. J\u00f3zefa z pro\u015bb\u0105 o Bo\u017ce b\u0142ogos\u0142awie\u0144stwo i wype\u0142nienie woli Bo\u017cej w \u017cyciu jego i rodziny (11)<\/p>\n\n\n\n<p>18.00&nbsp; W intencji przeb\u0142agalnej za grzechy Joanny, jej rodziny, krewnych i wszystkich przodk\u00f3w (21)<\/p>\n\n\n\n<p>18.00&nbsp; + Lucyna Buczy\u0144ska<\/p>\n\n\n\n<p>18.00&nbsp; + Krystyna Szulc<\/p>\n\n\n\n<p>18.00&nbsp; + R\u00f3\u017ca Petrusiewicz (w 82 rocz. urodzin)<\/p>\n\n\n\n<p>18.00&nbsp; + Marianna Wr\u00f3bel<\/p>\n\n\n\n<p><strong>Czwartek<\/strong><\/p>\n\n\n\n<p>7.30&nbsp;&nbsp;&nbsp; Dzi\u0119kczynno-b\u0142agalna w intencji Micha\u0142a przez wstawiennictwo Matki Bo\u017cej i \u015bw. J\u00f3zefa z pro\u015bb\u0105 o Bo\u017ce b\u0142ogos\u0142awie\u0144stwo i wype\u0142nienie woli Bo\u017cej w \u017cyciu jego i rodziny (12)<\/p>\n\n\n\n<p>7.30&nbsp;&nbsp;&nbsp; W intencji Klaudii, Paw\u0142a, Jakuba, Natalii<\/p>\n\n\n\n<p>7.30&nbsp;&nbsp;&nbsp; + Teresa Ossowska<\/p>\n\n\n\n<p>18.00&nbsp; W intencji przeb\u0142agalnej za grzechy Joanny, jej rodziny, krewnych i wszystkich przodk\u00f3w (22)<\/p>\n\n\n\n<p>18.00&nbsp; + Stanis\u0142aw, Zofia, Jan, Zofia Janiczek i zmarli z rodziny<\/p>\n\n\n\n<p><strong>Pi\u0105tek<\/strong><\/p>\n\n\n\n<p>7.30&nbsp;&nbsp;&nbsp; Dzi\u0119kczynna z okazji 10 rocznicy \u015blubu Anny i Karola, z pro\u015bb\u0105 o Bo\u017ce b\u0142ogos\u0142awie\u0144stwo dla ca\u0142ej rodziny<\/p>\n\n\n\n<p>7.30&nbsp;&nbsp;&nbsp; Dzi\u0119kczynno-b\u0142agalna w intencji Micha\u0142a przez wstawiennictwo Matki Bo\u017cej i \u015bw. J\u00f3zefa z pro\u015bb\u0105 o Bo\u017ce b\u0142ogos\u0142awie\u0144stwo i wype\u0142nienie woli Bo\u017cej w \u017cyciu jego i rodziny (13)<\/p>\n\n\n\n<p>7.30&nbsp;&nbsp;&nbsp; O uwolnienie z na\u0142ogu i nawr\u00f3cenie dla J\u00f3zefa (1)<\/p>\n\n\n\n<p>18.00&nbsp; W intencji przeb\u0142agalnej za grzechy Joanny, jej rodziny, krewnych i wszystkich przodk\u00f3w (23)<\/p>\n\n\n\n<p>18.00&nbsp; Dzi\u0119kczynno-b\u0142agalna za Jadwig\u0119 (4)<\/p>\n\n\n\n<p>18.00&nbsp; + W\u0142adys\u0142awa (f) Str\u00f3\u017cek (9 rocz. \u015bm.) oraz w intencji Agnieszki i jej rodziny<\/p>\n\n\n\n<p><strong>Sobota<\/strong><\/p>\n\n\n\n<p>7.30&nbsp;&nbsp;&nbsp; W intencji przeb\u0142agalnej za grzechy Joanny, jej rodziny, krewnych i wszystkich przodk\u00f3w (124)<\/p>\n\n\n\n<p>7.30&nbsp;&nbsp;&nbsp; Dzi\u0119kczynno-b\u0142agalna w intencji Micha\u0142a przez wstawiennictwo Matki Bo\u017cej i \u015bw. J\u00f3zefa z pro\u015bb\u0105 o Bo\u017ce b\u0142ogos\u0142awie\u0144stwo i wype\u0142nienie woli Bo\u017cej w \u017cyciu jego i rodziny (14)<\/p>\n\n\n\n<p>7.30&nbsp;&nbsp;&nbsp; O uwolnienie z na\u0142ogu i nawr\u00f3cenie dla J\u00f3zefa (2)<\/p>\n\n\n\n<p>18.00&nbsp; Dzi\u0119kczynno-b\u0142agalna za Jadwig\u0119 (5)<\/p>\n","protected":false},"excerpt":{"rendered":"<p>Niedziela 8.30&nbsp;&nbsp;&nbsp; O Bo\u017ce b\u0142ogos\u0142awie\u0144stwo, opiek\u0119 Matki Naj\u015bwi\u0119tszej i \u017cycie zgodne z Ewangeli\u0105 dla rodziny 8.30&nbsp;&nbsp;&nbsp; W intencji przeb\u0142agalnej za grzechy Joanny, jej rodziny, krewnych i wszystkich przodk\u00f3w (18) 8.30&nbsp;&nbsp;&nbsp; Dzi\u0119kczynno-b\u0142agalna w intencji Micha\u0142a przez wstawiennictwo Matki Bo\u017cej i \u015bw. J\u00f3zefa z pro\u015bb\u0105 o Bo\u017ce b\u0142ogos\u0142awie\u0144stwo i wype\u0142nienie woli Bo\u017cej [&hellip;]<\/p>\n","protected":false},"author":1,"featured_media":320,"comment_status":"open","ping_status":"open","sticky":false,"template":"","format":"standard","meta":{"footnotes":""},"categories":[2],"tags":[],"class_list":["post-358","post","type-post","status-publish","format-standard","has-post-thumbnail","hentry","category-aktualnosci"],"_links":{"self":[{"href":"https:\/\/wspomozycielka-lodz.pl\/index.php?rest_route=\/wp\/v2\/posts\/358","targetHints":{"allow":["GET"]}}],"collection":[{"href":"https:\/\/wspomozycielka-lodz.pl\/index.php?rest_route=\/wp\/v2\/posts"}],"about":[{"href":"https:\/\/wspomozycielka-lodz.pl\/index.php?rest_route=\/wp\/v2\/types\/post"}],"author":[{"embeddable":true,"href":"https:\/\/wspomozycielka-lodz.pl\/index.php?rest_route=\/wp\/v2\/users\/1"}],"replies":[{"embeddable":true,"href":"https:\/\/wspomozycielka-lodz.pl\/index.php?rest_route=%2Fwp%2Fv2%2Fcomments&post=358"}],"version-history":[{"count":1,"href":"https:\/\/wspomozycielka-lodz.pl\/index.php?rest_route=\/wp\/v2\/posts\/358\/revisions"}],"predecessor-version":[{"id":359,"href":"https:\/\/wspomozycielka-lodz.pl\/index.php?rest_route=\/wp\/v2\/posts\/358\/revisions\/359"}],"wp:featuredmedia":[{"embeddable":true,"href":"https:\/\/wspomozycielka-lodz.pl\/index.php?rest_route=\/wp\/v2\/media\/320"}],"wp:attachment":[{"href":"https:\/\/wspomozycielka-lodz.pl\/index.php?rest_route=%2Fwp%2Fv2%2Fmedia&parent=358"}],"wp:term":[{"taxonomy":"category","embeddable":true,"href":"https:\/\/wspomozycielka-lodz.pl\/index.php?rest_route=%2Fwp%2Fv2%2Fcategories&post=358"},{"taxonomy":"post_tag","embeddable":true,"href":"https:\/\/wspomozycielka-lodz.pl\/index.php?rest_route=%2Fwp%2Fv2%2Ftags&post=358"}],"curies":[{"name":"wp","href":"https:\/\/api.w.org\/{rel}","templated":true}]}}