{"id":350,"date":"2021-05-10T13:49:47","date_gmt":"2021-05-10T11:49:47","guid":{"rendered":"https:\/\/wspomozycielka-lodz.pl\/?p=350"},"modified":"2021-05-10T13:49:48","modified_gmt":"2021-05-10T11:49:48","slug":"intencje-mszalne-09-15-05-2021","status":"publish","type":"post","link":"https:\/\/wspomozycielka-lodz.pl\/?p=350","title":{"rendered":"INTENCJE MSZALNE (09-15.05.2021)"},"content":{"rendered":"\n<p><\/p>\n\n\n\n<p><\/p>\n\n\n\n<p><strong>Niedziela<\/strong><\/p>\n\n\n\n<p>8.30&nbsp;&nbsp;&nbsp; W intencji przeb\u0142agalnej za grzechy Joanny, jej rodziny, krewnych i wszystkich przodk\u00f3w (20)<\/p>\n\n\n\n<p>8.30&nbsp;&nbsp;&nbsp; + Jadwiga<\/p>\n\n\n\n<p>10.00&nbsp; Dzi\u0119kczynno-b\u0142agalna w 1 rocznic\u0119 zakupu mieszkania z pro\u015bb\u0105 o potrzebne \u0142aski dla tych, kt\u00f3rzy w tym pomagali<\/p>\n\n\n\n<p>10.00&nbsp; + Leokadia Rosi\u0144ska<\/p>\n\n\n\n<p>10.00&nbsp; + Honorata Ruszczyk, gr. 28<\/p>\n\n\n\n<p>10.00&nbsp; + J\u00f3zef Bartoszek<\/p>\n\n\n\n<p>11.30&nbsp; W intencji dzieci prze\u017cywaj\u0105cych Rocznic\u0119 I Komunii \u015awi\u0119tej i ich rodzin<\/p>\n\n\n\n<p>11.30&nbsp; W intencji Salezjan\u00f3w Wsp\u00f3\u0142pracownik\u00f3w, a szczeg\u00f3lnie solenizant\u00f3w<\/p>\n\n\n\n<p>11.30&nbsp; + Leszek W\u00f3jcik<\/p>\n\n\n\n<p>11.30&nbsp; + J\u00f3zef Wr\u00f3bel i dusze w czy\u015b\u0107cu cierpi\u0105ce<\/p>\n\n\n\n<p>18.00&nbsp; Za parafian<\/p>\n\n\n\n<p>18.00&nbsp; + Tomasz Rubciak, gr. 14<\/p>\n\n\n\n<p><strong>Poniedzia\u0142ek<\/strong><\/p>\n\n\n\n<p>7.30&nbsp;&nbsp;&nbsp; + Jadwiga, Henryk, Krzysztof, Tadeusz Cychner i wszyscy zmarli z rodziny<\/p>\n\n\n\n<p>7.30&nbsp;&nbsp;&nbsp; W intencji Agaty o szcz\u0119\u015bliwe rozwi\u0105zanie i opiek\u0119 Matki Bo\u017cej<\/p>\n\n\n\n<p>18.00&nbsp; W intencji przeb\u0142agalnej za grzechy Joanny, jej rodziny, krewnych i wszystkich przodk\u00f3w (5)<\/p>\n\n\n\n<p>18.00&nbsp; + Honorata Ruszczyk, gr. 29<\/p>\n\n\n\n<p>18.00&nbsp; + Tomasz Rubciak, gr. 15<\/p>\n\n\n\n<p><strong>Wtorek<\/strong><\/p>\n\n\n\n<p>7.30&nbsp;&nbsp;&nbsp; + Jan Cichocki<\/p>\n\n\n\n<p>18.00&nbsp; W intencji Antosia o Bo\u017ce b\u0142ogos\u0142awie\u0144stwo z okazji 1 rocznicy urodzin<\/p>\n\n\n\n<p>18.00&nbsp; W intencji przeb\u0142agalnej za grzechy Joanny, jej rodziny, krewnych i wszystkich przodk\u00f3w (6)<\/p>\n\n\n\n<p>18.00&nbsp; + Honorata Ruszczyk, gr. 30<\/p>\n\n\n\n<p>18.00&nbsp; + Tomasz Rubciak, gr. 16<\/p>\n\n\n\n<p>18.00&nbsp; + Helena i Franciszek Wysoccy; zmarli z rodziny Wysockich, Kukulskich; Janusz Rygier<\/p>\n\n\n\n<p><strong>\u015aroda<\/strong><\/p>\n\n\n\n<p>7.30&nbsp;&nbsp;&nbsp; + J\u00f3zefa (f) i Tadeusz D\u0105browscy<\/p>\n\n\n\n<p>7.30&nbsp;&nbsp;&nbsp; W intencji Anny, Paw\u0142a i Natalii o potrzebne \u0142aski oraz o nawr\u00f3cenie i wyzwolenie z na\u0142og\u00f3w dla Miros\u0142awa i Piotra<\/p>\n\n\n\n<p>18.00&nbsp; W intencji przeb\u0142agalnej za grzechy Joanny, jej rodziny, krewnych i wszystkich przodk\u00f3w (7)<\/p>\n\n\n\n<p>18.00&nbsp; + Tomasz Rubciak, gr. 17<\/p>\n\n\n\n<p>18.00&nbsp; + Tadeusz Borkowski (7 rocz. \u015bm.), Janina Borkowska (16 rocz. \u015bm.)<\/p>\n\n\n\n<p><strong>Czwartek<\/strong><\/p>\n\n\n\n<p>7.30&nbsp;&nbsp;&nbsp; Dzi\u0119kczynno-b\u0142agalna w intencji ca\u0142ej rodziny<\/p>\n\n\n\n<p>7.30&nbsp;&nbsp;&nbsp; + Antoni Gruchlik, Czes\u0142aw \u015aliwo\u0144<\/p>\n\n\n\n<p>7.30&nbsp;&nbsp;&nbsp; + Stefan Ja\u0107kiewicz<\/p>\n\n\n\n<p>18.00&nbsp; W intencji przeb\u0142agalnej za grzechy Joanny, jej rodziny, krewnych i wszystkich przodk\u00f3w (8)<\/p>\n\n\n\n<p>18.00&nbsp; + Tomasz Rubciak, gr. 18<\/p>\n\n\n\n<p><strong>Pi\u0105tek<\/strong><\/p>\n\n\n\n<p>7.30&nbsp;&nbsp;&nbsp; O intronizacj\u0119 Serca Jezusowego w rodzinach, w ojczy\u017anie i w ka\u017cdym sercu oraz o beatyfikacj\u0119 S\u0142u\u017cebnicy Bo\u017cej Rozalii Celak\u00f3wny<\/p>\n\n\n\n<p>7.30&nbsp;&nbsp;&nbsp; O \u0142ask\u0119 zdrowia i udanej operacji dla \u0141ukasza<\/p>\n\n\n\n<p>18.00&nbsp; W intencji m\u0142odzie\u017cy przyst\u0119puj\u0105cej do Sakramentu Bierzmowania<\/p>\n\n\n\n<p>18.00&nbsp; W intencji ks. Macieja Drewniaka z okazji imienin<\/p>\n\n\n\n<p>18.00&nbsp; W intencji przeb\u0142agalnej za grzechy Joanny, jej rodziny, krewnych i wszystkich przodk\u00f3w (9)<\/p>\n\n\n\n<p>18.00&nbsp; + Tomasz Rubciak, gr. 19<\/p>\n\n\n\n<p><strong>Sobota<\/strong><\/p>\n\n\n\n<p>7.30&nbsp;&nbsp;&nbsp; W intencji przeb\u0142agalnej za grzechy Joanny, jej rodziny, krewnych i wszystkich przodk\u00f3w (10)<\/p>\n\n\n\n<p>7.30&nbsp;&nbsp;&nbsp; Dzi\u0119kczynna za otrzymane \u0142aski z pro\u015bb\u0105 o dalsz\u0105 opiek\u0119 Matki Bo\u017cej i b\u0142ogos\u0142awie\u0144stwo Bo\u017ce dla \u0141ukasza i jego rodziny<\/p>\n\n\n\n<p>7.30&nbsp;&nbsp;&nbsp; Dzi\u0119kczynno-b\u0142agalna w intencji Jana z okazji urodzin<\/p>\n\n\n\n<p>18.00&nbsp; Dzi\u0119kczynno-b\u0142agalna w intencji Zofii z pro\u015bb\u0105 o Bo\u017ce b\u0142ogos\u0142awie\u0144stwo<\/p>\n\n\n\n<p>18.00&nbsp; + Lucyna Buczy\u0144ska (w 94 rocz. urodzin)<\/p>\n\n\n\n<p>18.00&nbsp; + Tomasz Rubciak, gr. 20<\/p>\n","protected":false},"excerpt":{"rendered":"<p>Niedziela 8.30&nbsp;&nbsp;&nbsp; W intencji przeb\u0142agalnej za grzechy Joanny, jej rodziny, krewnych i wszystkich przodk\u00f3w (20) 8.30&nbsp;&nbsp;&nbsp; + Jadwiga 10.00&nbsp; Dzi\u0119kczynno-b\u0142agalna w 1 rocznic\u0119 zakupu mieszkania z pro\u015bb\u0105 o potrzebne \u0142aski dla tych, kt\u00f3rzy w tym pomagali 10.00&nbsp; + Leokadia Rosi\u0144ska 10.00&nbsp; + Honorata Ruszczyk, gr. 28 10.00&nbsp; + J\u00f3zef Bartoszek [&hellip;]<\/p>\n","protected":false},"author":1,"featured_media":320,"comment_status":"open","ping_status":"open","sticky":false,"template":"","format":"standard","meta":{"footnotes":""},"categories":[1],"tags":[],"class_list":["post-350","post","type-post","status-publish","format-standard","has-post-thumbnail","hentry","category-non-classe"],"_links":{"self":[{"href":"https:\/\/wspomozycielka-lodz.pl\/index.php?rest_route=\/wp\/v2\/posts\/350","targetHints":{"allow":["GET"]}}],"collection":[{"href":"https:\/\/wspomozycielka-lodz.pl\/index.php?rest_route=\/wp\/v2\/posts"}],"about":[{"href":"https:\/\/wspomozycielka-lodz.pl\/index.php?rest_route=\/wp\/v2\/types\/post"}],"author":[{"embeddable":true,"href":"https:\/\/wspomozycielka-lodz.pl\/index.php?rest_route=\/wp\/v2\/users\/1"}],"replies":[{"embeddable":true,"href":"https:\/\/wspomozycielka-lodz.pl\/index.php?rest_route=%2Fwp%2Fv2%2Fcomments&post=350"}],"version-history":[{"count":1,"href":"https:\/\/wspomozycielka-lodz.pl\/index.php?rest_route=\/wp\/v2\/posts\/350\/revisions"}],"predecessor-version":[{"id":351,"href":"https:\/\/wspomozycielka-lodz.pl\/index.php?rest_route=\/wp\/v2\/posts\/350\/revisions\/351"}],"wp:featuredmedia":[{"embeddable":true,"href":"https:\/\/wspomozycielka-lodz.pl\/index.php?rest_route=\/wp\/v2\/media\/320"}],"wp:attachment":[{"href":"https:\/\/wspomozycielka-lodz.pl\/index.php?rest_route=%2Fwp%2Fv2%2Fmedia&parent=350"}],"wp:term":[{"taxonomy":"category","embeddable":true,"href":"https:\/\/wspomozycielka-lodz.pl\/index.php?rest_route=%2Fwp%2Fv2%2Fcategories&post=350"},{"taxonomy":"post_tag","embeddable":true,"href":"https:\/\/wspomozycielka-lodz.pl\/index.php?rest_route=%2Fwp%2Fv2%2Ftags&post=350"}],"curies":[{"name":"wp","href":"https:\/\/api.w.org\/{rel}","templated":true}]}}