{"id":348,"date":"2021-05-05T09:31:56","date_gmt":"2021-05-05T07:31:56","guid":{"rendered":"https:\/\/wspomozycielka-lodz.pl\/?p=348"},"modified":"2021-05-05T09:31:57","modified_gmt":"2021-05-05T07:31:57","slug":"ogloszenia-parafialne-02-05-2021-r","status":"publish","type":"post","link":"https:\/\/wspomozycielka-lodz.pl\/?p=348","title":{"rendered":"OG\u0141OSZENIA PARAFIALNE (02.05.2021 r)"},"content":{"rendered":"\n<p><strong>PI\u0104TA NIEDZIELA WIELKANOCNA<\/strong><\/p>\n\n\n\n<p><strong>(2.05.2021)<\/strong><\/p>\n\n\n\n<p>1. Juto obchodzimy uroczysto\u015b\u0107 Naj\u015bwi\u0119tszej Maryi Panny Kr\u00f3lowej Polski. Msze \u015bwi\u0119te jak w niedziel\u0119.<\/p>\n\n\n\n<p>2. Zach\u0119camy do uczestnictwa w nabo\u017ce\u0144stwach majowych o godz. 17.30.<\/p>\n\n\n\n<p>3. We wtorek Msza wieczorna w intencji zmar\u0142ych polecanych w wypominkach, a po Mszy \u015bw. spotkanie z rozwa\u017caniem S\u0142owa Bo\u017cego.<\/p>\n\n\n\n<p>4. W \u015brod\u0119 obchodzimy \u015bwi\u0119to \u015bw. Dominika Savio, wychowanka z oratorium Ksi\u0119dza Bosko, patrona ministrant\u00f3w.<\/p>\n\n\n\n<p>5. W czwartek, kt\u00f3ry jest pierwszym miesi\u0105ca, na Mszy wieczornej modli\u0107 si\u0119 b\u0119dziemy za kap\u0142an\u00f3w pracuj\u0105cych w naszej parafii i o nowe powo\u0142ania, a po Mszy adoracja Naj\u015bwi\u0119tszego Sakramentu.<\/p>\n\n\n\n<p>6. W pierwszy pi\u0105tek miesi\u0105ca od godz. 15.00 Godzina Mi\u0142osierdzia i adoracja Naj\u015bwi\u0119tszego Sakramentu. Po Mszy wieczornej spotkanie wsp\u00f3lnoty Stra\u017cy Honorowej NSPJ.<\/p>\n\n\n\n<p>7. W sobot\u0119 jest uroczysto\u015b\u0107 \u015bw. Stanis\u0142awa, biskupa i m\u0119czennika, g\u0142\u00f3wnego patrona Polski. W tym dniu imieniny swoje obchodzi ks. Stanis\u0142aw Hajkowski, za kt\u00f3rego b\u0119dziemy si\u0119 modli\u0107 na Mszy o 7.30.<\/p>\n\n\n\n<p>8. W przysz\u0142\u0105 niedziel\u0119 o 11.30 Msza rocznicowa dzieci, kt\u00f3re w zesz\u0142ym roku przyst\u0105pi\u0142y do I Komunii \u015aw.<\/p>\n\n\n\n<p>9. Powoli zbli\u017ca si\u0119 jubileusz stulecia obecno\u015bci salezjan\u00f3w w \u0141odzi na Wodnej. Jest on m.in. motywacj\u0105 do odnowienia naszych struktur, w tym parafii. W zesz\u0142ym roku uda\u0142o si\u0119 nieco odnowi\u0107 kancelari\u0119 parafialn\u0105 oraz zrobi\u0107 nowy sklepik. Ostatnio odnowili\u015bmy ramy obraz\u00f3w Jezusa mi\u0142osiernego i Matki Bo\u017cej Cz\u0119stochowskiej, kt\u00f3re powr\u00f3ci\u0142y na dawne miejsce do o\u0142tarzy bocznych. Planujemy w bliskim czasie wymian\u0119 nag\u0142o\u015bnienia w ko\u015bciele, potem r\u00f3wnie\u017c wymian\u0119 instalacji elektrycznej, pomalowanie prezbiterium i zakrystii. Mo\u017ce uda si\u0119 te\u017c wymieni\u0107 \u015bwiat\u0142a, kt\u00f3re maj\u0105 \u017car\u00f3wki bardzo kosztowne zar\u00f3wno je\u015bli chodzi o zu\u017cycie energii jak i sam koszt tych \u017car\u00f3wek. Zobaczymy co si\u0119 uda zrobi\u0107. Dzi\u0119kuj\u0119 z g\u00f3ry za wszelkie ofiary wspieraj\u0105ce te inwestycje w tej naszej \u015bwi\u0105tyni, aby mog\u0142a ona na dalsze lata s\u0142u\u017cy\u0107 chwale Bo\u017cej, czci Maryi Wspomo\u017cycielki i duchowemu po\u017cytkowi wszystkich wiernych.<\/p>\n\n\n\n<p>10. Salezjanie zapraszaj\u0105 m\u0142odzie\u017c klas \u00f3smych do podj\u0119cia nauki w Technikum Salezja\u0144skim im. \u015bw. J\u00f3zefa Rzemie\u015blnika w \u0141odzi przy ul. Wodnej, kt\u00f3re jest kontynuacj\u0105 tradycji Salezja\u0144skich Szk\u00f3\u0142 Rzemios\u0142. Szko\u0142a prowadzi kszta\u0142cenie w zawodach: technik mechatronik oraz technik informatyk i posiada status nieodp\u0142atnej szko\u0142y publicznej. Dla uczni\u00f3w spoza \u0141odzi istnieje mo\u017cliwo\u015b\u0107 zakwaterowania w Bursie Salezja\u0144skiej. Najbli\u017csze dni otwarte odb\u0119d\u0105 si\u0119 w niedziel\u0119 9 i 23 maja br. Nab\u00f3r odbywa si\u0119 poza internetowym systemem rekrutacji do szk\u00f3\u0142 prowadzonych przez \u0142\u00f3dzki samorz\u0105d. Szczeg\u00f3\u0142owe informacje dost\u0119pne s\u0105 na stronie internetowej: szkolyrzemiosl.edu.pl.<\/p>\n\n\n\n<p>10. Z naszej wsp\u00f3lnoty parafialnej do wieczno\u015bci odesz\u0142a: Barbara Wilczewska, lat 75. <em>Wieczny odpoczynek racz jej da\u0107, Panie<\/em>&#8230;<\/p>\n","protected":false},"excerpt":{"rendered":"<p>PI\u0104TA NIEDZIELA WIELKANOCNA (2.05.2021) 1. Juto obchodzimy uroczysto\u015b\u0107 Naj\u015bwi\u0119tszej Maryi Panny Kr\u00f3lowej Polski. Msze \u015bwi\u0119te jak w niedziel\u0119. 2. Zach\u0119camy do uczestnictwa w nabo\u017ce\u0144stwach majowych o godz. 17.30. 3. We wtorek Msza wieczorna w intencji zmar\u0142ych polecanych w wypominkach, a po Mszy \u015bw. spotkanie z rozwa\u017caniem S\u0142owa Bo\u017cego. 4. W [&hellip;]<\/p>\n","protected":false},"author":1,"featured_media":321,"comment_status":"open","ping_status":"open","sticky":false,"template":"","format":"standard","meta":{"footnotes":""},"categories":[2],"tags":[],"class_list":["post-348","post","type-post","status-publish","format-standard","has-post-thumbnail","hentry","category-aktualnosci"],"_links":{"self":[{"href":"https:\/\/wspomozycielka-lodz.pl\/index.php?rest_route=\/wp\/v2\/posts\/348","targetHints":{"allow":["GET"]}}],"collection":[{"href":"https:\/\/wspomozycielka-lodz.pl\/index.php?rest_route=\/wp\/v2\/posts"}],"about":[{"href":"https:\/\/wspomozycielka-lodz.pl\/index.php?rest_route=\/wp\/v2\/types\/post"}],"author":[{"embeddable":true,"href":"https:\/\/wspomozycielka-lodz.pl\/index.php?rest_route=\/wp\/v2\/users\/1"}],"replies":[{"embeddable":true,"href":"https:\/\/wspomozycielka-lodz.pl\/index.php?rest_route=%2Fwp%2Fv2%2Fcomments&post=348"}],"version-history":[{"count":1,"href":"https:\/\/wspomozycielka-lodz.pl\/index.php?rest_route=\/wp\/v2\/posts\/348\/revisions"}],"predecessor-version":[{"id":349,"href":"https:\/\/wspomozycielka-lodz.pl\/index.php?rest_route=\/wp\/v2\/posts\/348\/revisions\/349"}],"wp:featuredmedia":[{"embeddable":true,"href":"https:\/\/wspomozycielka-lodz.pl\/index.php?rest_route=\/wp\/v2\/media\/321"}],"wp:attachment":[{"href":"https:\/\/wspomozycielka-lodz.pl\/index.php?rest_route=%2Fwp%2Fv2%2Fmedia&parent=348"}],"wp:term":[{"taxonomy":"category","embeddable":true,"href":"https:\/\/wspomozycielka-lodz.pl\/index.php?rest_route=%2Fwp%2Fv2%2Fcategories&post=348"},{"taxonomy":"post_tag","embeddable":true,"href":"https:\/\/wspomozycielka-lodz.pl\/index.php?rest_route=%2Fwp%2Fv2%2Ftags&post=348"}],"curies":[{"name":"wp","href":"https:\/\/api.w.org\/{rel}","templated":true}]}}