{"id":300,"date":"2021-03-21T09:40:37","date_gmt":"2021-03-21T08:40:37","guid":{"rendered":"http:\/\/wspomozycielka-lodz.pl\/?p=300"},"modified":"2021-03-21T09:40:37","modified_gmt":"2021-03-21T08:40:37","slug":"intencje-mszalne-21-27-03-2021-r","status":"publish","type":"post","link":"https:\/\/wspomozycielka-lodz.pl\/?p=300","title":{"rendered":"INTENCJE MSZALNE (21-27.03.2021 r.)"},"content":{"rendered":"\n<p><strong>Niedziela<\/strong><\/p>\n\n\n\n<p>8.30&nbsp;&nbsp;&nbsp; + Ludwika (f) Trojanowska (42 rocz. \u015bm.) i jej \u015bp. rodzice i rodze\u0144stwo<\/p>\n\n\n\n<p>8.30&nbsp;&nbsp;&nbsp; + Genowefa i J\u00f3zef Kacprzyk, Lech Kacprzyk<\/p>\n\n\n\n<p>10.00&nbsp; W intencji Doroty i Jerzego<\/p>\n\n\n\n<p>11.30&nbsp; W intencji Weroniki w 1 rocznic\u0119 urodzin<\/p>\n\n\n\n<p>11.30&nbsp; + Bogdan Nowak (3 rocz. \u015bm.)<\/p>\n\n\n\n<p>11.30&nbsp; + Tadeusz Konikowski, gr. 21<\/p>\n\n\n\n<p>11.30&nbsp; + Tadeusz i Genowefa Wieczorkowie, Czes\u0142aw Fili\u0144ski<\/p>\n\n\n\n<p>18.00&nbsp; O \u0142ask\u0119 zdrowia dla Alicji<\/p>\n\n\n\n<p><strong>Poniedzia\u0142ek<\/strong><\/p>\n\n\n\n<p>7.30&nbsp;&nbsp;&nbsp; O \u0142ask\u0119 zdrowia dla Alicji<\/p>\n\n\n\n<p>7.30&nbsp;&nbsp;&nbsp; W intencji Doroty i Jerzego<\/p>\n\n\n\n<p>18.00&nbsp; + Tadeusz Konikowski, gr. 22<\/p>\n\n\n\n<p><strong>Wtorek<\/strong><\/p>\n\n\n\n<p>7.30&nbsp;&nbsp;&nbsp; W intencji Doroty i Jerzego<\/p>\n\n\n\n<p>7.30&nbsp;&nbsp;&nbsp; + ks. Henryk Korzeniowski<\/p>\n\n\n\n<p>7.30&nbsp;&nbsp;&nbsp; + Marian Kniszewski<\/p>\n\n\n\n<p>18.00&nbsp; + Tadeusz Konikowski, gr. 23<\/p>\n\n\n\n<p><strong>\u015aroda<\/strong><\/p>\n\n\n\n<p>7.30&nbsp;&nbsp;&nbsp; W intencji Doroty i Jerzego<\/p>\n\n\n\n<p>18.00&nbsp; W intencji cz\u0142onk\u00f3w Sodalicji Maria\u0144skiej: dla \u017cywych o Bo\u017ce b\u0142ogos\u0142awie\u0144stwo i dla zmar\u0142ych o wieczn\u0105 rado\u015b\u0107<\/p>\n\n\n\n<p>18.00&nbsp; + Tadeusz Konikowski, gr. 24<\/p>\n\n\n\n<p><strong>Czwartek<\/strong><\/p>\n\n\n\n<p>7.30&nbsp;&nbsp;&nbsp; W intencji Doroty i Jerzego<\/p>\n\n\n\n<p>7.30&nbsp;&nbsp;&nbsp; Za parafian<\/p>\n\n\n\n<p>18.00&nbsp; O Bo\u017ce b\u0142ogos\u0142awie\u0144stwo i \u0142ask\u0119 zdrowia dla Les\u0142awa i Krystyny<\/p>\n\n\n\n<p>18.00&nbsp; + Tadeusz Konikowski, gr. 25<\/p>\n\n\n\n<p>18.00&nbsp; + Miros\u0142awa(f)-Jadwiga Jab\u0142o\u0144ska<\/p>\n\n\n\n<p><strong>Pi\u0105tek<\/strong><\/p>\n\n\n\n<p>7.30&nbsp;&nbsp;&nbsp; W intencji Doroty i Jerzego<\/p>\n\n\n\n<p>7.30&nbsp;&nbsp;&nbsp; + Ma\u0142gorzata Kami\u0144ska<\/p>\n\n\n\n<p>18.00&nbsp; + Sylwia Szyma\u0144ska<\/p>\n\n\n\n<p>18.00&nbsp; + Tadeusz Konikowski, gr. 26<\/p>\n\n\n\n<p>18.00&nbsp; + Bo\u017cenna Sowik (11 rocz. \u015bm.), Iwona Wro\u0144ska-Sowik (15 rocz. \u015bm.)<\/p>\n\n\n\n<p><strong>Sobota<\/strong><\/p>\n\n\n\n<p>7.30&nbsp;&nbsp;&nbsp; W intencji Doroty i Jerzego<\/p>\n\n\n\n<p>18.00&nbsp; O Bo\u017ce b\u0142ogos\u0142awie\u0144stwo, zdrowie, szcz\u0119\u015bcie, potrzebne \u0142aski dla Henryki, Stanis\u0142awa, Andrzeja Nasi\u0142owskich i babci Jadzi<\/p>\n\n\n\n<p>18.00&nbsp; + Tadeusz Konikowski, gr. 27<\/p>\n","protected":false},"excerpt":{"rendered":"<p>Niedziela 8.30&nbsp;&nbsp;&nbsp; + Ludwika (f) Trojanowska (42 rocz. \u015bm.) i jej \u015bp. rodzice i rodze\u0144stwo 8.30&nbsp;&nbsp;&nbsp; + Genowefa i J\u00f3zef Kacprzyk, Lech Kacprzyk 10.00&nbsp; W intencji Doroty i Jerzego 11.30&nbsp; W intencji Weroniki w 1 rocznic\u0119 urodzin 11.30&nbsp; + Bogdan Nowak (3 rocz. \u015bm.) 11.30&nbsp; + Tadeusz Konikowski, gr. 21 [&hellip;]<\/p>\n","protected":false},"author":1,"featured_media":195,"comment_status":"open","ping_status":"open","sticky":false,"template":"","format":"standard","meta":{"footnotes":""},"categories":[2],"tags":[],"class_list":["post-300","post","type-post","status-publish","format-standard","has-post-thumbnail","hentry","category-aktualnosci"],"_links":{"self":[{"href":"https:\/\/wspomozycielka-lodz.pl\/index.php?rest_route=\/wp\/v2\/posts\/300","targetHints":{"allow":["GET"]}}],"collection":[{"href":"https:\/\/wspomozycielka-lodz.pl\/index.php?rest_route=\/wp\/v2\/posts"}],"about":[{"href":"https:\/\/wspomozycielka-lodz.pl\/index.php?rest_route=\/wp\/v2\/types\/post"}],"author":[{"embeddable":true,"href":"https:\/\/wspomozycielka-lodz.pl\/index.php?rest_route=\/wp\/v2\/users\/1"}],"replies":[{"embeddable":true,"href":"https:\/\/wspomozycielka-lodz.pl\/index.php?rest_route=%2Fwp%2Fv2%2Fcomments&post=300"}],"version-history":[{"count":1,"href":"https:\/\/wspomozycielka-lodz.pl\/index.php?rest_route=\/wp\/v2\/posts\/300\/revisions"}],"predecessor-version":[{"id":301,"href":"https:\/\/wspomozycielka-lodz.pl\/index.php?rest_route=\/wp\/v2\/posts\/300\/revisions\/301"}],"wp:featuredmedia":[{"embeddable":true,"href":"https:\/\/wspomozycielka-lodz.pl\/index.php?rest_route=\/wp\/v2\/media\/195"}],"wp:attachment":[{"href":"https:\/\/wspomozycielka-lodz.pl\/index.php?rest_route=%2Fwp%2Fv2%2Fmedia&parent=300"}],"wp:term":[{"taxonomy":"category","embeddable":true,"href":"https:\/\/wspomozycielka-lodz.pl\/index.php?rest_route=%2Fwp%2Fv2%2Fcategories&post=300"},{"taxonomy":"post_tag","embeddable":true,"href":"https:\/\/wspomozycielka-lodz.pl\/index.php?rest_route=%2Fwp%2Fv2%2Ftags&post=300"}],"curies":[{"name":"wp","href":"https:\/\/api.w.org\/{rel}","templated":true}]}}