{"id":262,"date":"2021-02-08T00:46:24","date_gmt":"2021-02-07T23:46:24","guid":{"rendered":"http:\/\/wspomozycielka-lodz.pl\/?p=262"},"modified":"2021-02-08T00:46:24","modified_gmt":"2021-02-07T23:46:24","slug":"ogloszenia-parafialne-07-02-2021-r","status":"publish","type":"post","link":"https:\/\/wspomozycielka-lodz.pl\/?p=262","title":{"rendered":"OG\u0141OSZENIA PARAFIALNE (07.02.2021 r.)"},"content":{"rendered":"\n<p><strong>PI\u0104TA NIEDZIELA ZWYK\u0141A<\/strong><\/p>\n\n\n\n<p>1. Dzi\u015b pierwsza niedziela miesi\u0105ca &#8211; po Mszy \u015bw. o godz. 11.30 adoracja i b\u0142ogos\u0142awie\u0144stwo Naj\u015bwi\u0119tszym Sakramentem.<\/p>\n\n\n\n<p>2. W czwartek, we wspomnienie NMP z Lourdes, przypada \u015awiatowy Dzie\u0144 Chorego, ustanowiony przez \u015bw. Jana Paw\u0142a II. Podczas Mszy \u015bw. b\u0119dzie udzielany sakrament chorych dla os\u00f3b starszych i chorych.<\/p>\n\n\n\n<p>3. W przysz\u0142\u0105 niedziel\u0119 spotkanie Salezjan\u00f3w Wsp\u00f3\u0142pracownik\u00f3w po Mszy \u015bw. o 11.30.<\/p>\n","protected":false},"excerpt":{"rendered":"<p>PI\u0104TA NIEDZIELA ZWYK\u0141A 1. Dzi\u015b pierwsza niedziela miesi\u0105ca &#8211; po Mszy \u015bw. o godz. 11.30 adoracja i b\u0142ogos\u0142awie\u0144stwo Naj\u015bwi\u0119tszym Sakramentem. 2. W czwartek, we wspomnienie NMP z Lourdes, przypada \u015awiatowy Dzie\u0144 Chorego, ustanowiony przez \u015bw. Jana Paw\u0142a II. Podczas Mszy \u015bw. b\u0119dzie udzielany sakrament chorych dla os\u00f3b starszych i chorych. [&hellip;]<\/p>\n","protected":false},"author":2,"featured_media":191,"comment_status":"open","ping_status":"open","sticky":false,"template":"","format":"standard","meta":{"footnotes":""},"categories":[2],"tags":[],"class_list":["post-262","post","type-post","status-publish","format-standard","has-post-thumbnail","hentry","category-aktualnosci"],"_links":{"self":[{"href":"https:\/\/wspomozycielka-lodz.pl\/index.php?rest_route=\/wp\/v2\/posts\/262","targetHints":{"allow":["GET"]}}],"collection":[{"href":"https:\/\/wspomozycielka-lodz.pl\/index.php?rest_route=\/wp\/v2\/posts"}],"about":[{"href":"https:\/\/wspomozycielka-lodz.pl\/index.php?rest_route=\/wp\/v2\/types\/post"}],"author":[{"embeddable":true,"href":"https:\/\/wspomozycielka-lodz.pl\/index.php?rest_route=\/wp\/v2\/users\/2"}],"replies":[{"embeddable":true,"href":"https:\/\/wspomozycielka-lodz.pl\/index.php?rest_route=%2Fwp%2Fv2%2Fcomments&post=262"}],"version-history":[{"count":1,"href":"https:\/\/wspomozycielka-lodz.pl\/index.php?rest_route=\/wp\/v2\/posts\/262\/revisions"}],"predecessor-version":[{"id":263,"href":"https:\/\/wspomozycielka-lodz.pl\/index.php?rest_route=\/wp\/v2\/posts\/262\/revisions\/263"}],"wp:featuredmedia":[{"embeddable":true,"href":"https:\/\/wspomozycielka-lodz.pl\/index.php?rest_route=\/wp\/v2\/media\/191"}],"wp:attachment":[{"href":"https:\/\/wspomozycielka-lodz.pl\/index.php?rest_route=%2Fwp%2Fv2%2Fmedia&parent=262"}],"wp:term":[{"taxonomy":"category","embeddable":true,"href":"https:\/\/wspomozycielka-lodz.pl\/index.php?rest_route=%2Fwp%2Fv2%2Fcategories&post=262"},{"taxonomy":"post_tag","embeddable":true,"href":"https:\/\/wspomozycielka-lodz.pl\/index.php?rest_route=%2Fwp%2Fv2%2Ftags&post=262"}],"curies":[{"name":"wp","href":"https:\/\/api.w.org\/{rel}","templated":true}]}}