{"id":260,"date":"2021-02-08T00:45:36","date_gmt":"2021-02-07T23:45:36","guid":{"rendered":"http:\/\/wspomozycielka-lodz.pl\/?p=260"},"modified":"2021-02-08T00:45:37","modified_gmt":"2021-02-07T23:45:37","slug":"intencje-mszalne-07-13-02-2021-r","status":"publish","type":"post","link":"https:\/\/wspomozycielka-lodz.pl\/?p=260","title":{"rendered":"INTENCJE MSZALNE (07-13.02.2021 r.)"},"content":{"rendered":"\n<p><strong>INTENCJE MSZALNE<\/strong><\/p>\n\n\n\n<p><strong>7-13.02.2021<\/strong><\/p>\n\n\n\n<p><strong>Niedziela<\/strong><\/p>\n\n\n\n<p>8.30&nbsp;&nbsp;&nbsp; + Wojciech Kowzan, gr. 29<\/p>\n\n\n\n<p>8.30&nbsp;&nbsp;&nbsp; + Gabryela J\u0119drzejczak, gr. 14<\/p>\n\n\n\n<p>8.30&nbsp;&nbsp;&nbsp; + Bernard Siuda<\/p>\n\n\n\n<p>8.30&nbsp;&nbsp;&nbsp; + Piotr D\u0105bkowski, gr. 7<\/p>\n\n\n\n<p>10.00&nbsp; Dzi\u0119kczynno-b\u0142agalna w 87. rocznic\u0119 urodzin Heleny Polus<\/p>\n\n\n\n<p>10.00&nbsp; + Janina i Stanis\u0142aw Zdzinieccy<\/p>\n\n\n\n<p>10.00&nbsp; + Krzysztof Begier (1 rocz. \u015bm.), Danuta Majer (10 rocz. \u015bm.)<\/p>\n\n\n\n<p>11.30&nbsp; Za parafian<\/p>\n\n\n\n<p>11.30&nbsp; W intencji Micha\u0142a w 1. rocznic\u0119 urodzin<\/p>\n\n\n\n<p>18.00&nbsp; + Marcin Ma\u0142ecki, gr. 7<\/p>\n\n\n\n<p><strong>Poniedzia\u0142ek<\/strong><\/p>\n\n\n\n<p>7.30&nbsp;&nbsp;&nbsp; + ks. Tadeusz Bazylczuk<\/p>\n\n\n\n<p>7.30&nbsp;&nbsp;&nbsp; + Gabryela J\u0119drzejczak, gr. 15<\/p>\n\n\n\n<p>7.30&nbsp;&nbsp;&nbsp; + Marcin Ma\u0142ecki, gr. 8<\/p>\n\n\n\n<p>7.30&nbsp;&nbsp;&nbsp; + Piotr D\u0105bkowski, gr. 8<\/p>\n\n\n\n<p>7.30&nbsp;&nbsp;&nbsp; + W\u0142adys\u0142aw Stefaniak, gr. 1<\/p>\n\n\n\n<p>18.00&nbsp; + Wojciech Kowzan, gr. 30<\/p>\n\n\n\n<p>18.00&nbsp; + Aniela Dominowska<\/p>\n\n\n\n<p><strong>Wtorek<\/strong><\/p>\n\n\n\n<p>7.30&nbsp;&nbsp;&nbsp; + Gabryela J\u0119drzejczak, gr. 16<\/p>\n\n\n\n<p>7.30&nbsp;&nbsp;&nbsp; + Marcin Ma\u0142ecki, gr. 9<\/p>\n\n\n\n<p>7.30&nbsp;&nbsp;&nbsp; + Piotr D\u0105bkowski, gr. 9<\/p>\n\n\n\n<p>7.30&nbsp;&nbsp;&nbsp; + W\u0142adys\u0142aw Stefaniak, gr. 2<\/p>\n\n\n\n<p>18.00&nbsp; + J\u00f3zef Wr\u00f3bel i dusze w czy\u015b\u0107cu cierpi\u0105ce<\/p>\n\n\n\n<p>18.00&nbsp; + Franciszka (f) Petrus; Stefan, Jan, Maria Petrus; Franciszka (f) Sroka<\/p>\n\n\n\n<p><strong>\u015aroda<\/strong><\/p>\n\n\n\n<p>7.30&nbsp;&nbsp;&nbsp; + Gabryela J\u0119drzejczak, gr. 17<\/p>\n\n\n\n<p>7.30&nbsp;&nbsp;&nbsp; + Marcin Ma\u0142ecki, gr. 10<\/p>\n\n\n\n<p>7.30&nbsp;&nbsp;&nbsp; + Piotr D\u0105bkowski, gr. 10<\/p>\n\n\n\n<p>7.30&nbsp;&nbsp;&nbsp; + W\u0142adys\u0142aw Stefaniak, gr. 3<\/p>\n\n\n\n<p>18.00&nbsp; O nawr\u00f3cenie i zbawienie Zofii<\/p>\n\n\n\n<p>18.00&nbsp; + Genowefa Widerkiewicz<\/p>\n\n\n\n<p><strong>Czwartek<\/strong><\/p>\n\n\n\n<p>7.30&nbsp;&nbsp;&nbsp; + Gabryela J\u0119drzejczak, gr. 18<\/p>\n\n\n\n<p>7.30&nbsp;&nbsp;&nbsp; + Marcin Ma\u0142ecki, gr. 11<\/p>\n\n\n\n<p>7.30&nbsp;&nbsp;&nbsp; + Piotr D\u0105bkowski, gr. 11<\/p>\n\n\n\n<p>7.30&nbsp;&nbsp;&nbsp; + W\u0142adys\u0142aw Stefaniak, gr. 4<\/p>\n\n\n\n<p>18.00&nbsp; W intencji Sebastiana i Emilii<\/p>\n\n\n\n<p>18.00&nbsp; Za zmar\u0142ych rodzic\u00f3w Zofi\u0119 i Adama, rodze\u0144stwo W\u0142adys\u0142awa, Mieczys\u0142awa i Jana oraz zmar\u0142ych z obydwu stron<\/p>\n\n\n\n<p><strong>Pi\u0105tek<\/strong><\/p>\n\n\n\n<p>7.30&nbsp;&nbsp;&nbsp; + Gabryela J\u0119drzejczak, gr. 19<\/p>\n\n\n\n<p>7.30&nbsp;&nbsp;&nbsp; + Marcin Ma\u0142ecki, gr. 12<\/p>\n\n\n\n<p>7.30&nbsp;&nbsp;&nbsp; + Piotr D\u0105bkowski, gr. 12<\/p>\n\n\n\n<p>18.00&nbsp; W intencji Micha\u0142a i Beaty<\/p>\n\n\n\n<p>18.00&nbsp; + W\u0142adys\u0142aw Stefaniak, gr. 5<\/p>\n\n\n\n<p><strong>Sobota<\/strong><\/p>\n\n\n\n<p>7.30&nbsp;&nbsp;&nbsp; + ks. Tadeusz Bazylczuk<\/p>\n\n\n\n<p>7.30&nbsp;&nbsp;&nbsp; + Gabryela J\u0119drzejczak, gr. 20<\/p>\n\n\n\n<p>7.30&nbsp;&nbsp;&nbsp; + Marcin Ma\u0142ecki, gr. 13<\/p>\n\n\n\n<p>7.30&nbsp;&nbsp;&nbsp; + Piotr D\u0105bkowski, gr. 13<\/p>\n\n\n\n<p>7.30&nbsp;&nbsp;&nbsp; + W\u0142adys\u0142aw Stefaniak, gr. 6<\/p>\n\n\n\n<p>18.00&nbsp; W intencji Jana i Anny<\/p>\n\n\n\n<p>18.00&nbsp; + J\u00f3zef Malczewski (1 rocz. \u015bm.), Mieczys\u0142aw Miru\u0144ski (2 rocz. \u015bm.)<\/p>\n","protected":false},"excerpt":{"rendered":"<p>INTENCJE MSZALNE 7-13.02.2021 Niedziela 8.30&nbsp;&nbsp;&nbsp; + Wojciech Kowzan, gr. 29 8.30&nbsp;&nbsp;&nbsp; + Gabryela J\u0119drzejczak, gr. 14 8.30&nbsp;&nbsp;&nbsp; + Bernard Siuda 8.30&nbsp;&nbsp;&nbsp; + Piotr D\u0105bkowski, gr. 7 10.00&nbsp; Dzi\u0119kczynno-b\u0142agalna w 87. rocznic\u0119 urodzin Heleny Polus 10.00&nbsp; + Janina i Stanis\u0142aw Zdzinieccy 10.00&nbsp; + Krzysztof Begier (1 rocz. \u015bm.), Danuta Majer (10 [&hellip;]<\/p>\n","protected":false},"author":2,"featured_media":195,"comment_status":"open","ping_status":"open","sticky":false,"template":"","format":"standard","meta":{"footnotes":""},"categories":[2],"tags":[],"class_list":["post-260","post","type-post","status-publish","format-standard","has-post-thumbnail","hentry","category-aktualnosci"],"_links":{"self":[{"href":"https:\/\/wspomozycielka-lodz.pl\/index.php?rest_route=\/wp\/v2\/posts\/260","targetHints":{"allow":["GET"]}}],"collection":[{"href":"https:\/\/wspomozycielka-lodz.pl\/index.php?rest_route=\/wp\/v2\/posts"}],"about":[{"href":"https:\/\/wspomozycielka-lodz.pl\/index.php?rest_route=\/wp\/v2\/types\/post"}],"author":[{"embeddable":true,"href":"https:\/\/wspomozycielka-lodz.pl\/index.php?rest_route=\/wp\/v2\/users\/2"}],"replies":[{"embeddable":true,"href":"https:\/\/wspomozycielka-lodz.pl\/index.php?rest_route=%2Fwp%2Fv2%2Fcomments&post=260"}],"version-history":[{"count":1,"href":"https:\/\/wspomozycielka-lodz.pl\/index.php?rest_route=\/wp\/v2\/posts\/260\/revisions"}],"predecessor-version":[{"id":261,"href":"https:\/\/wspomozycielka-lodz.pl\/index.php?rest_route=\/wp\/v2\/posts\/260\/revisions\/261"}],"wp:featuredmedia":[{"embeddable":true,"href":"https:\/\/wspomozycielka-lodz.pl\/index.php?rest_route=\/wp\/v2\/media\/195"}],"wp:attachment":[{"href":"https:\/\/wspomozycielka-lodz.pl\/index.php?rest_route=%2Fwp%2Fv2%2Fmedia&parent=260"}],"wp:term":[{"taxonomy":"category","embeddable":true,"href":"https:\/\/wspomozycielka-lodz.pl\/index.php?rest_route=%2Fwp%2Fv2%2Fcategories&post=260"},{"taxonomy":"post_tag","embeddable":true,"href":"https:\/\/wspomozycielka-lodz.pl\/index.php?rest_route=%2Fwp%2Fv2%2Ftags&post=260"}],"curies":[{"name":"wp","href":"https:\/\/api.w.org\/{rel}","templated":true}]}}