{"id":254,"date":"2021-01-31T09:33:17","date_gmt":"2021-01-31T08:33:17","guid":{"rendered":"http:\/\/wspomozycielka-lodz.pl\/?p=254"},"modified":"2021-01-31T09:33:17","modified_gmt":"2021-01-31T08:33:17","slug":"intencje-mszalne-24-01-01-2021","status":"publish","type":"post","link":"https:\/\/wspomozycielka-lodz.pl\/?p=254","title":{"rendered":"INTENCJE MSZALNE (24-01.01.2021)"},"content":{"rendered":"\n<p><strong>Niedziela<\/strong><\/p>\n\n\n\n<p>8.30&nbsp;&nbsp;&nbsp; O Bo\u017ce b\u0142ogos\u0142awie\u0144stwo, opiek\u0119 Matki Naj\u015bwi\u0119tszej i \u017cycie zgodne z Ewangeli\u0105 dla rodziny<\/p>\n\n\n\n<p>10.00&nbsp; W intencji Roberta z okazji 3 urodzin<\/p>\n\n\n\n<p>10.00&nbsp; + Jan Chochulski (4 rocz. \u015bm.) i zmarli z rodziny Chochulskich i Koz\u0142owskich<\/p>\n\n\n\n<p>10.00&nbsp; + Wojciech Kowzan, gr. 15<\/p>\n\n\n\n<p>11.30&nbsp; W intencji El\u017cbiety z okazji 60 rocznicy urodzin oraz za jej zmar\u0142ego m\u0119\u017ca Janusza O\u0142ubka w 5 rocznic\u0119 \u015bmierci<\/p>\n\n\n\n<p>11.30&nbsp; + ks. Tadeusz Bazylczuk<\/p>\n\n\n\n<p>18.00&nbsp; W intencji cz\u0142onk\u00f3w Sodalicji Maria\u0144skiej: dla \u017cywych o Bo\u017ce b\u0142ogos\u0142awie\u0144stwo i dla zmar\u0142ych o wieczn\u0105 rado\u015b\u0107<\/p>\n\n\n\n<p>18.00&nbsp; Za parafian<\/p>\n\n\n\n<p>18.00&nbsp; + Zofia Pie\u0144kowska<\/p>\n\n\n\n<p><strong>Poniedzia\u0142ek<\/strong><\/p>\n\n\n\n<p>7.30&nbsp;&nbsp;&nbsp; + Gabryela J\u0119drzejczak, gr. 1<\/p>\n\n\n\n<p>18.00&nbsp; + Wojciech Kowzan, gr. 16<\/p>\n\n\n\n<p><strong>Wtorek<\/strong><\/p>\n\n\n\n<p>7.30&nbsp;&nbsp;&nbsp; + Wojciech Kowzan, gr. 17<\/p>\n\n\n\n<p>7.30&nbsp;&nbsp;&nbsp; + Gabryela J\u0119drzejczak, gr. 2<\/p>\n\n\n\n<p>18.00&nbsp; + Marianna Wr\u00f3bel (20 rocz. \u015bm.); Feliks, Jan, J\u00f3zef Wr\u00f3bel; Tadeusz Ska\u0142ban; Andrzej Alwinger; dusze w czy\u015b\u0107cu cierpi\u0105ce<\/p>\n\n\n\n<p><strong>\u015aroda<\/strong><\/p>\n\n\n\n<p>7.30&nbsp;&nbsp;&nbsp; + Wojciech Kowzan, gr. 18<\/p>\n\n\n\n<p>7.30&nbsp;&nbsp;&nbsp; + Gabryela J\u0119drzejczak, gr. 3<\/p>\n\n\n\n<p>18.00&nbsp; + Janina Hauke<\/p>\n\n\n\n<p><strong>Czwartek<\/strong><\/p>\n\n\n\n<p>7.30&nbsp;&nbsp;&nbsp; + ks. Tadeusz Bazylczuk<\/p>\n\n\n\n<p>7.30&nbsp;&nbsp;&nbsp; + Gabryela J\u0119drzejczak, gr. 4<\/p>\n\n\n\n<p>18.00&nbsp; + Czes\u0142awa Linka (1 rocz. \u015bm.)<\/p>\n\n\n\n<p>18.00&nbsp; + Wojciech Kowzan, gr. 19<\/p>\n\n\n\n<p><strong>Pi\u0105tek<\/strong><\/p>\n\n\n\n<p>7.30&nbsp;&nbsp;&nbsp; + Gabryela J\u0119drzejczak, gr. 5<\/p>\n\n\n\n<p>18.00&nbsp; + Wac\u0142awa, Jan, Micha\u0142 Wich\u0142acz<\/p>\n\n\n\n<p>18.00&nbsp; + Wojciech Kowzan, gr. 20<\/p>\n\n\n\n<p><strong>Sobota<\/strong><\/p>\n\n\n\n<p>7.30&nbsp;&nbsp;&nbsp; + Gabryela J\u0119drzejczak, gr. 6<\/p>\n\n\n\n<p>18.00&nbsp; + Wojciech Kowzan, gr. 21<\/p>\n","protected":false},"excerpt":{"rendered":"<p>Niedziela 8.30&nbsp;&nbsp;&nbsp; O Bo\u017ce b\u0142ogos\u0142awie\u0144stwo, opiek\u0119 Matki Naj\u015bwi\u0119tszej i \u017cycie zgodne z Ewangeli\u0105 dla rodziny 10.00&nbsp; W intencji Roberta z okazji 3 urodzin 10.00&nbsp; + Jan Chochulski (4 rocz. \u015bm.) i zmarli z rodziny Chochulskich i Koz\u0142owskich 10.00&nbsp; + Wojciech Kowzan, gr. 15 11.30&nbsp; W intencji El\u017cbiety z okazji 60 [&hellip;]<\/p>\n","protected":false},"author":1,"featured_media":195,"comment_status":"open","ping_status":"open","sticky":false,"template":"","format":"standard","meta":{"footnotes":""},"categories":[2],"tags":[],"class_list":["post-254","post","type-post","status-publish","format-standard","has-post-thumbnail","hentry","category-aktualnosci"],"_links":{"self":[{"href":"https:\/\/wspomozycielka-lodz.pl\/index.php?rest_route=\/wp\/v2\/posts\/254","targetHints":{"allow":["GET"]}}],"collection":[{"href":"https:\/\/wspomozycielka-lodz.pl\/index.php?rest_route=\/wp\/v2\/posts"}],"about":[{"href":"https:\/\/wspomozycielka-lodz.pl\/index.php?rest_route=\/wp\/v2\/types\/post"}],"author":[{"embeddable":true,"href":"https:\/\/wspomozycielka-lodz.pl\/index.php?rest_route=\/wp\/v2\/users\/1"}],"replies":[{"embeddable":true,"href":"https:\/\/wspomozycielka-lodz.pl\/index.php?rest_route=%2Fwp%2Fv2%2Fcomments&post=254"}],"version-history":[{"count":1,"href":"https:\/\/wspomozycielka-lodz.pl\/index.php?rest_route=\/wp\/v2\/posts\/254\/revisions"}],"predecessor-version":[{"id":255,"href":"https:\/\/wspomozycielka-lodz.pl\/index.php?rest_route=\/wp\/v2\/posts\/254\/revisions\/255"}],"wp:featuredmedia":[{"embeddable":true,"href":"https:\/\/wspomozycielka-lodz.pl\/index.php?rest_route=\/wp\/v2\/media\/195"}],"wp:attachment":[{"href":"https:\/\/wspomozycielka-lodz.pl\/index.php?rest_route=%2Fwp%2Fv2%2Fmedia&parent=254"}],"wp:term":[{"taxonomy":"category","embeddable":true,"href":"https:\/\/wspomozycielka-lodz.pl\/index.php?rest_route=%2Fwp%2Fv2%2Fcategories&post=254"},{"taxonomy":"post_tag","embeddable":true,"href":"https:\/\/wspomozycielka-lodz.pl\/index.php?rest_route=%2Fwp%2Fv2%2Ftags&post=254"}],"curies":[{"name":"wp","href":"https:\/\/api.w.org\/{rel}","templated":true}]}}