{"id":245,"date":"2021-01-11T11:23:51","date_gmt":"2021-01-11T10:23:51","guid":{"rendered":"http:\/\/wspomozycielka-lodz.pl\/?p=245"},"modified":"2021-01-11T11:23:51","modified_gmt":"2021-01-11T10:23:51","slug":"sprawozdanie-parafialne-za-rok-2020","status":"publish","type":"post","link":"https:\/\/wspomozycielka-lodz.pl\/?p=245","title":{"rendered":"SPRAWOZDANIE PARAFIALNE ZA ROK 2020"},"content":{"rendered":"\n<p>Cho\u0107 rok 2020 przyni\u00f3s\u0142 pewne zmiany i ograniczenia w funkcjonowaniu parafii, jednak zasadniczo \u017cycie duszpasterskie by\u0142o kontynuowane. W naszym ko\u015bciele nieprzerwanie dokonuje si\u0119 Naj\u015bwi\u0119tsza Ofiara Eucharystii, sprawowany jest sakrament pokuty i pojednania. Co prawda frekwencja na Mszach niedzielnych wynosz\u0105ca ok. 2,5% napawa smutkiem, ale cieszy wierno\u015b\u0107 i gorliwo\u015b\u0107 tych, kt\u00f3rzy stale pragn\u0105 trwa\u0107 w zjednoczeniu z Bogiem. Oczywi\u015bcie w tym roku ju\u017c niejednokrotnie zosta\u0142a udzielona dyspensa ze wzgl\u0119du na epidemi\u0119, niemniej nie trudno zauwa\u017cy\u0107, \u017ce w naszym ko\u015bciele raczej nie ma przeludnienia, wi\u0119c mo\u017cna bez obaw uczestniczy\u0107 w Eucharystii, do czego wszystkich zach\u0119cam obecnych.<\/p>\n\n\n\n<p>W tym roku, 27 wrze\u015bnia, do pierwszej Komunii \u015awi\u0119tej przyst\u0105pi\u0142o 32 dzieci w ramach Komunii parafialnej. Troch\u0119 szkoda, \u017ce dla wi\u0119kszo\u015bci spotkanie z Jezusem eucharystycznym zako\u0144czy\u0142o si\u0119 na tym wydarzeniu. Ponadto w ramach Komunii organizowanych przez nasz\u0105 szko\u0142\u0119 salezja\u0144sk\u0105 27 dzieci przyj\u0119\u0142o ten sakrament po raz pierwszy. Zadbajmy prosz\u0119 o to, \u017ceby \u015bwi\u0105tynie serc dzieci nie pozostawa\u0142y bez tej najwa\u017cniejszej obecno\u015bci i \u017ar\u00f3d\u0142a \u0142aski, jakim jest Chrystus. Przy tej okazji dzi\u0119kuj\u0119 pani katechetce Iwonie Pogoda-Majka, kt\u00f3ra najbardziej by\u0142a zaanga\u017cowana w przygotowanie dzieci do Komunii.<\/p>\n\n\n\n<p>Nie uda\u0142o si\u0119 w tym roku zorganizowa\u0107 bierzmowania; mamy nadziej\u0119, \u017ce w nowym roku m\u0142odzie\u017c b\u0119dzie mog\u0142a zosta\u0107 umocniona tym sakramentem.<\/p>\n\n\n\n<p>Do wsp\u00f3lnoty Ko\u015bcio\u0142a przez sakrament chrztu \u015bwi\u0119tego zosta\u0142o w\u0142\u0105czonych w naszej parafii 24 dzieci. Niech z pomoc\u0105 rodzic\u00f3w i chrzestnych to Bo\u017ce \u017cycie zapocz\u0105tkowane w tym sakramencie rozwija si\u0119 ku dojrza\u0142o\u015bci chrze\u015bcija\u0144skiej.<\/p>\n\n\n\n<p>Na \u015blubnym kobiercu stan\u0119\u0142o w naszej \u015bwi\u0105tyni 7 par. \u017byczymy im, aby wsp\u00f3lnota \u017cycia i mi\u0142o\u015bci umacnia\u0142a si\u0119 ka\u017cdego dnia dzi\u0119ki Bo\u017cej \u0142asce i wsp\u00f3lnemu wysi\u0142kowi ma\u0142\u017conk\u00f3w.<\/p>\n\n\n\n<p>W minionym roku trosk\u0105 duszpastersk\u0105 obj\u0119li\u015bmy 15 chorych z naszej parafii. Je\u015bli s\u0105 w naszych rodzinach chorzy, kt\u00f3rzy potrzebuj\u0105 i pragn\u0105 duchowego wsparcia, prosz\u0119 o zg\u0142aszanie si\u0119 do nas.<\/p>\n\n\n\n<p>W 2020 roku po\u017cegnali\u015bmy wielu naszych bliskich, w sumie do wieczno\u015bci odesz\u0142o 56 os\u00f3b, m.in. dw\u00f3ch naszych wsp\u00f3\u0142braci \u2013 ks. J\u00f3zef Sawicki i ks. Tadeusz Bazylczuk. R\u00f3wnie\u017c w minionym roku po\u017cegnali\u015bmy p. Barbar\u0119 Grec, kt\u00f3ra s\u0142u\u017cy\u0142a nam jako organistka. Troszczmy si\u0119 o modlitewn\u0105 pami\u0119\u0107 o tych, kt\u00f3rzy odeszli. Przypominam, \u017ce w ka\u017cdy pierwszy wtorek miesi\u0105ca odprawiamy wieczorem Msz\u0119 \u015bw. za tych wszystkich zmar\u0142ych, kt\u00f3rych polecali\u015bmy w wypominkach.<\/p>\n\n\n\n<p>Nasza wsp\u00f3lnota parafialna liczy wed\u0142ug Urz\u0119du Skarbowego ok. 6000 os\u00f3b. Prawdopodobnie jednak na terenie parafii mieszka mniej os\u00f3b, gdy\u017c niekt\u00f3re budynki s\u0105 w\u0142a\u015bciwie puste, a niekt\u00f3rzy zameldowani na tym terenie praktycznie tu nie mieszkaj\u0105. W tym roku nie\u0142atwo to zweryfikowa\u0107 cho\u0107by podczas kol\u0119dy, ze wzgl\u0119du na specyficzn\u0105 sytuacj\u0119 epidemiczn\u0105. Niemniej my\u015blimy, aby spotka\u0107 si\u0119 z parafianami na wsp\u00f3lnej modlitwie w ko\u015bciele, a jak b\u0119dzie mo\u017cliwo\u015b\u0107 to r\u00f3wnie\u017c odwiedzi\u0107 w domach. Szczeg\u00f3\u0142owe informacje b\u0119d\u0105 jeszcze podane do wiadomo\u015bci na og\u0142oszeniach parafialnych i na stronie internetowej.<\/p>\n\n\n\n<p>Dzi\u0119kuj\u0119 wszystkim, kt\u00f3rzy przychodz\u0105 do naszej \u015bwi\u0105tyni, aby tutaj modli\u0107 si\u0119, szczeg\u00f3lnie za wstawiennictwem Maryi Wspomo\u017cycielki, a przez to tworz\u0105 aktywnie t\u0119 parafialn\u0105 wsp\u00f3lnot\u0119 wiary. Dzi\u0119kuj\u0119 moim bezpo\u015brednim wsp\u00f3\u0142pracownikom: pani Ewie Pakulskiej, kt\u00f3ra prowadzi sklepik parafialny oraz dba o prezbiterium i wystr\u00f3j ko\u015bcio\u0142a; panu Aleksandrowi B\u0142awatowi, kt\u00f3ry pe\u0142ni funkcj\u0119 ko\u015bcielnego; panu Rados\u0142awowi Kowalczykowi, kt\u00f3ry tu pos\u0142uguje jako organista. Dzi\u0119kuj\u0119 pani Bo\u017cennie Trojanowskiej, zawsze mocno zwi\u0105zanej z nasz\u0105 \u015bwi\u0105tyni\u0105, kt\u00f3ra wspania\u0142omy\u015blnie po\u015bwi\u0119ca sw\u00f3j czas w kancelarii parafialnej. Dzi\u0119kuj\u0119 te\u017c \u015bp. pani Barbarze Grec, kt\u00f3ra do lipca jeszcze przychodzi\u0142a do parafii, oraz panu Janowi Smajdorowi, kt\u00f3ry r\u00f3wnie\u017c s\u0142u\u017cy\u0142 jako organista do ko\u0144ca pa\u017adziernika, ale ze wzgl\u0119du na zdrowie zrezygnowa\u0142 ju\u017c z grania. Dzi\u0119kuj\u0119 r\u00f3wnie\u017c pani Agnieszce Kapczy\u0144skiej, kt\u00f3ra troszczy\u0142a si\u0119 o parafialny zesp\u00f3\u0142 Caritas, jednak w tym momencie musi on by\u0107 czasowo zawieszony ze wzgl\u0119du cho\u0107by na brak pomieszcze\u0144. Niemniej uda\u0142o si\u0119 w tym roku wspom\u00f3c potrzebuj\u0105cych darami, za co szczeg\u00f3lnie dzi\u0119kuj\u0119 nauczycielom, uczniom i rodzicom szko\u0142y salezja\u0144skiej.<\/p>\n\n\n\n<p>W naszej parafii mamy kilka wsp\u00f3lnot modlitewnych i formacyjnych. S\u0105 to: \u017bywy R\u00f3\u017caniec, <a>o kt\u00f3ry troszczy si\u0119 pani <\/a>Lucyna Karos, a opiekunem jest ks. Lucjan D\u0105browski; Stra\u017c Honorowa NSPJ, o kt\u00f3r\u0105 troszczy si\u0119 pani Zofia B\u0142awat; Wieczernik Modlitwy za Kap\u0142an\u00f3w, o kt\u00f3ry troszczy si\u0119 pani Janina Tomaszewska; Sodalicja Maria\u0144ska i parafialne Ko\u0142o Radia Maryja, o kt\u00f3re troszczy si\u0119 pani Janina Rygier. Serdecznie dzi\u0119kuj\u0119 za zaanga\u017cowanie zar\u00f3wno odpowiedzialnym, jak i cz\u0142onkom tych wsp\u00f3lnot. Zach\u0119cam parafian do w\u0142\u0105czenia si\u0119 w te wsp\u00f3lnoty. Jest to wyraz troski o w\u0142asn\u0105 formacj\u0119 duchow\u0105 i rozwijanie dar\u00f3w sakramentalnych.<\/p>\n\n\n\n<p>Szczeg\u00f3ln\u0105 grup\u0105 jest wsp\u00f3lnota Salezjan\u00f3w Wsp\u00f3\u0142pracownik\u00f3w, kt\u00f3ra jest jedn\u0105 z oficjalnych grup Rodziny Salezja\u0144skiej. Koordynatork\u0105 lokalnej wsp\u00f3lnoty na Wodnej jest pani Lucyna Karos. Zach\u0119cam do w\u0142\u0105czenia si\u0119 w to stowarzyszenie, za\u0142o\u017cone jeszcze przez samego Ksi\u0119dza Bosko, aby nasza parafia prawdziwie \u017cy\u0142a duchem salezja\u0144skim.<\/p>\n\n\n\n<p>Dzi\u0119kuj\u0119 serdecznie wszystkim moim wsp\u00f3\u0142braciom ze wsp\u00f3lnoty \u015bw. Barbary na Wodnej, kt\u00f3rzy ch\u0119tnie i gorliwie anga\u017cuj\u0105 si\u0119 w pomoc w parafii. Przypomn\u0119, \u017ce opiekunem ministrant\u00f3w i odpowiedzialnym za przygotowanie do bierzmowania jest ks. Piotr Szlufik, pe\u0142ni\u0105cy te\u017c rol\u0119 kierownika oratorium i katechety na terenie parafii. Dzi\u0119kuj\u0119 mu za t\u0119 pos\u0142ug\u0119. Dzi\u0119kuj\u0119 r\u00f3wnie\u017c ks. Lucjanowi D\u0105browskiemu, kt\u00f3ry najcz\u0119\u015bciej wspomaga proboszcza w duszpasterstwie parafialnym, w ko\u015bciele czy w kancelarii.<\/p>\n\n\n\n<p>Rok 2020 by\u0142 czasem r\u00f3\u017cnych wydarze\u0144 i zmian. Przypomn\u0119 cho\u0107by prymicje naszego wsp\u00f3\u0142brata, ks. Aleksandra Mastalerza, jakie mia\u0142y miejsce w naszym ko\u015bciele w uroczysto\u015b\u0107 Bo\u017cego Cia\u0142a 11 czerwca. W tym roku nast\u0105pi\u0142a zmiana proboszcza. Serdeczne podzi\u0119kowania \u015bl\u0119 ks. Tadeuszowi Niew\u0119g\u0142owskiemu za jego sze\u015bcioletni\u0105 pos\u0142ug\u0119 \u017cyczliw\u0105 i gorliw\u0105, kt\u00f3ra zapisa\u0142a si\u0119 w sercach parafian. Niech B\u00f3g wynagradza mu wszelki trud swoimi darami. Z wdzi\u0119czno\u015bci\u0105 my\u015bl\u0119 te\u017c o ks. Pawle Liborze i ks. Adamie Pasiku, kt\u00f3rzy te\u017c gorliwie anga\u017cowali si\u0119 w naszej parafii.<\/p>\n\n\n\n<p>Od wrze\u015bnia minionego roku mo\u017cna na Wodnej spotka\u0107 uczni\u00f3w nie tylko salezja\u0144skiej podstaw\u00f3wki i liceum, ale te\u017c technikum, gdy\u017c 1 wrze\u015bnia rozpocz\u0119\u0142o dzia\u0142alno\u015b\u0107 Technikum Salezja\u0144skie w ramach salezja\u0144skich szk\u00f3\u0142 Rzemios\u0142, nawi\u0105zuj\u0105c do chlubnej tradycji sprzed niemal ju\u017c 100 lat.<\/p>\n\n\n\n<p>W 2020 roku uda\u0142o si\u0119 odnowi\u0107 nieco kancelari\u0119 parafialn\u0105 oraz powsta\u0142 nowy sklepik, do kt\u00f3rego korzystania zach\u0119cam. Dzi\u0119kuj\u0119 raz jeszcze panu Micha\u0142owi Pieczewskiemu, kt\u00f3ry zrobi\u0142 now\u0105 stron\u0119 internetow\u0105 parafii i j\u0105 administruje. Niech ona powoli si\u0119 rozwija dalej, a mo\u017ce nied\u0142ugo uda si\u0119 te\u017c by\u0107 obecnymi w mediach spo\u0142eczno\u015bciowych.<\/p>\n\n\n\n<p>Serdecznie dzi\u0119kuj\u0119 za wszelkie ofiary sk\u0142adane na tac\u0119, do puszek, do skarbon czy od indywidualnych darczy\u0144c\u00f3w jako wyraz troski o t\u0119 \u015bwi\u0105tyni\u0119 i sprawowany w niej kult oraz potrzeby diecezji, misji i potrzebuj\u0105cych. Wasza ofiarno\u015b\u0107 jest te\u017c wyrazem \u017cywej wiary i mi\u0142o\u015bci do Boga i Ko\u015bcio\u0142a Chrystusowego. Dzi\u0119kuj\u0119 te\u017c za wszelk\u0105 pomoc, jak\u0105 otrzymujemy do Was w r\u00f3\u017cnych momentach, przygotowuj\u0105c si\u0119 cho\u0107by do \u015bwi\u0105t, porz\u0105dkuj\u0105c t\u0119 przestrze\u0144 sakraln\u0105 czy animuj\u0105c liturgi\u0119. Dzi\u0119kuj\u0119 S\u0142u\u017cbie Liturgicznej \u2013 nie jest ona zbyt liczna, wi\u0119c tym bardziej dzi\u0119kuj\u0119 za wierno\u015b\u0107 w s\u0142u\u017cbie przy o\u0142tarzu Chrystusowym.<\/p>\n\n\n\n<p>Zach\u0119cam do trwania w zjednoczeniu z Bogiem i wsp\u00f3lnot\u0105 wierz\u0105cych. Mamy ku temu wiele okazji i mo\u017cliwo\u015bci w naszej \u015bwi\u0105tyni: podczas Mszy \u015bwi\u0119tych, nabo\u017ce\u0144stwa, spotka\u0144 wsp\u00f3lnot parafialnych czy nowenn. Tu warto przypomnie\u0107, \u017ce ka\u017cdego miesi\u0105ca podczas nowenny zanosimy do Boga nasze pro\u015bby przez wstawiennictwo Matki Bo\u017cej Wspomo\u017cycielki wiernych, kt\u00f3ra patronuje tej naszej parafii. \u017byczy\u0142bym ka\u017cdemu takiej ufno\u015bci do Maryi, jak\u0105 mia\u0142 Ksi\u0105dz Bosko, a b\u0119dziemy naprawd\u0119 widzieli, co to s\u0105 cuda.<\/p>\n\n\n\n<p>Czyni\u0105c to sprawozdanie, zawierzam wszystkich parafian, sympatyk\u00f3w naszej \u015bwi\u0105tyni, czcicieli Maryi i przybywaj\u0105cych tu go\u015bci, wstawiennictwu Niepokalanej Wspomo\u017cycielki, wypraszaj\u0105c dla wszystkich Bo\u017ce mi\u0142osierdzie i b\u0142ogos\u0142awie\u0144stwo.<\/p>\n\n\n\n<p>Ks. Przemys\u0142aw Solarski SDB<\/p>\n\n\n\n<p>proboszcz<\/p>\n","protected":false},"excerpt":{"rendered":"<p>Cho\u0107 rok 2020 przyni\u00f3s\u0142 pewne zmiany i ograniczenia w funkcjonowaniu parafii, jednak zasadniczo \u017cycie duszpasterskie by\u0142o kontynuowane. W naszym ko\u015bciele nieprzerwanie dokonuje si\u0119 Naj\u015bwi\u0119tsza Ofiara Eucharystii, sprawowany jest sakrament pokuty i pojednania. Co prawda frekwencja na Mszach niedzielnych wynosz\u0105ca ok. 2,5% napawa smutkiem, ale cieszy wierno\u015b\u0107 i gorliwo\u015b\u0107 tych, kt\u00f3rzy [&hellip;]<\/p>\n","protected":false},"author":1,"featured_media":246,"comment_status":"open","ping_status":"open","sticky":false,"template":"","format":"standard","meta":{"footnotes":""},"categories":[2,4,3],"tags":[],"class_list":["post-245","post","type-post","status-publish","format-standard","has-post-thumbnail","hentry","category-aktualnosci","category-duszpasterstwo","category-parafia"],"_links":{"self":[{"href":"https:\/\/wspomozycielka-lodz.pl\/index.php?rest_route=\/wp\/v2\/posts\/245","targetHints":{"allow":["GET"]}}],"collection":[{"href":"https:\/\/wspomozycielka-lodz.pl\/index.php?rest_route=\/wp\/v2\/posts"}],"about":[{"href":"https:\/\/wspomozycielka-lodz.pl\/index.php?rest_route=\/wp\/v2\/types\/post"}],"author":[{"embeddable":true,"href":"https:\/\/wspomozycielka-lodz.pl\/index.php?rest_route=\/wp\/v2\/users\/1"}],"replies":[{"embeddable":true,"href":"https:\/\/wspomozycielka-lodz.pl\/index.php?rest_route=%2Fwp%2Fv2%2Fcomments&post=245"}],"version-history":[{"count":1,"href":"https:\/\/wspomozycielka-lodz.pl\/index.php?rest_route=\/wp\/v2\/posts\/245\/revisions"}],"predecessor-version":[{"id":247,"href":"https:\/\/wspomozycielka-lodz.pl\/index.php?rest_route=\/wp\/v2\/posts\/245\/revisions\/247"}],"wp:featuredmedia":[{"embeddable":true,"href":"https:\/\/wspomozycielka-lodz.pl\/index.php?rest_route=\/wp\/v2\/media\/246"}],"wp:attachment":[{"href":"https:\/\/wspomozycielka-lodz.pl\/index.php?rest_route=%2Fwp%2Fv2%2Fmedia&parent=245"}],"wp:term":[{"taxonomy":"category","embeddable":true,"href":"https:\/\/wspomozycielka-lodz.pl\/index.php?rest_route=%2Fwp%2Fv2%2Fcategories&post=245"},{"taxonomy":"post_tag","embeddable":true,"href":"https:\/\/wspomozycielka-lodz.pl\/index.php?rest_route=%2Fwp%2Fv2%2Ftags&post=245"}],"curies":[{"name":"wp","href":"https:\/\/api.w.org\/{rel}","templated":true}]}}