{"id":200,"date":"2020-11-14T21:23:26","date_gmt":"2020-11-14T20:23:26","guid":{"rendered":"http:\/\/wspomozycielka-lodz.pl\/?p=200"},"modified":"2020-11-14T21:24:16","modified_gmt":"2020-11-14T20:24:16","slug":"ogloszenia-duszpasterskie-15-11-2020","status":"publish","type":"post","link":"https:\/\/wspomozycielka-lodz.pl\/?p=200","title":{"rendered":"Og\u0142oszenia Duszpasterskie (15.11.2020)"},"content":{"rendered":"\n<p><strong>TRZYDZIESTA TRZECIA NIEDZIELA ZWYK\u0141A (15.11.2020)<\/strong><\/p>\n\n\n\n<p>1. Codziennie przez ca\u0142y listopad o godz. 17.30 modlimy si\u0119 za naszych Zmar\u0142ych polecanych w wypominkach.<\/p>\n\n\n\n<p>2. Dzi\u015b rozpoczynamy nowenn\u0119 do Maryi Wspomo\u017cycielki. Poniewa\u017c w tym miesi\u0105cu b\u0119dzie ona po\u0142\u0105czona z listopadow\u0105 modlitw\u0105 za zmar\u0142ych, dlatego ka\u017cdego dnia do 23 listopada rozpoczyna\u0107 si\u0119 ona b\u0119dzie przed Msz\u0105 wieczorn\u0105 o godz. 17.15. Zach\u0119camy do sk\u0142adania pr\u00f3\u015bb i podzi\u0119kowa\u0144 do naszej Matki \u2013 mo\u017cna je wrzuca\u0107 do du\u017cej skarbony.<\/p>\n\n\n\n<p>3. Jest nowa strona internetowa naszej parafii pod adresem: <em>www.wspomozycielka-lodz.pl<\/em>. Bardzo dzi\u0119kuj\u0119 Panu Micha\u0142owi Pieczewskiemu, kt\u00f3ry sam podj\u0105\u0142 si\u0119 tego zadania, anga\u017cuj\u0105c si\u0119 na rzecz naszej parafii.<\/p>\n\n\n\n<p>4. W sklepiku parafialnym mo\u017cna naby\u0107 ju\u017c \u015bwiece bo\u017conarodzeniowe i op\u0142atki.<\/p>\n\n\n\n<p>4. W duchu chrze\u015bcija\u0144skiej mi\u0142o\u015bci zach\u0119ca si\u0119 wszystkich, kt\u00f3rzy przeszli zaka\u017cenie koronawirusem, do oddawania osocza. Po up\u0142ywie 28 dni od ust\u0105pienia objaw\u00f3w mo\u017cna zg\u0142osi\u0107 si\u0119 telefonicznie do Regionalnego Centrum Krwiodawstwa i Krwiolecznictwa w \u0141odzi(tel. 42 61 61 457), gdzie po zebraniu wywiadu medycznego, b\u0119dzie si\u0119 zakwalifikowanym do oddania osocza, niezale\u017cnie od tego, czy zaka\u017cenie przebiega\u0142o \u0142agodnie czy te\u017c wi\u0105za\u0142o si\u0119 z wyst\u0105pieniem ostrego zespo\u0142u COVID-19.<\/p>\n\n\n\n<p>5. W minionym tygodniu z naszej wsp\u00f3lnoty parafialnej do wieczno\u015bci odeszli: Bogumi\u0142a Dering, lat 66; J\u00f3zef Kokot, lat 69. <em>Wieczny odpoczynek racz im da\u0107, Panie<\/em>&#8230;<\/p>\n","protected":false},"excerpt":{"rendered":"<p>TRZYDZIESTA TRZECIA NIEDZIELA ZWYK\u0141A (15.11.2020) 1. Codziennie przez ca\u0142y listopad o godz. 17.30 modlimy si\u0119 za naszych Zmar\u0142ych polecanych w wypominkach. 2. Dzi\u015b rozpoczynamy nowenn\u0119 do Maryi Wspomo\u017cycielki. Poniewa\u017c w tym miesi\u0105cu b\u0119dzie ona po\u0142\u0105czona z listopadow\u0105 modlitw\u0105 za zmar\u0142ych, dlatego ka\u017cdego dnia do 23 listopada rozpoczyna\u0107 si\u0119 ona b\u0119dzie [&hellip;]<\/p>\n","protected":false},"author":1,"featured_media":191,"comment_status":"open","ping_status":"open","sticky":false,"template":"","format":"standard","meta":{"footnotes":""},"categories":[2],"tags":[],"class_list":["post-200","post","type-post","status-publish","format-standard","has-post-thumbnail","hentry","category-aktualnosci"],"_links":{"self":[{"href":"https:\/\/wspomozycielka-lodz.pl\/index.php?rest_route=\/wp\/v2\/posts\/200","targetHints":{"allow":["GET"]}}],"collection":[{"href":"https:\/\/wspomozycielka-lodz.pl\/index.php?rest_route=\/wp\/v2\/posts"}],"about":[{"href":"https:\/\/wspomozycielka-lodz.pl\/index.php?rest_route=\/wp\/v2\/types\/post"}],"author":[{"embeddable":true,"href":"https:\/\/wspomozycielka-lodz.pl\/index.php?rest_route=\/wp\/v2\/users\/1"}],"replies":[{"embeddable":true,"href":"https:\/\/wspomozycielka-lodz.pl\/index.php?rest_route=%2Fwp%2Fv2%2Fcomments&post=200"}],"version-history":[{"count":1,"href":"https:\/\/wspomozycielka-lodz.pl\/index.php?rest_route=\/wp\/v2\/posts\/200\/revisions"}],"predecessor-version":[{"id":201,"href":"https:\/\/wspomozycielka-lodz.pl\/index.php?rest_route=\/wp\/v2\/posts\/200\/revisions\/201"}],"wp:featuredmedia":[{"embeddable":true,"href":"https:\/\/wspomozycielka-lodz.pl\/index.php?rest_route=\/wp\/v2\/media\/191"}],"wp:attachment":[{"href":"https:\/\/wspomozycielka-lodz.pl\/index.php?rest_route=%2Fwp%2Fv2%2Fmedia&parent=200"}],"wp:term":[{"taxonomy":"category","embeddable":true,"href":"https:\/\/wspomozycielka-lodz.pl\/index.php?rest_route=%2Fwp%2Fv2%2Fcategories&post=200"},{"taxonomy":"post_tag","embeddable":true,"href":"https:\/\/wspomozycielka-lodz.pl\/index.php?rest_route=%2Fwp%2Fv2%2Ftags&post=200"}],"curies":[{"name":"wp","href":"https:\/\/api.w.org\/{rel}","templated":true}]}}